{"id":297397,"date":"2025-08-05T06:05:14","date_gmt":"2025-08-05T06:05:14","guid":{"rendered":"https:\/\/www.europesays.com\/fr\/297397\/"},"modified":"2025-08-05T06:05:14","modified_gmt":"2025-08-05T06:05:14","slug":"les-skateurs-fous-de-republique","status":"publish","type":"post","link":"https:\/\/www.europesays.com\/fr\/297397\/","title":{"rendered":"les skateurs fous de R\u00e9publique"},"content":{"rendered":"<p>            Par<br \/>\n        <strong><br \/>\n            <a href=\"https:\/\/actu.fr\/auteur\/antoine-grotteria02\" title=\"Consulter tous les articles de Antoine Grotteria\" rel=\"nofollow noopener\" target=\"_blank\">Antoine Grotteria<\/a><br \/>\n        <\/strong><\/p>\n<p>        Publi\u00e9 le<\/p>\n<p>            5 ao\u00fbt 2025 \u00e0 7h48        <\/p>\n<p>Sur un banc, cinq skateurs \u00e0 la trentaine bien tass\u00e9e \u00e9changent \u00e0 b\u00e2tons rompus sur les figures les \u00ab\u2009plus modernes\u2009\u00bb. De l\u2019autre c\u00f4t\u00e9, un trio d\u2019adolescents ne d\u00e9croche pas de leur t\u00e9l\u00e9phone. Les prises de vue s\u2019encha\u00eenent. Le but\u2009? Atteindre la \u00ab\u2009perfection\u2009\u00bb. Sans scorie, la vid\u00e9o accrochera plus ais\u00e9ment les jeunes utilisateurs d\u2019Instagram et TikTok. Au milieu de la <a href=\"https:\/\/actu.fr\/ile-de-france\/paris_75056\/legislatives-surprises-place-de-la-republique-la-jeunesse-manifeste-contre-l-extreme-droite_61186995.html\" rel=\"nofollow noopener\" target=\"_blank\">place de la R\u00e9publique<\/a>, dans le centre de <a href=\"https:\/\/actu.fr\/paris\/\" rel=\"nofollow noopener\" target=\"_blank\">Paris<\/a>, la <strong>visibilit\u00e9<\/strong> s\u2019av\u00e8re inh\u00e9rente au lieu. Travailleurs press\u00e9s, touristes, simples curieux\u2026 Ce n\u0153ud de communication attire une <strong>population h\u00e9t\u00e9rog\u00e8ne<\/strong>. Parfois, les passants laissent place aux <a href=\"https:\/\/actu.fr\/ile-de-france\/paris_75056\/legislatives-2024-quelle-est-cette-importante-operation-anti-rn-qui-se-prepare-a-paris_61292947.html\" rel=\"nofollow noopener\" target=\"_blank\">manifestants<\/a>. Anim\u00e9 d\u2019une intense charge sociale et politique, le lieu s\u2019int\u00e8gre dans l\u2019histoire de la R\u00e9publique. Impressionnant\u2009? \u00ab\u2009Honn\u00eatement, je ne calcule pas les gens et je m\u2019en fous un peu du monde\u2009\u00bb, reconna\u00eet sans ambages Jules, 29\u00a0ans. Casquette viss\u00e9e sur le cr\u00e2ne et baggy de circonstance, le quasi trentenaire profite d\u2019un rare moment de r\u00e9pit pour souffler et contempler ses <strong>camarades skateurs<\/strong>, venus en nombre en cet apr\u00e8s-midi de juillet\u00a02025, nonobstant les <a href=\"https:\/\/actu.fr\/societe\/vacances-scolaires-2024-2025-le-calendrier-a-paris-et-en-ile-de-france_60509534.html\" rel=\"nofollow noopener\" target=\"_blank\">vacances scolaires<\/a>.<\/p>\n<p>Une r\u00e9volution commenc\u00e9e en 2016<\/p>\n<p class=\" wall-content\">Surveill\u00e9e par la <a href=\"https:\/\/actu.fr\/ile-de-france\/paris_75056\/paris-comment-la-mairie-veut-proteger-la-statue-de-la-republique-regulierement-taguee-et-degradee_62550724.html\" rel=\"nofollow noopener\" target=\"_blank\">statue de la R\u00e9publique<\/a>, flanqu\u00e9e des trois all\u00e9gories de la devise \u00ab\u2009Libert\u00e9\u2009\u00bb, \u2018\u00ab\u2009Egalit\u00e9\u2009\u00bb et \u00ab\u2009Fraternit\u00e9\u2009\u00bb, une poign\u00e9e d\u2019hommes s\u2019\u00e9vertue \u00e0 placer des mouvements esth\u00e9tiques. Une <strong>anomalie<\/strong> dans un environnement min\u00e9ralis\u00e9 aussi peu propice \u00e0 la pratique du sport. \u00ab\u2009C\u2019est justement ce que j\u2019appr\u00e9cie\u2009\u00bb, explique Erwan, 45\u00a0ans, un ancien \u00ab\u2009puriste\u2009\u00bb de <a href=\"https:\/\/actu.fr\/ile-de-france\/aubervilliers_93001\/on-sacrifie-la-securite-pour-le-fric-a-l-ombre-du-succes-de-l-escalade-a-paris-des-employes-en-souffrance_62495049.html\" rel=\"nofollow noopener\" target=\"_blank\">l\u2019escalade<\/a>.<\/p>\n<blockquote class=\"ac-article-quote wall-content\">\n<p>Ici, chacun peut venir et se confronter \u00e0 l&rsquo;urbanit\u00e9. Ce n&rsquo;est pas clos. Cela bouge tout le temps\u00a0\u00bb<\/p>\n<p>    <strong>Erwan, 45 ans<\/strong><br \/>\n        Skateur    <\/p><\/blockquote>\n<p class=\" wall-content\">En quelques ann\u00e9es, le skate a pris une place <strong>grandissante<\/strong> sur la dalle de la place, \u00e9pousant les changements urbains entrepris par la Ville de Paris. Fini les bagnoles concentr\u00e9es sur le parking. En 2013, la place a \u00e9t\u00e9 totalement <strong>pi\u00e9tonnis\u00e9e<\/strong>. Trois ans plus tard, un <strong>module<\/strong> en forme de rectangle bord\u00e9 de rampes semblable \u00e0 un diamant est devenu le premier \u00e9quipement consacr\u00e9 \u00e0 la planche.<\/p>\n<p class=\" wall-content\">Les murs inclin\u00e9s en b\u00e9ton arm\u00e9 ont rapidement \u00e9t\u00e9 griff\u00e9s de tags, conf\u00e9rant au lieu une <strong>dimension artistique<\/strong>. Les skateurs se sont appropri\u00e9 cette installation. \u00ab\u2009C\u2019est une place centrale, tr\u00e8s bien desservie\u2009\u00bb, remarque Jules. \u00ab\u2009C\u2019est surtout<strong> l\u2019incarnation du Paris populaire<\/strong>, m\u00eame si le quartier a \u00e9t\u00e9 largement gentrifi\u00e9\u2009\u00bb, coupe Erwan, attach\u00e9 \u00e0 l\u2019universalit\u00e9 de la pratique.<\/p>\n<p>    <img   decoding=\"async\" loading=\"lazy\" src=\"https:\/\/www.europesays.com\/fr\/wp-content\/uploads\/2025\/08\/skate-republique-paris-4-960x640.jpg\" alt=\"Torse nu, un skateur s'essaie \u00e0 une figure sur le diamant central de la place de la R\u00e9publique. \" width=\"960\" height=\"640\"\/><br \/>\n    Torse nu, un skateur s\u2019essaie \u00e0 une figure sur le diamant central de la place de la R\u00e9publique. (\u00a9AG\/ actu Paris)Une discipline individuelle mais vectrice de lien social<\/p>\n<p class=\" wall-content\">Pour les puristes, la place de la R\u00e9publique repr\u00e9sente l\u2019incarnation des <strong>id\u00e9aux<\/strong> du skate. \u00ab\u2009C\u2019est un vecteur social. Il y a plein de gens qui viennent essayer, sans planche. Le but, c\u2019est qu\u2019il n\u2019y a pas de but. <strong>Tu trouves un accomplissement personnel avec le collectif<\/strong>\u2009\u00bb, remarque Lancelot, 29\u00a0ans.<\/p>\n<p class=\" wall-content\">Sur les rampes, la <strong>solidarit\u00e9<\/strong> rel\u00e8ve de la n\u00e9cessit\u00e9. Chaque geste est reproduit \u00ab\u2009des centaines de fois\u2009\u00bb avant d\u2019\u00eatre parfaitement ma\u00eetris\u00e9. Et gare aux jugements. \u00ab\u2009On n\u2019aime pas les personnes qui viennent se montrer arrogantes\u2009\u00bb, peste Erwan. Le respect et l\u2019entraide se prolongent \u00e0 ceux qui subissent la place.<\/p>\n<blockquote class=\"ac-article-quote wall-content\">\n<p>\u00ab\u00a0Un SDF vient souvent emprunter nos planches. M\u00eame si \u00e7a dure quelques minutes, c&rsquo;est toujours plaisant de le voir &lsquo;oublier&rsquo; ses probl\u00e8mes\u00a0\u00bb<\/p>\n<p>    <strong>Jules, 29 ans<\/strong><br \/>\n        Skateur    <\/p><\/blockquote>\n<p class=\" wall-content\">Lui-m\u00eame reconna\u00eet s\u2019\u00eatre converti \u00e0 la planche pour \u00ab\u2009\u00e9vacuer des probl\u00e8mes personnels\u2009\u00bb. Pendant deux heures, \u00ab\u2009presque tous les jours\u2009\u00bb, il se fond au milieu de la communaut\u00e9, simplement accompagn\u00e9 par sa planche. \u00ab\u2009Je ressens <strong>une libert\u00e9 totale<\/strong>. Personne ne vient me dire quoi que ce soit de n\u00e9gatif\u2009\u00bb, sourit le jeune homme, assis sur un banc.<\/p>\n<p class=\" wall-content\">Le seul risque auquel il est confront\u00e9 demeure <strong>la blessure<\/strong>. \u00ab\u2009Je me suis d\u00e9j\u00e0 fait mal, mais jamais gravement\u2009\u00bb, explique-t-il. Souvent cat\u00e9goris\u00e9 dans les sports les plus dangereux, le skateboard n\u2019est pourtant pas sur le podium des disciplines accidentog\u00e8nes. Selon une <a href=\"https:\/\/injep.fr\/tableau_bord\/les-chiffres-cles-du-sport-2023-pratiques-sportives-et-sante\/\" rel=\"nofollow noopener\" target=\"_blank\">\u00e9tude<\/a> de l\u2019Institut national de la jeunesse et de l\u2019\u00e9ducation populaire (INJEP), dat\u00e9e de 2020, <strong>6\u2009%<\/strong> des personnes ayant pratiqu\u00e9 le skate au cours de l\u2019ann\u00e9e \u00e9coul\u00e9e d\u00e9claraient s\u2019\u00eatre bless\u00e9es. Un taux pr\u00e8s de <strong>trois inf\u00e9rieurs<\/strong> au <a href=\"https:\/\/actu.fr\/ile-de-france\/bobigny_93008\/de-l-ecole-au-pied-d-immeuble-comment-l-ac-bobigny-93-a-amene-les-jeunes-filles-de-quartier-vers-le-rugby_62577391.html\" rel=\"nofollow noopener\" target=\"_blank\">rugby<\/a> (16\u2009%).<\/p>\n<p>    <img   decoding=\"async\" loading=\"lazy\" src=\"https:\/\/www.europesays.com\/fr\/wp-content\/uploads\/2025\/08\/skate-republique-paris-2-960x640.jpg\" alt=\"Des skateurs sur la place de la R\u00e9publique, en juillet 2025. \" width=\"960\" height=\"640\"\/><br \/>\n    V\u00e9lo, pi\u00e9tons\u2026 Un tissu de mobilit\u00e9s, au sein desquelles se fondent parfaitement les skateurs. (\u00a9AG\/ actu Paris)<\/p>\n<p class=\" wall-content\">Depuis, l\u2019activit\u00e9 n\u2019a cess\u00e9 de se d\u00e9velopper, en \u00e9cho au succ\u00e8s rencontr\u00e9 sur les plateformes sociales. Dans ce contexte, il n\u2019est gu\u00e8re surprenant que le Comit\u00e9 international olympique (CIO) ait valid\u00e9 son int\u00e9gration au registre des<strong> sports officiels<\/strong>. Apr\u00e8s deux \u00e9ditions en guise de ballon d\u2019essai, \u00e0 Tokyo et <a href=\"https:\/\/actu.fr\/tag\/jo-paris-2024\" rel=\"nofollow noopener\" target=\"_blank\">Paris<\/a>, la discipline reviendra de mani\u00e8re p\u00e9renne \u00e0 partir de l\u2019\u00e9dition organis\u00e9e \u00e0 Los Angeles, en 2028.<\/p>\n<p>R\u00e9publique\u2026 Et tant d\u2019autres<\/p>\n<p class=\" wall-content\">Dans la communaut\u00e9 rencontr\u00e9e place de la R\u00e9publique, cette institutionnalisation <strong>divise<\/strong>. \u00ab\u2009Encore une fois, on fait passer un sport dans un cadre, avec des <strong>profits substantiels<\/strong> derri\u00e8re\u2009\u00bb, peste Erwan. \u00ab\u2009Oui, mais \u00e7a nous met aussi en visibilit\u00e9. Il ne faut pas oublier d\u2019o\u00f9 on vient\u2009\u00bb, r\u00e9torque Lancelot.<\/p>\n<p>    <a href=\"https:\/\/email.publihebdos.com\/form?lid=Mqc7o19yVDtMEo2FE8aUtw2\" title=\"Ouvrie le lien\" rel=\"nofollow noopener\" target=\"_blank\">Cliquez ici pour visualiser le contenu<\/a><\/p>\n<p class=\" wall-content\">Aujourd\u2019hui, si le nombre de skateurs se rassemblant dans les \u00e9quipements municipaux hexagonaux est <strong>en hausse<\/strong>, le recensement s\u2019av\u00e8re d\u00e9licat. La F\u00e9d\u00e9ration fran\u00e7aise de roller et de skateboard <a href=\"https:\/\/ffroller-skateboard.fr\/les-disciplines\/skateboard\/\" rel=\"nofollow noopener\" target=\"_blank\">fait \u00e9tat<\/a> de<strong> cinq millions de pratiquants<\/strong>. Une estimation impr\u00e9cise. Reste l\u2019empirisme.<\/p>\n<p class=\" wall-content\">Dans la capitale, la <a href=\"https:\/\/actu.fr\/ile-de-france\/paris_75056\/video-place-la-bastille-ouverte-pietons-bientot-accessible-cyclistes_28924218.html\" rel=\"nofollow noopener\" target=\"_blank\">place de la Bastille<\/a> (4e) et le <a href=\"https:\/\/actu.fr\/ile-de-france\/paris_75056\/d-une-caravane-insalubre-au-palais-de-tokyo-l-incroyable-parcours-de-monsieur-mehdi_60724292.html\" rel=\"nofollow noopener\" target=\"_blank\">palais de Tokyo<\/a> (16e) constituent des terrains de jeu toujours appr\u00e9ci\u00e9s des skateurs. Ces lieux font partie de la petite vingtaine d\u2019espaces publics compos\u00e9s de mobiliers pour les fans de planches, selon le site <a href=\"https:\/\/www.paris.fr\/pages\/ou-faire-du-skate-a-paris-18804\" rel=\"nofollow noopener\" target=\"_blank\">Paris.fr.<\/a> En constante hausse, ce chiffre devrait augmenter dans les prochaines ann\u00e9es. \u00c0 la place de la R\u00e9publique, le bruit des skate n\u2019est pas pr\u00eat de cesser.<\/p>\n<p class=\" wall-content\">Suivez toute l\u2019actualit\u00e9 de vos villes et m\u00e9dias favoris en vous inscrivant \u00e0 <a href=\"https:\/\/moncompte.actu.fr\" title=\"D\u00e9couvez Mon Actu\" rel=\"nofollow noopener\" data-trk=\"{&quot;cta&quot;:{&quot;action&quot;:&quot;https:\\\/\\\/moncompte.actu.fr&quot;,&quot;category&quot;:&quot;mon compte&quot;,&quot;from&quot;:&quot;article footer&quot;,&quot;name&quot;:&quot;Mon actu&quot;,&quot;type&quot;:&quot;cta&quot;}}\" target=\"_blank\">Mon Actu<\/a>.<\/p>\n","protected":false},"excerpt":{"rendered":"Par Antoine Grotteria Publi\u00e9 le 5 ao\u00fbt 2025 \u00e0 7h48 Sur un banc, cinq skateurs \u00e0 la trentaine&hellip;\n","protected":false},"author":2,"featured_media":297398,"comment_status":"","ping_status":"","sticky":false,"template":"","format":"standard","meta":{"footnotes":""},"categories":[1888],"tags":[1111,1928,11,1927,1777,674,1011,27,7941,2381,12,1926,626,1925,25,60,1352],"class_list":{"0":"post-297397","1":"post","2":"type-post","3":"status-publish","4":"format-standard","5":"has-post-thumbnail","7":"category-paris","8":"tag-actu","9":"tag-actu-paris","10":"tag-actualites","11":"tag-actualites-paris","12":"tag-eu","13":"tag-europe","14":"tag-fr","15":"tag-france","16":"tag-jo-paris-2024","17":"tag-mairie-de-paris","18":"tag-news","19":"tag-news-paris","20":"tag-paris","21":"tag-paris-news","22":"tag-republique-francaise","23":"tag-sports","24":"tag-urbanisme"},"share_on_mastodon":{"url":"https:\/\/pubeurope.com\/@fr\/114974656326645393","error":""},"_links":{"self":[{"href":"https:\/\/www.europesays.com\/fr\/wp-json\/wp\/v2\/posts\/297397","targetHints":{"allow":["GET"]}}],"collection":[{"href":"https:\/\/www.europesays.com\/fr\/wp-json\/wp\/v2\/posts"}],"about":[{"href":"https:\/\/www.europesays.com\/fr\/wp-json\/wp\/v2\/types\/post"}],"author":[{"embeddable":true,"href":"https:\/\/www.europesays.com\/fr\/wp-json\/wp\/v2\/users\/2"}],"replies":[{"embeddable":true,"href":"https:\/\/www.europesays.com\/fr\/wp-json\/wp\/v2\/comments?post=297397"}],"version-history":[{"count":0,"href":"https:\/\/www.europesays.com\/fr\/wp-json\/wp\/v2\/posts\/297397\/revisions"}],"wp:featuredmedia":[{"embeddable":true,"href":"https:\/\/www.europesays.com\/fr\/wp-json\/wp\/v2\/media\/297398"}],"wp:attachment":[{"href":"https:\/\/www.europesays.com\/fr\/wp-json\/wp\/v2\/media?parent=297397"}],"wp:term":[{"taxonomy":"category","embeddable":true,"href":"https:\/\/www.europesays.com\/fr\/wp-json\/wp\/v2\/categories?post=297397"},{"taxonomy":"post_tag","embeddable":true,"href":"https:\/\/www.europesays.com\/fr\/wp-json\/wp\/v2\/tags?post=297397"}],"curies":[{"name":"wp","href":"https:\/\/api.w.org\/{rel}","templated":true}]}}