{"id":297403,"date":"2025-08-05T06:08:18","date_gmt":"2025-08-05T06:08:18","guid":{"rendered":"https:\/\/www.europesays.com\/fr\/297403\/"},"modified":"2025-08-05T06:08:18","modified_gmt":"2025-08-05T06:08:18","slug":"les-valeurs-a-suivre-a-paris-et-en-europe-actualise-05-08-2025-a-0745","status":"publish","type":"post","link":"https:\/\/www.europesays.com\/fr\/297403\/","title":{"rendered":"Les valeurs \u00e0 suivre \u00e0 Paris et en Europe (actualis\u00e9) &#8211; 05\/08\/2025 \u00e0 07:45"},"content":{"rendered":"<p>\n (Actualis\u00e9 avec OC Oerlikon, Aurubis, Fresenius Medical Care,<br \/>\nDHL, Fraport, Infineon, Eutelsat)\n<\/p>\n<p>\n *\n<\/p>\n<p>\n Variation des futures sur indice CAC 40  0#FCE:\n<\/p>\n<p>\n *\n<\/p>\n<p>\n Variation des futures sur indice Stoxx 600  0#FXXP:\n<\/p>\n<p>\n *\n<\/p>\n<p>\n Valeurs qui se traitent ex-dividende  .EX.PA\n<\/p>\n<p>\n *\n<\/p>\n<p>\n Le point sur les march\u00e9s europ\u00e9ens  .EUFR\n<\/p>\n<p>\n Les valeurs \u00e0 suivre mardi \u00e0<br \/>\nla Bourse de Paris et en Europe :\n<\/p>\n<p>\n * EUTELSAT<br \/>\n <a href=\"https:\/\/www.boursorama.com\/cours\/1rPETL\/\" rel=\"nofollow noopener\" target=\"_blank\"><br \/>\n  ETL.PA<br \/>\n <\/a><br \/>\n a fait \u00e9tat mardi d&rsquo;un chiffre<br \/>\nd&rsquo;affaires et d&rsquo;un Ebitda ajust\u00e9 annuels sup\u00e9rieurs aux attentes<br \/>\ndes analystes, la forte demande pour son activit\u00e9 LEO ayant<br \/>\ncompens\u00e9 une baisse dans le GEO, mais le groupe fran\u00e7ais de<br \/>\nsatellites a fait preuve de prudence quant \u00e0 ses perspectives<br \/>\npour 2025-26.\n<\/p>\n<p>\n * VINCI<br \/>\n <a href=\"https:\/\/www.boursorama.com\/cours\/1rPDG\/\" rel=\"nofollow noopener\" target=\"_blank\"><br \/>\n  SGEF.PA<br \/>\n <\/a><br \/>\n a annonc\u00e9 lundi avoir remport\u00e9 un contrat<br \/>\npour une usine de biocarburants en Espagne.\n<\/p>\n<p>\n * OC OERLIKON<br \/>\n <a href=\"https:\/\/www.boursorama.com\/cours\/2aOERL\/\" rel=\"nofollow noopener\" target=\"_blank\"><br \/>\n  OERL.S<br \/>\n <\/a><br \/>\n a revu \u00e0 la baisse mardi ses<br \/>\npr\u00e9visions pour l&rsquo;ensemble de l&rsquo;ann\u00e9e, invoquant la faiblesse de<br \/>\nla demande industrielle et l&rsquo;impact croissant des droits de<br \/>\ndouane am\u00e9ricains sur l&rsquo;\u00e9conomie.\n<\/p>\n<p>\n * FRESENIUS MEDICAL CARE<br \/>\n <a href=\"https:\/\/www.boursorama.com\/cours\/1zFME\/\" rel=\"nofollow noopener\" target=\"_blank\"><br \/>\n  FMEG.DE<br \/>\n <\/a><br \/>\n a publi\u00e9 mardi des<br \/>\nr\u00e9sultats trimestriels inf\u00e9rieurs aux attentes des march\u00e9s,<br \/>\ninvoquant une mortalit\u00e9 \u00e9lev\u00e9e parmi les patients am\u00e9ricains et<br \/>\nun nombre accru de traitements manqu\u00e9s en raison d&rsquo;une saison<br \/>\ngrippale s\u00e9v\u00e8re au cours des premiers mois de l&rsquo;ann\u00e9e.\n<\/p>\n<p>\n * AURUBIS<br \/>\n <a href=\"https:\/\/www.boursorama.com\/cours\/1zNDA\/\" rel=\"nofollow noopener\" target=\"_blank\"><br \/>\n  NAFG.DE<br \/>\n <\/a><br \/>\n a annonc\u00e9 mardi un b\u00e9n\u00e9fice net pour les<br \/>\nneuf premiers mois de son exercice 2024-2025 sup\u00e9rieur aux<br \/>\nattentes, gr\u00e2ce \u00e0 la contribution accrue de l&rsquo;acide sulfurique,<br \/>\ndes produits \u00e0 base de cuivre et des m\u00e9taux pr\u00e9cieux.\n<\/p>\n<p>\n * ADECCO<br \/>\n <a href=\"https:\/\/www.boursorama.com\/cours\/2aADEN\/\" rel=\"nofollow noopener\" target=\"_blank\"><br \/>\n  ADEN.S<br \/>\n <\/a><br \/>\n a publi\u00e9 mardi des r\u00e9sultats meilleurs que<br \/>\npr\u00e9vu pour le deuxi\u00e8me trimestre et a d\u00e9clar\u00e9 que la \u00ab\u00a0dynamique<br \/>\npositive\u00a0\u00bb se poursuivait, devenant ainsi la derni\u00e8re entreprise<br \/>\nde recrutement \u00e0 signaler les premiers signes d&rsquo;une am\u00e9lioration<br \/>\ndu climat sur le march\u00e9 de l&#8217;emploi.\n<\/p>\n<p>\n *  DHL<br \/>\n <a href=\"https:\/\/www.boursorama.com\/cours\/1zDHL\/\" rel=\"nofollow noopener\" target=\"_blank\"><br \/>\n  DHLn.DE<br \/>\n <\/a><br \/>\n a annonc\u00e9 mardi un b\u00e9n\u00e9fice d&rsquo;exploitation<br \/>\nsup\u00e9rieur aux pr\u00e9visions pour le deuxi\u00e8me trimestre, gr\u00e2ce \u00e0 une<br \/>\ndiscipline stricte en mati\u00e8re de co\u00fbts qui lui a permis de<br \/>\nsurmonter les difficult\u00e9s li\u00e9es aux taux de change et au<br \/>\nralentissement des volumes commerciaux.\n<\/p>\n<p>\n * FRAPORT<br \/>\n <a href=\"https:\/\/www.boursorama.com\/cours\/1zFRA\/\" rel=\"nofollow noopener\" target=\"_blank\"><br \/>\n  FRAG.DE<br \/>\n <\/a><br \/>\n a annonc\u00e9 mardi une chute de 38,7% de<br \/>\nson b\u00e9n\u00e9fice net au premier semestre, p\u00e9nalis\u00e9e par des effets<br \/>\nexceptionnels li\u00e9s \u00e0 l&rsquo;ann\u00e9e pr\u00e9c\u00e9dente.\n<\/p>\n<p>\n * INFINEON<br \/>\n <a href=\"https:\/\/www.boursorama.com\/cours\/1zIFX\/\" rel=\"nofollow noopener\" target=\"_blank\"><br \/>\n  IFXGn.DE<br \/>\n <\/a><br \/>\n a l\u00e9g\u00e8rement relev\u00e9 mardi ses<br \/>\npr\u00e9visions annuelles concernant la marge op\u00e9rationnelle de son<br \/>\nsegment apr\u00e8s avoir publi\u00e9 des r\u00e9sultats trimestriels sup\u00e9rieurs<br \/>\naux pr\u00e9visions de la soci\u00e9t\u00e9.\n<\/p>\n<p>\n * CONTINENTAL<br \/>\n <a href=\"https:\/\/www.boursorama.com\/cours\/1zCON\/\" rel=\"nofollow noopener\" target=\"_blank\"><br \/>\n  CONG.DE<br \/>\n <\/a><br \/>\n a annonc\u00e9 mardi une marge<br \/>\nb\u00e9n\u00e9ficiaire l\u00e9g\u00e8rement inf\u00e9rieure aux pr\u00e9visions pour son<br \/>\nactivit\u00e9 principale, les pneumatiques, en raison de difficult\u00e9s<br \/>\nli\u00e9es aux droits de douane am\u00e9ricains et aux taux de change.\n<\/p>\n<p>\n L&rsquo;AGENDA FRANCE &amp; INTERNATIONAL \u00c0 7 JOURS:<\/p>\n<p> nL8N3TT2D8\n<\/p>\n<p>\n (R\u00e9dig\u00e9 par Claude Chendjou et Mara V\u00eelcu, \u00e9dit\u00e9 par Augustin<br \/>\nTurpin)<\/p>\n","protected":false},"excerpt":{"rendered":"(Actualis\u00e9 avec OC Oerlikon, Aurubis, Fresenius Medical Care, DHL, Fraport, Infineon, Eutelsat) * Variation des futures sur indice&hellip;\n","protected":false},"author":2,"featured_media":64038,"comment_status":"","ping_status":"","sticky":false,"template":"","format":"standard","meta":{"footnotes":""},"categories":[1888],"tags":[400,11,398,408,405,1777,674,1011,27,403,402,399,404,12,626,25,401,406,407],"class_list":{"0":"post-297403","1":"post","2":"type-post","3":"status-publish","4":"format-standard","5":"has-post-thumbnail","7":"category-paris","8":"tag-action-cac-40","9":"tag-actualites","10":"tag-bourse-de-paris","11":"tag-boursorama","12":"tag-cotations","13":"tag-eu","14":"tag-europe","15":"tag-fr","16":"tag-france","17":"tag-indices-devises","18":"tag-investir","19":"tag-investissement","20":"tag-marche-boursier","21":"tag-news","22":"tag-paris","23":"tag-republique-francaise","24":"tag-sicav","25":"tag-trackers","26":"tag-warrants"},"share_on_mastodon":{"url":"https:\/\/pubeurope.com\/@fr\/114974667886160311","error":""},"_links":{"self":[{"href":"https:\/\/www.europesays.com\/fr\/wp-json\/wp\/v2\/posts\/297403","targetHints":{"allow":["GET"]}}],"collection":[{"href":"https:\/\/www.europesays.com\/fr\/wp-json\/wp\/v2\/posts"}],"about":[{"href":"https:\/\/www.europesays.com\/fr\/wp-json\/wp\/v2\/types\/post"}],"author":[{"embeddable":true,"href":"https:\/\/www.europesays.com\/fr\/wp-json\/wp\/v2\/users\/2"}],"replies":[{"embeddable":true,"href":"https:\/\/www.europesays.com\/fr\/wp-json\/wp\/v2\/comments?post=297403"}],"version-history":[{"count":0,"href":"https:\/\/www.europesays.com\/fr\/wp-json\/wp\/v2\/posts\/297403\/revisions"}],"wp:featuredmedia":[{"embeddable":true,"href":"https:\/\/www.europesays.com\/fr\/wp-json\/wp\/v2\/media\/64038"}],"wp:attachment":[{"href":"https:\/\/www.europesays.com\/fr\/wp-json\/wp\/v2\/media?parent=297403"}],"wp:term":[{"taxonomy":"category","embeddable":true,"href":"https:\/\/www.europesays.com\/fr\/wp-json\/wp\/v2\/categories?post=297403"},{"taxonomy":"post_tag","embeddable":true,"href":"https:\/\/www.europesays.com\/fr\/wp-json\/wp\/v2\/tags?post=297403"}],"curies":[{"name":"wp","href":"https:\/\/api.w.org\/{rel}","templated":true}]}}