{"id":297406,"date":"2025-08-05T06:10:12","date_gmt":"2025-08-05T06:10:12","guid":{"rendered":"https:\/\/www.europesays.com\/fr\/297406\/"},"modified":"2025-08-05T06:10:12","modified_gmt":"2025-08-05T06:10:12","slug":"ukraine-russie-une-guerre-dusure-qui-ne-profite-a-aucun-des-deux-belligerants","status":"publish","type":"post","link":"https:\/\/www.europesays.com\/fr\/297406\/","title":{"rendered":"\u00abUkraine-Russie, une guerre d\u2019usure qui ne profite \u00e0 aucun des deux bellig\u00e9rants\u00bb"},"content":{"rendered":"<p><strong>CHRONIQUE &#8211;<\/strong> Les deux pays \u00e9tant dans l\u2019incapacit\u00e9 de pr\u00e9parer une offensive d\u2019envergure b\u00e9n\u00e9ficiant de l\u2019effet de surprise, l\u2019Ukraine et la Russie continuent \u00e0 s\u2019affaiblir mutuellement, sans qu\u2019aucune issue politique n\u2019apparaisse \u00e0 l\u2019horizon.<\/p>\n<p class=\"fig-paragraph\">La guerre d\u2019Ukraine n\u2019a \u00e9t\u00e9 une guerre de mouvement qu\u2019\u00e0 ses d\u00e9buts &#8211; invasion russe de f\u00e9vrier-mars 2022, perc\u00e9e ukrainienne sur<a href=\"http:\/\/www.lefigaro.fr\/international\/dans-l-enfer-du-cimetiere-improvise-d-izyoum-ou-des-centaines-d-ukrainiens-sont-enterrees-le-recit-de-l-envoyee-speciale-du-figaro-20220918\" data-fig-type=\"Article\" data-gtm-custom-categorie=\"navigation\" data-gtm-custom-action=\"crossclick\" data-gtm-custom-label=\"Contextuel\" data-gtm-event=\"customEventSPE\" data-fig-domain=\"LEFIGARO\" rel=\"nofollow noopener\" target=\"_blank\">\u00a0Izyoum de septembre 2022<\/a>. Aujourd\u2019hui, c\u2019est une guerre d\u2019usure, o\u00f9 la ligne de front ne change jamais que tr\u00e8s lentement et ponctuellement, une guerre de tranch\u00e9es qui se fait \u00e0 coups de drones.<\/p>\n<p class=\"fig-paragraph\">Il y a bien eu, \u00e0 l\u2019\u00e9t\u00e9 2023, une vaste contre-offensive de l\u2019arm\u00e9e ukrainienne, nouvellement \u00e9quip\u00e9e de mat\u00e9riel europ\u00e9en. Mais, arr\u00eat\u00e9e par la solidit\u00e9 de la ligne de d\u00e9fense Sourovikine, elle a \u00e9chou\u00e9. Depuis, les Russes ont repris l\u2019initiative, mais leurs avanc\u00e9es s\u2019assimilent \u00e0 du grignotage territorial, non \u00e0 des victoires strat\u00e9giques.<\/p>\n<p class=\"fig-body-link\">\n            \u00c0 lire aussi<br \/>\n        <a class=\"fig-body-link__link fig-premium-mark\" href=\"http:\/\/www.lefigaro.fr\/vox\/monde\/renaud-girard-la-capitulation-economique-de-l-ue-face-a-trump-20250728\" data-fig-type=\"Article\" data-gtm-custom-categorie=\"navigation\" data-gtm-custom-action=\"crossclick\" data-gtm-custom-label=\"Contextuel\" data-gtm-event=\"customEventSPE\" data-fig-domain=\"LEFIGARO\" rel=\"nofollow noopener\" target=\"_blank\">Renaud Girard\u00a0: \u00abLa capitulation \u00e9conomique de l\u2019UE face \u00e0 Trump\u00bb<br \/>\n    <\/a>\n<\/p>\n<p class=\"fig-paragraph\">En raison de l\u2019omnipr\u00e9sence et de l\u2019instantan\u00e9it\u00e9 du renseignement &#8211; qu\u2019il r\u00e9sulte des satellites ou des drones d\u2019observation -, il est impossible pour l\u2019un et l\u2019autre des bellig\u00e9rants de pr\u00e9parer une offensive d\u2019envergure b\u00e9n\u00e9ficiant de l\u2019effet de surprise. Cette guerre entre cousins slaves orthodoxes ne conna\u00eetra donc pas de victoire\u2026<\/p>\n<p class=\"fig-premium-paywall__infos\">\n        Cet article est r\u00e9serv\u00e9 aux abonn\u00e9s.        Il vous reste 81% \u00e0 d\u00e9couvrir.\n    <\/p>\n<p>                <img  data- alt=\"Le Figaro\" class=\"fig-img--complete fig-img\"\/><\/p>\n<p class=\"fig-premium-paywall__title\">Vous avez envie de lire la suite ?<\/p>\n<p class=\"fig-premium-paywall__subtitle\">D\u00e9bloquez tous les articles imm\u00e9diatement.<\/p>\n<p class=\"fig-premium-paywall__connect\">\n                D\u00e9j\u00e0 abonn\u00e9\u00a0?                <a class=\"fig-premium-paywall__connect-link\" href=\"https:\/\/connect.lefigaro.fr\/login?client=horizon_web&amp;type=main&amp;redirect_uri=https%3A%2F%2Fwww.lefigaro.fr%2Fvox%2Fmonde%2Frenaud-girard-ukraine-russie-une-guerre-d-usure-qui-ne-profite-a-aucun-des-deux-belligerants-20250805\" data-js-gtm=\"{&quot;customCategorie&quot;: &quot;conversion&quot;, &quot;customAction&quot;: &quot;before_Landing_Connexion_paywall_auto&quot;, &quot;customLabel&quot;: &quot;bGVmaWdhcm8uZnJfXzFmMDcxNDkwLWM5YzYtNmQyNC1hZmUwLWI3ZGU4ZWM1YWU5MV9fQXJ0aWNsZQ==_Renaud Girard: \u00abUkraine-Russie, une guerre d\u2019usure qui ne profite \u00e0 aucun des deux bellig\u00e9rants\u00bb_331&quot;, &quot;customIDSPE&quot;: &quot;bGVmaWdhcm8uZnJfXzFmMDcxNDkwLWM5YzYtNmQyNC1hZmUwLWI3ZGU4ZWM1YWU5MV9fQXJ0aWNsZQ==&quot;, &quot;event&quot;: &quot;customEventSPE&quot;}\" rel=\"nofollow noopener\" target=\"_blank\"><br \/>\n                    Connectez-vous<br \/>\n                <\/a>\n            <\/p>\n","protected":false},"excerpt":{"rendered":"CHRONIQUE &#8211; Les deux pays \u00e9tant dans l\u2019incapacit\u00e9 de pr\u00e9parer une offensive d\u2019envergure b\u00e9n\u00e9ficiant de l\u2019effet de surprise,&hellip;\n","protected":false},"author":2,"featured_media":297407,"comment_status":"","ping_status":"","sticky":false,"template":"","format":"standard","meta":{"footnotes":""},"categories":[1590],"tags":[11,1777,674,131,12,132,220],"class_list":{"0":"post-297406","1":"post","2":"type-post","3":"status-publish","4":"format-standard","5":"has-post-thumbnail","7":"category-ukraine","8":"tag-actualites","9":"tag-eu","10":"tag-europe","11":"tag-guerre-en-ukraine","12":"tag-news","13":"tag-russie","14":"tag-ukraine"},"share_on_mastodon":{"url":"https:\/\/pubeurope.com\/@fr\/114974675667110616","error":""},"_links":{"self":[{"href":"https:\/\/www.europesays.com\/fr\/wp-json\/wp\/v2\/posts\/297406","targetHints":{"allow":["GET"]}}],"collection":[{"href":"https:\/\/www.europesays.com\/fr\/wp-json\/wp\/v2\/posts"}],"about":[{"href":"https:\/\/www.europesays.com\/fr\/wp-json\/wp\/v2\/types\/post"}],"author":[{"embeddable":true,"href":"https:\/\/www.europesays.com\/fr\/wp-json\/wp\/v2\/users\/2"}],"replies":[{"embeddable":true,"href":"https:\/\/www.europesays.com\/fr\/wp-json\/wp\/v2\/comments?post=297406"}],"version-history":[{"count":0,"href":"https:\/\/www.europesays.com\/fr\/wp-json\/wp\/v2\/posts\/297406\/revisions"}],"wp:featuredmedia":[{"embeddable":true,"href":"https:\/\/www.europesays.com\/fr\/wp-json\/wp\/v2\/media\/297407"}],"wp:attachment":[{"href":"https:\/\/www.europesays.com\/fr\/wp-json\/wp\/v2\/media?parent=297406"}],"wp:term":[{"taxonomy":"category","embeddable":true,"href":"https:\/\/www.europesays.com\/fr\/wp-json\/wp\/v2\/categories?post=297406"},{"taxonomy":"post_tag","embeddable":true,"href":"https:\/\/www.europesays.com\/fr\/wp-json\/wp\/v2\/tags?post=297406"}],"curies":[{"name":"wp","href":"https:\/\/api.w.org\/{rel}","templated":true}]}}