{"id":297408,"date":"2025-08-05T06:11:11","date_gmt":"2025-08-05T06:11:11","guid":{"rendered":"https:\/\/www.europesays.com\/fr\/297408\/"},"modified":"2025-08-05T06:11:11","modified_gmt":"2025-08-05T06:11:11","slug":"aux-etats-unis-le-retour-calcule-de-kamala-harris","status":"publish","type":"post","link":"https:\/\/www.europesays.com\/fr\/297408\/","title":{"rendered":"Aux Etats-Unis, le retour calcul\u00e9 de Kamala Harris"},"content":{"rendered":"<p>                         <img loading=\"lazy\" decoding=\"async\" src=\"https:\/\/www.europesays.com\/fr\/wp-content\/uploads\/2025\/08\/ef0eb0c_upload-1-kzzxi3fn9si1-000-44693j8.jpg\" alt=\"Kamala Harris, \u00e0 San Francisco (Californie), le 30\u00a0avril 2025.  \"   width=\"664\" height=\"443\"\/>    Kamala Harris, \u00e0 San Francisco (Californie), le 30\u00a0avril 2025.  CAMILLE COHEN\/AFP                 <\/p>\n<p class=\"article__paragraph  \">Six mois apr\u00e8s avoir quitt\u00e9 Washington pour laisser la place \u00e0 son adversaire de l\u2019\u00e9lection pr\u00e9sidentielle, Donald Trump, Kamala Harris est sortie de son silence. Dans un calendrier marketing bien orchestr\u00e9, l\u2019ancienne vice-pr\u00e9sidente a montr\u00e9 qu\u2019elle entend rester sur la sc\u00e8ne politique nationale sans tout \u00e0 fait r\u00e9pondre \u00e0 la question qui occupe le camp d\u00e9mocrate\u00a0: sera-t-elle de nouveau candidate \u00e0 la Maison Blanche en\u00a02028\u00a0?<\/p>\n<p class=\"article__paragraph  \">Kamala Harris a annonc\u00e9 mercredi 30\u00a0juillet qu\u2019elle ne briguerait pas le poste de gouverneur de Californie \u00e0 la fin du mandat de l\u2019actuel titulaire du poste, Gavin Newsom, qui ne peut pas se repr\u00e9senter en\u00a02026. L\u2019intention lui en avait \u00e9t\u00e9 pr\u00eat\u00e9e par ceux qui, dans le parti, ne souhaitent pas particuli\u00e8rement assister \u00e0 l\u2019\u00e9ventuelle nouvelle campagne nationale d\u2019une candidate qui a perdu de pr\u00e8s de 2,3\u00a0millions de voix devant Trump et n\u2019a pas fait le plein des votes des minorit\u00e9s. \u00ab\u00a0J\u2019aime cet Etat, j\u2019aime ses habitants et la promesse qu\u2019il porte\u00a0\u00bb, explique l\u2019ex-vice pr\u00e9sidente dans un communiqu\u00e9.  Mais \u00ab\u00a0pour l\u2019instant, mon engagement au service du public ne passera pas par un mandat \u00e9lectif\u00a0\u00bb.<\/p>\n<p class=\"reading-mode-only \"><strong>Il vous reste 78.01% de cet article \u00e0 lire. La suite est r\u00e9serv\u00e9e aux abonn\u00e9s.<\/strong><\/p>\n","protected":false},"excerpt":{"rendered":"Kamala Harris, \u00e0 San Francisco (Californie), le 30\u00a0avril 2025. CAMILLE COHEN\/AFP Six mois apr\u00e8s avoir quitt\u00e9 Washington pour&hellip;\n","protected":false},"author":2,"featured_media":297409,"comment_status":"","ping_status":"","sticky":false,"template":"","format":"standard","meta":{"footnotes":""},"categories":[1589],"tags":[11,73,1866,12,1864,1865,1863,308],"class_list":{"0":"post-297408","1":"post","2":"type-post","3":"status-publish","4":"format-standard","5":"has-post-thumbnail","7":"category-etats-unis","8":"tag-actualites","9":"tag-etats-unis","10":"tag-etats-unis-damerique","11":"tag-news","12":"tag-united-states","13":"tag-united-states-of-america","14":"tag-us","15":"tag-usa"},"share_on_mastodon":{"url":"https:\/\/pubeurope.com\/@fr\/114974679635364533","error":""},"_links":{"self":[{"href":"https:\/\/www.europesays.com\/fr\/wp-json\/wp\/v2\/posts\/297408","targetHints":{"allow":["GET"]}}],"collection":[{"href":"https:\/\/www.europesays.com\/fr\/wp-json\/wp\/v2\/posts"}],"about":[{"href":"https:\/\/www.europesays.com\/fr\/wp-json\/wp\/v2\/types\/post"}],"author":[{"embeddable":true,"href":"https:\/\/www.europesays.com\/fr\/wp-json\/wp\/v2\/users\/2"}],"replies":[{"embeddable":true,"href":"https:\/\/www.europesays.com\/fr\/wp-json\/wp\/v2\/comments?post=297408"}],"version-history":[{"count":0,"href":"https:\/\/www.europesays.com\/fr\/wp-json\/wp\/v2\/posts\/297408\/revisions"}],"wp:featuredmedia":[{"embeddable":true,"href":"https:\/\/www.europesays.com\/fr\/wp-json\/wp\/v2\/media\/297409"}],"wp:attachment":[{"href":"https:\/\/www.europesays.com\/fr\/wp-json\/wp\/v2\/media?parent=297408"}],"wp:term":[{"taxonomy":"category","embeddable":true,"href":"https:\/\/www.europesays.com\/fr\/wp-json\/wp\/v2\/categories?post=297408"},{"taxonomy":"post_tag","embeddable":true,"href":"https:\/\/www.europesays.com\/fr\/wp-json\/wp\/v2\/tags?post=297408"}],"curies":[{"name":"wp","href":"https:\/\/api.w.org\/{rel}","templated":true}]}}