{"id":297412,"date":"2025-08-05T06:13:09","date_gmt":"2025-08-05T06:13:09","guid":{"rendered":"https:\/\/www.europesays.com\/fr\/297412\/"},"modified":"2025-08-05T06:13:09","modified_gmt":"2025-08-05T06:13:09","slug":"royaume-extremiste-des-sympathisants-identifies-au-luxembourg","status":"publish","type":"post","link":"https:\/\/www.europesays.com\/fr\/297412\/","title":{"rendered":"\u00abRoyaume\u00bb extr\u00e9miste : des sympathisants identifi\u00e9s au Luxembourg"},"content":{"rendered":"<p>Des sympathisants du K\u00f6nigreich Deutschland, mouvement d\u2019extr\u00eame droite interdit en Allemagne, ont \u00e9t\u00e9 identifi\u00e9s au Luxembourg. Le gouvernement se veut rassurant mais reste vigilant.<\/p>\n<p class=\"text\">Le d\u00e9put\u00e9 Meris Sehovic (d\u00e9i gr\u00e9ng) s\u2019est interrog\u00e9 sur des liens potentiels entre le Luxembourg et le K\u00f6nigreich Deutschland (\u00abRoyaume d\u2019Allemagne\u00bb). Cette organisation, interdite depuis 2024 outre-Moselle, fait partie de la mouvance Reichsb\u00fcrgertum, qui rejette la l\u00e9gitimit\u00e9 de l\u2019\u00c9tat f\u00e9d\u00e9ral allemand et s\u2019inscrit dans une id\u00e9ologie d\u2019extr\u00eame droite.<\/p>\n<p class=\"text\">Le gouvernement confirme que des r\u00e9sidents luxembourgeois, soutenant l\u2019organisation, ont \u00e9t\u00e9 \u00abidentifi\u00e9s\u00bb.<\/p>\n<p class=\"text\">Ils affirment vivre dans un \u00c9tat monarchique imaginaire. Ils sont connus pour des id\u00e9es conspirationnistes, antis\u00e9mites et racistes. Les \u00abReichsb\u00fcrger\u00bb (\u00abcitoyens du Reich\u00bb) occupent les autorit\u00e9s allemandes depuis de longues ann\u00e9es.<\/p>\n<p class=\"text\">Des organisations membres de cette mouvance sont \u00e9galement mises en relation avec des menaces terroristes. Plusieurs proc\u00e8s, portant notamment sur des projets de coups d\u2019\u00c9tat, ont \u00e9t\u00e9 ou sont toujours men\u00e9s dans diff\u00e9rentes villes d\u2019Allemagne.<\/p>\n<p class=\"text\">Meris Sehovic se r\u00e9f\u00e8re \u00e0 des recherches de l\u2019\u00e9mission t\u00e9l\u00e9vis\u00e9e MDR Investigativ, qui ont d\u00e9montr\u00e9 que le r\u00e9seau du K\u00f6nigreich Deutschland s\u2019\u00e9tend au-del\u00e0 des fronti\u00e8res allemandes.<\/p>\n<p class=\"text\">Interpell\u00e9s \u00e0 ce sujet, le Premier ministre, Luc Frieden, et le ministre des Affaires int\u00e9rieures, L\u00e9on Gloden, confirment que \u00abdes individus en lien avec le K\u00f6nigreich Deutschland ou d\u2019autres groupes Reichsb\u00fcrger ont \u00e9t\u00e9 identifi\u00e9s sur le territoire luxembourgeois dans le pass\u00e9\u00bb. Il s\u2019agirait d\u2019un \u00abtr\u00e8s petit\u00bb nombre de personnes.<\/p>\n<p class=\"text\">Les autorit\u00e9s luxembourgeoises continuent \u00e0 travailler avec leurs homologues allemands. Pour l\u2019instant, aucun indice ne laisse conclure \u00e0 une possible menace que repr\u00e9senteraient des sympathisants de cette mouvance pour le Grand-Duch\u00e9.<\/p>\n","protected":false},"excerpt":{"rendered":"Des sympathisants du K\u00f6nigreich Deutschland, mouvement d\u2019extr\u00eame droite interdit en Allemagne, ont \u00e9t\u00e9 identifi\u00e9s au Luxembourg. Le gouvernement&hellip;\n","protected":false},"author":2,"featured_media":297413,"comment_status":"","ping_status":"","sticky":false,"template":"","format":"standard","meta":{"footnotes":""},"categories":[1587],"tags":[11,672,1804,1805,1803,1777,674,1801,12,1802],"class_list":{"0":"post-297412","1":"post","2":"type-post","3":"status-publish","4":"format-standard","5":"has-post-thumbnail","7":"category-allemagne","8":"tag-actualites","9":"tag-allemagne","10":"tag-bundesrepublik-deutschland","11":"tag-de","12":"tag-deutschland","13":"tag-eu","14":"tag-europe","15":"tag-germany","16":"tag-news","17":"tag-republique-federale-dallemagne"},"share_on_mastodon":{"url":"https:\/\/pubeurope.com\/@fr\/114974687496099299","error":""},"_links":{"self":[{"href":"https:\/\/www.europesays.com\/fr\/wp-json\/wp\/v2\/posts\/297412","targetHints":{"allow":["GET"]}}],"collection":[{"href":"https:\/\/www.europesays.com\/fr\/wp-json\/wp\/v2\/posts"}],"about":[{"href":"https:\/\/www.europesays.com\/fr\/wp-json\/wp\/v2\/types\/post"}],"author":[{"embeddable":true,"href":"https:\/\/www.europesays.com\/fr\/wp-json\/wp\/v2\/users\/2"}],"replies":[{"embeddable":true,"href":"https:\/\/www.europesays.com\/fr\/wp-json\/wp\/v2\/comments?post=297412"}],"version-history":[{"count":0,"href":"https:\/\/www.europesays.com\/fr\/wp-json\/wp\/v2\/posts\/297412\/revisions"}],"wp:featuredmedia":[{"embeddable":true,"href":"https:\/\/www.europesays.com\/fr\/wp-json\/wp\/v2\/media\/297413"}],"wp:attachment":[{"href":"https:\/\/www.europesays.com\/fr\/wp-json\/wp\/v2\/media?parent=297412"}],"wp:term":[{"taxonomy":"category","embeddable":true,"href":"https:\/\/www.europesays.com\/fr\/wp-json\/wp\/v2\/categories?post=297412"},{"taxonomy":"post_tag","embeddable":true,"href":"https:\/\/www.europesays.com\/fr\/wp-json\/wp\/v2\/tags?post=297412"}],"curies":[{"name":"wp","href":"https:\/\/api.w.org\/{rel}","templated":true}]}}