{"id":297416,"date":"2025-08-05T06:15:11","date_gmt":"2025-08-05T06:15:11","guid":{"rendered":"https:\/\/www.europesays.com\/fr\/297416\/"},"modified":"2025-08-05T06:15:11","modified_gmt":"2025-08-05T06:15:11","slug":"le-monde-qui-bouge-linterview-la-relation-chine-ue-dans-limpasse","status":"publish","type":"post","link":"https:\/\/www.europesays.com\/fr\/297416\/","title":{"rendered":"Le monde qui bouge &#8211; L&rsquo;Interview : La relation Chine-UE dans l\u2019impasse"},"content":{"rendered":"<p>\u00c9ric Allouche, directeur ex\u00e9cutif du r\u00e9seau ERA Immobilier, \u00e9tait l&rsquo;invit\u00e9 de Erwan Morice dans Good Morning Business, ce mardi 5 ao\u00fbt. Il s&rsquo;est pench\u00e9 sur l&rsquo;\u00e9tat du secteur immobilier \u00e0 l&rsquo;heure o\u00f9 les taux de cr\u00e9dit ne baissent plus, sur BFM Business. Retrouvez l&rsquo;\u00e9mission du lundi au vendredi et r\u00e9\u00e9coutez la en podcast.<\/p>\n<p>Ce lundi 4 ao\u00fbt, Gaspard Estrada, politologue et membre de l&rsquo;unit\u00e9 Sud Global \u00e0 la London School of Economics, Fran\u00e7ois Marciano, directeur g\u00e9n\u00e9ral de Duralex, et Marc Tempelman, co-fondateur de Cashbee, \u00e9taient les invit\u00e9s dans l&rsquo;\u00e9mission Good Morning Business sur BFM Business. Retrouvez l&rsquo;\u00e9mission du lundi au vendredi et r\u00e9\u00e9coutez la en podcast.<\/p>\n<p>Ce lundi 4 ao\u00fbt, la nomination de Jeanine Piro, une figure embl\u00e9matique de la t\u00e9l\u00e9vision am\u00e9ricaine, au poste de procureure par int\u00e9rim de Washington, a \u00e9t\u00e9 abord\u00e9e par Caroline Loyer dans sa chronique, dans l&rsquo;\u00e9mission Good Morning Business, pr\u00e9sent\u00e9e par Erwan Morice, sur BFM Business. Retrouvez l&rsquo;\u00e9mission du lundi au vendredi et r\u00e9\u00e9coutez la en podcast.<\/p>\n<p>Marc Tempelman, co-fondateur de Cashbee, \u00e9tait l&rsquo;invit\u00e9 d&rsquo;Erwan Morice dans French Tech, ce lundi 4 ao\u00fbt. Il est revenu sur l&rsquo;offre de gestion priv\u00e9e lanc\u00e9e par sa fintech sp\u00e9cialis\u00e9e dans l&rsquo;investissement, dans Good Morning Business. Retrouvez l&rsquo;\u00e9mission du lundi au vendredi et r\u00e9\u00e9coutez la en podcast.<\/p>\n<p>Fran\u00e7ois Marciano, directeur g\u00e9n\u00e9ral de Duralex, \u00e9tait l&rsquo;invit\u00e9 d&rsquo;Erwan Morice dans Good Morning Business, ce lundi 4 ao\u00fbt. Ils sont revenus sur le bilan de la marque un an apr\u00e8s sa reprise gr\u00e2ce \u00e0 la cr\u00e9ation d&rsquo;une Soci\u00e9t\u00e9 coop\u00e9rative et participative, et sur leurs nouveaux d\u00e9fis pour 2026, sur BFM Business. Retrouvez l&rsquo;\u00e9mission du lundi au vendredi et r\u00e9\u00e9coutez la en podcast.<\/p>\n<p>Ce lundi 4 ao\u00fbt, Gaspard Estrada, politologue et membre de l&rsquo;unit\u00e9 Sud Global \u00e0 la London School of Economics, \u00e9tait l&rsquo;invit\u00e9 de Caroline Loyer dans Le monde qui bouge &#8211; L&rsquo;Interview, de l&rsquo;\u00e9mission Good Morning Business, pr\u00e9sent\u00e9e par Erwan Morice. Ils sont revenus sur le Salvador qui vient de r\u00e9former sa constitution et permet ainsi au pr\u00e9sident Nayib Bukele de se repr\u00e9senter ind\u00e9finiment. Retrouvez l&rsquo;\u00e9mission du lundi au vendredi et r\u00e9\u00e9coutez la en podcast.<\/p>\n<p>Ce vendredi 1er ao\u00fbt, David Rigoulet-Roze, chercheur associ\u00e9 \u00e0 l&rsquo;Iris, Marc Rochet, pr\u00e9sident d&rsquo;A\u00e9rogestion, et Gr\u00e9gory Trebaol, fondateur du groupe Rebirth, \u00e9taient les invit\u00e9s dans l&rsquo;\u00e9mission Good Morning Business sur BFM Business. Retrouvez l&rsquo;\u00e9mission du lundi au vendredi et r\u00e9\u00e9coutez la en podcast.<\/p>\n<p>Ce vendredi 1er ao\u00fbt, la r\u00e9action du Br\u00e9sil face \u00e0 la guerre commerciale lanc\u00e9e par Donald Trump a \u00e9t\u00e9 abord\u00e9e par Erwan Morice dans sa chronique, dans l&rsquo;\u00e9mission Good Morning Business, pr\u00e9sent\u00e9e par Erwan Morice, sur BFM Business. Retrouvez l&rsquo;\u00e9mission du lundi au vendredi et r\u00e9\u00e9coutez la en podcast.<\/p>\n<p>Gr\u00e9gory Trebaol, fondateur du groupe Rebirth, \u00e9tait l&rsquo;invit\u00e9 d&rsquo;Erwan Morice dans French Tech, ce vendredi 1er ao\u00fbt. Il parle de la reprise des v\u00e9los Angell par son entreprise, dans Good Morning Business. Retrouvez l&rsquo;\u00e9mission du lundi au vendredi et r\u00e9\u00e9coutez la en podcast.<\/p>\n","protected":false},"excerpt":{"rendered":"\u00c9ric Allouche, directeur ex\u00e9cutif du r\u00e9seau ERA Immobilier, \u00e9tait l&rsquo;invit\u00e9 de Erwan Morice dans Good Morning Business, ce&hellip;\n","protected":false},"author":2,"featured_media":43274,"comment_status":"","ping_status":"","sticky":false,"template":"","format":"standard","meta":{"footnotes":""},"categories":[1586],"tags":[11,1777,674,1779,1011,27,12,25,1778,364],"class_list":{"0":"post-297416","1":"post","2":"type-post","3":"status-publish","4":"format-standard","5":"has-post-thumbnail","7":"category-europe","8":"tag-actualites","9":"tag-eu","10":"tag-europe","11":"tag-european-union","12":"tag-fr","13":"tag-france","14":"tag-news","15":"tag-republique-francaise","16":"tag-ue","17":"tag-union-europeenne"},"share_on_mastodon":{"url":"https:\/\/pubeurope.com\/@fr\/114974695422980297","error":""},"_links":{"self":[{"href":"https:\/\/www.europesays.com\/fr\/wp-json\/wp\/v2\/posts\/297416","targetHints":{"allow":["GET"]}}],"collection":[{"href":"https:\/\/www.europesays.com\/fr\/wp-json\/wp\/v2\/posts"}],"about":[{"href":"https:\/\/www.europesays.com\/fr\/wp-json\/wp\/v2\/types\/post"}],"author":[{"embeddable":true,"href":"https:\/\/www.europesays.com\/fr\/wp-json\/wp\/v2\/users\/2"}],"replies":[{"embeddable":true,"href":"https:\/\/www.europesays.com\/fr\/wp-json\/wp\/v2\/comments?post=297416"}],"version-history":[{"count":0,"href":"https:\/\/www.europesays.com\/fr\/wp-json\/wp\/v2\/posts\/297416\/revisions"}],"wp:featuredmedia":[{"embeddable":true,"href":"https:\/\/www.europesays.com\/fr\/wp-json\/wp\/v2\/media\/43274"}],"wp:attachment":[{"href":"https:\/\/www.europesays.com\/fr\/wp-json\/wp\/v2\/media?parent=297416"}],"wp:term":[{"taxonomy":"category","embeddable":true,"href":"https:\/\/www.europesays.com\/fr\/wp-json\/wp\/v2\/categories?post=297416"},{"taxonomy":"post_tag","embeddable":true,"href":"https:\/\/www.europesays.com\/fr\/wp-json\/wp\/v2\/tags?post=297416"}],"curies":[{"name":"wp","href":"https:\/\/api.w.org\/{rel}","templated":true}]}}