{"id":297417,"date":"2025-08-05T06:16:21","date_gmt":"2025-08-05T06:16:21","guid":{"rendered":"https:\/\/www.europesays.com\/fr\/297417\/"},"modified":"2025-08-05T06:16:21","modified_gmt":"2025-08-05T06:16:21","slug":"autorise-a-reamenager-sa-dette-altice-france-va-pouvoir-se-pencher-sur-lavenir-de-sfr-liberation","status":"publish","type":"post","link":"https:\/\/www.europesays.com\/fr\/297417\/","title":{"rendered":"Autoris\u00e9 \u00e0 r\u00e9am\u00e9nager sa dette, Altice France va pouvoir se pencher sur l\u2019avenir de SFR \u2013 Lib\u00e9ration"},"content":{"rendered":"<p class=\"sc-ksZaOG ehjQrN text-element\">Fin de la saison 1 d\u2019une s\u00e9rie qui pourrait s\u2019intituler \u00abLe t\u00e9l\u00e9phone sonne toujours deux fois\u00bb. Le sc\u00e9nario mettait sous tension depuis plusieurs mois avocats, administrateurs judiciaires, banquiers, tous au chevet de SFR pour \u00e9viter que le montant de son ardoise financi\u00e8re ne conduise le num\u00e9ro deux fran\u00e7ais des t\u00e9l\u00e9coms <a href=\"https:\/\/www.liberation.fr\/economie\/altice-france-et-sfr-sappretent-a-entrer-en-procedure-de-sauvegarde-acceleree-20250521_AFFZBB7WTVEUNM7JFQ6NCBVUPQ\/\" target=\"_blank\" rel=\"nofollow noopener\" title=\"https:\/\/www.liberation.fr\/economie\/altice-france-et-sfr-sappretent-a-entrer-en-procedure-de-sauvegarde-acceleree-20250521_AFFZBB7WTVEUNM7JFQ6NCBVUPQ\/\">\u00e0 une situation de cessation de paiements<\/a>, et donc de d\u00e9p\u00f4t de bilan. Ce lundi 4 ao\u00fbt, le tribunal des affaires \u00e9conomiques (ex-tribunal de commerce) de Paris en a donc sign\u00e9 l\u2019\u00e9pilogue. Les juges ont valid\u00e9 <a href=\"https:\/\/www.liberation.fr\/economie\/le-succes-de-la-negociation-ou-la-fin-de-lhistoire-altice-la-maison-mere-de-sfr-dans-lattente-dune-decision-de-justice-cruciale-20250804_36AHABICQNFK3IV6SX3A7SQJEY\/\" target=\"_blank\" rel=\"nofollow noopener\" title=\"https:\/\/www.liberation.fr\/economie\/le-succes-de-la-negociation-ou-la-fin-de-lhistoire-altice-la-maison-mere-de-sfr-dans-lattente-dune-decision-de-justice-cruciale-20250804_36AHABICQNFK3IV6SX3A7SQJEY\/\">le plan de restructuration de la dette de l\u2019op\u00e9rateur t\u00e9l\u00e9coms<\/a>, qui passe de 24,8 milliards d\u2019euros \u00e0 15,5 milliards. L\u2019accord pr\u00e9voit l\u2019effacement de plus 9 milliards dus aux <\/p>\n","protected":false},"excerpt":{"rendered":"Fin de la saison 1 d\u2019une s\u00e9rie qui pourrait s\u2019intituler \u00abLe t\u00e9l\u00e9phone sonne toujours deux fois\u00bb. Le sc\u00e9nario&hellip;\n","protected":false},"author":2,"featured_media":297418,"comment_status":"","ping_status":"","sticky":false,"template":"","format":"standard","meta":{"footnotes":""},"categories":[2],"tags":[11,1011,27,12,25,740],"class_list":{"0":"post-297417","1":"post","2":"type-post","3":"status-publish","4":"format-standard","5":"has-post-thumbnail","7":"category-actualites","8":"tag-actualites","9":"tag-fr","10":"tag-france","11":"tag-news","12":"tag-republique-francaise","13":"tag-sfr"},"share_on_mastodon":{"url":"https:\/\/pubeurope.com\/@fr\/114974699301908646","error":""},"_links":{"self":[{"href":"https:\/\/www.europesays.com\/fr\/wp-json\/wp\/v2\/posts\/297417","targetHints":{"allow":["GET"]}}],"collection":[{"href":"https:\/\/www.europesays.com\/fr\/wp-json\/wp\/v2\/posts"}],"about":[{"href":"https:\/\/www.europesays.com\/fr\/wp-json\/wp\/v2\/types\/post"}],"author":[{"embeddable":true,"href":"https:\/\/www.europesays.com\/fr\/wp-json\/wp\/v2\/users\/2"}],"replies":[{"embeddable":true,"href":"https:\/\/www.europesays.com\/fr\/wp-json\/wp\/v2\/comments?post=297417"}],"version-history":[{"count":0,"href":"https:\/\/www.europesays.com\/fr\/wp-json\/wp\/v2\/posts\/297417\/revisions"}],"wp:featuredmedia":[{"embeddable":true,"href":"https:\/\/www.europesays.com\/fr\/wp-json\/wp\/v2\/media\/297418"}],"wp:attachment":[{"href":"https:\/\/www.europesays.com\/fr\/wp-json\/wp\/v2\/media?parent=297417"}],"wp:term":[{"taxonomy":"category","embeddable":true,"href":"https:\/\/www.europesays.com\/fr\/wp-json\/wp\/v2\/categories?post=297417"},{"taxonomy":"post_tag","embeddable":true,"href":"https:\/\/www.europesays.com\/fr\/wp-json\/wp\/v2\/tags?post=297417"}],"curies":[{"name":"wp","href":"https:\/\/api.w.org\/{rel}","templated":true}]}}