{"id":297423,"date":"2025-08-05T06:19:17","date_gmt":"2025-08-05T06:19:17","guid":{"rendered":"https:\/\/www.europesays.com\/fr\/297423\/"},"modified":"2025-08-05T06:19:17","modified_gmt":"2025-08-05T06:19:17","slug":"pourquoi-mcilroy-ne-sera-pas-la-pour-la-premiere-etape-des-playoffs","status":"publish","type":"post","link":"https:\/\/www.europesays.com\/fr\/297423\/","title":{"rendered":"Pourquoi McIlroy ne sera pas l\u00e0 pour la premi\u00e8re \u00e9tape des playoffs"},"content":{"rendered":"<p>\t\t\t\t\t\t<img width=\"770\" height=\"556\" src=\"https:\/\/www.europesays.com\/fr\/wp-content\/uploads\/2025\/06\/afp__20250526__2215589273__v3__highres__2025pgachampionshiproundthree-770x556.jpg\" class=\"img-responsive wp-post-image\" alt=\"Photo by Alex Slitz \/ GETTY IMAGES NORTH AMERICA \/ Getty Images via AFP\" decoding=\"async\" fetchpriority=\"high\"  \/>\t\t\t\t\t<\/p>\n<p>\t\t\t\t\t\t Partager cet article <\/p>\n<p class=\"screen-reader-text juiz_sps_maybe_hidden_text\">Partager la publication \u00ab\u00a0Pourquoi McIlroy ne sera pas l\u00e0 pour la premi\u00e8re \u00e9tape des playoffs\u00a0\u00bb<\/p>\n<p><strong>Le moment le plus haletant de la saison s\u2019appr\u00eate \u00e0 d\u00e9marrer sur le PGA Tour, avec les playoffs de la F<\/strong><strong>edexCup, sans un invit\u00e9 de marque, le num\u00e9ro 2 mondial Rory McIlroy\u2026<\/strong><\/p>\n<p>\u00a0<\/p>\n<p>\u00a0<\/p>\n<p>Le<strong> PGA Tour<\/strong> a publi\u00e9 vendredi dernier la liste des engag\u00e9s pour le premier tournoi des playoffs de la Fedex Cup \u00e0 Memphis, le <strong>Fedex St. Jude Championship<\/strong>, dot\u00e9 de 20 millions de dollars, et le nom de <strong>Rory McIlroy<\/strong> n\u2019y figurait pas.<\/p>\n<p>La d\u00e9cision du Nord-Irlandais, a surpris une nouvelle fois, tant ces absences se font de plus en plus r\u00e9currentes cette saison. Le vainqueur du <strong>Masters<\/strong> avait d\u00e9j\u00e0 fait part de son d\u00e9sir d\u2019all\u00e9ger son emploi du temps en ne participant pas \u00e0 ce tournoi. Mais il s\u2019appr\u00eate \u00e0 manquer un 4e tournoi d\u2019envergure cette saison.<\/p>\n<p>Actuellement deuxi\u00e8me au classement g\u00e9n\u00e9ral derri\u00e8re <strong>Scottie Scheffler<\/strong> avec 1 400 points\u00a0 de retard sur l\u2019Am\u00e9ricain, McIlroy est d\u00e9j\u00e0 assur\u00e9 d\u2019\u00eatre qualifi\u00e9 pour le <strong>BMW Championship<\/strong>, r\u00e9serv\u00e9 aux 50 meilleurs joueurs du classement de la FedEx Cup, la semaine d\u2019apr\u00e8s.<\/p>\n<p>Il pourrait m\u00eame se qualifier pour le <strong>Tour Championship<\/strong> \u00e0 <strong>East Lake,<\/strong> m\u00eame s\u2019il ne participe pas au BMW Championship.<\/p>\n<p>\t\t\t\t\t<a id=\"181417\" href=\"https:\/\/cabotbordeaux.com\/fr\/booking\/training-golf\" target=\"_blank\" rel=\"sponsorised noopener\"><img decoding=\"async\" src=\"data:image\/svg+xml,%3Csvg%20xmlns=\" http:=\"\" class=\"img-responsive\" alt=\"\" data-lazy-src=\"https:\/\/www.europesays.com\/fr\/wp-content\/uploads\/2025\/08\/cabot-e04-stage-septembre-1170x275-1.gif\"\/><\/a><br \/>\nPourquoi Rory ne joue-t-il pas le St. Jude Championship ?<\/p>\n<p>\nC\u2019est la quatri\u00e8me fois cette ann\u00e9e que McIlroy fait l\u2019impasse sur l\u2019un des \u00e9v\u00e9nements phares du circuit. Ayant d\u00e9j\u00e0\u00a0d\u00e9cid\u00e9 de faire l\u2019impasse sur <strong>The Sentry<\/strong> \u00e0 Hawa\u00ef en janvier, m\u00eame s\u2019il est de tradition de voir le quintuple vainqueur en majeur d\u00e9marrer sa saison au Moyen-Orient.<\/p>\n<p>Il a \u00e9galement fait l\u2019impasse sur le <strong>RBC Heritage<\/strong> en avril, mais l\u00e0 encore, il convient de souligner que ce tournoi se d\u00e9roulait une semaine apr\u00e8s le plus grand accomplissement de sa carri\u00e8re, le grand chelem personnel lors du Masters.<\/p>\n<p>La plus grande surprise est venue de sa d\u00e9cision <a href=\"https:\/\/www.golfplanete.com\/actualites\/labsence-de-rory-mcilroy-du-memorial-tournament-interroge-matthieu-pavon-au-depart-du-7e-signature-event-de-la-saison\/#:~:text=McIlroy%20est%20le%20seul%20joueur,du%205%20au%208%20juin.\" target=\"_blank\" rel=\"noopener\">de renoncer au <strong>Memorial Tournament<\/strong> <\/a>dans l\u2019Ohio, organis\u00e9 par <strong>Jack Nicklaus<\/strong>. Le Golden Bear a admis qu\u2019il \u00e9tait perplexe quant au choix de McIlroy et qu\u2019il n\u2019avait m\u00eame pas \u00e9t\u00e9 pr\u00e9venu en personne par l\u2019int\u00e9ress\u00e9.<\/p>\n<p>Pour donner une vraie explication math\u00e9matiques, McIlroy n\u2019a pas besoin de jouer cette semaine. Il compte 859 points d\u2019avance sur <strong>Sepp Straka<\/strong> avant le FedEx St. Jude Championship et, avec 2 000 points pour le vainqueur et 980 pour le second, il ne peut pas descendre plus bas que la quatri\u00e8me place m\u00eame s\u2019il n\u2019y participe pas.<\/p>\n<p>Une d\u00e9cision dure \u00e0 avaler\u00a0<\/p>\n<p>Au d\u00e9part, les membres du PGA Tour devaient obligatoirement participer \u00e0 tous ces fameux tournois exclusifs. McIlroy se montrant tr\u00e8s loquace sur le sujet, soulignant que la cr\u00e8me de la cr\u00e8me du PGA Tour devrait jouer l\u2019ensemble des tournois pour tenir t\u00eate au <strong>LIV Golf<\/strong>.<\/p>\n<p>Pour surmonter leurs d\u00e9ceptions, les organisateurs, le sponsor principal et les fans peuvent simpement se dire qu\u2019il faut accepter, \u00e0 ce stade de la carri\u00e8re du Britannique, que McIlroy a gagn\u00e9 le droit de jouer quand et o\u00f9 il le souhaite. Lui qui s\u2019appr\u00eate \u00e0 boucler sa\u00a019e ann\u00e9e en tant que joueur professionnel.<\/p>\n<p>S\u2019il n\u2019y a encore aucune garantie que McIlroy jouera le BMW Championship car le champ n\u2019a pas \u00e9t\u00e9 confirm\u00e9, on devrait le retrouver du c\u00f4t\u00e9 de Baltimore dans deux semaines pour l\u2019avant-derni\u00e8re \u00e9tape des playoffs de la FedexCup.\u00a0<\/p>\n<p>\t\t\t\t\t<a id=\"181426\" href=\"https:\/\/leclub-golf.com\/fr\/green-fees?online=1&amp;utm_source=golf+planete&amp;utm_medium=referral&amp;utm_campaign=green+fee+en+ligne&amp;utm_id=green+fee+en+ligne_golf+planete_referral_banner\" target=\"_blank\" rel=\"sponsorised noopener\"><img decoding=\"async\" src=\"data:image\/svg+xml,%3Csvg%20xmlns=\" http:=\"\" class=\"img-responsive\" alt=\"\" data-lazy-src=\"https:\/\/www.europesays.com\/fr\/wp-content\/uploads\/2025\/08\/leclubgolf-e09-effet-classique-1170x275png.png\"\/><\/a><\/p>\n<p>Photo : Alex Slitz \/ GETTY IMAGES NORTH AMERICA \/ Getty Images via AFP<\/p>\n","protected":false},"excerpt":{"rendered":"Partager cet article Partager la publication \u00ab\u00a0Pourquoi McIlroy ne sera pas l\u00e0 pour la premi\u00e8re \u00e9tape des playoffs\u00a0\u00bb&hellip;\n","protected":false},"author":2,"featured_media":149372,"comment_status":"","ping_status":"","sticky":false,"template":"","format":"standard","meta":{"footnotes":""},"categories":[1418],"tags":[1011,27,1472,60],"class_list":{"0":"post-297423","1":"post","2":"type-post","3":"status-publish","4":"format-standard","5":"has-post-thumbnail","7":"category-golf","8":"tag-fr","9":"tag-france","10":"tag-golf","11":"tag-sports"},"share_on_mastodon":{"url":"https:\/\/pubeurope.com\/@fr\/114974710990420749","error":""},"_links":{"self":[{"href":"https:\/\/www.europesays.com\/fr\/wp-json\/wp\/v2\/posts\/297423","targetHints":{"allow":["GET"]}}],"collection":[{"href":"https:\/\/www.europesays.com\/fr\/wp-json\/wp\/v2\/posts"}],"about":[{"href":"https:\/\/www.europesays.com\/fr\/wp-json\/wp\/v2\/types\/post"}],"author":[{"embeddable":true,"href":"https:\/\/www.europesays.com\/fr\/wp-json\/wp\/v2\/users\/2"}],"replies":[{"embeddable":true,"href":"https:\/\/www.europesays.com\/fr\/wp-json\/wp\/v2\/comments?post=297423"}],"version-history":[{"count":0,"href":"https:\/\/www.europesays.com\/fr\/wp-json\/wp\/v2\/posts\/297423\/revisions"}],"wp:featuredmedia":[{"embeddable":true,"href":"https:\/\/www.europesays.com\/fr\/wp-json\/wp\/v2\/media\/149372"}],"wp:attachment":[{"href":"https:\/\/www.europesays.com\/fr\/wp-json\/wp\/v2\/media?parent=297423"}],"wp:term":[{"taxonomy":"category","embeddable":true,"href":"https:\/\/www.europesays.com\/fr\/wp-json\/wp\/v2\/categories?post=297423"},{"taxonomy":"post_tag","embeddable":true,"href":"https:\/\/www.europesays.com\/fr\/wp-json\/wp\/v2\/tags?post=297423"}],"curies":[{"name":"wp","href":"https:\/\/api.w.org\/{rel}","templated":true}]}}