{"id":297424,"date":"2025-08-05T06:21:14","date_gmt":"2025-08-05T06:21:14","guid":{"rendered":"https:\/\/www.europesays.com\/fr\/297424\/"},"modified":"2025-08-05T06:21:14","modified_gmt":"2025-08-05T06:21:14","slug":"championship-chris-hill-en-fera-encore-une-avec-bradford-rugby-a-xiii","status":"publish","type":"post","link":"https:\/\/www.europesays.com\/fr\/297424\/","title":{"rendered":"Championship &#8211; Chris Hill en fera encore une avec Bradford &#8211; Rugby \u00e0 XIII"},"content":{"rendered":"<p style=\"text-align: justify;\"><strong>L\u2019exp\u00e9riment\u00e9 et infatigable Chris Hill signe \u00e0 Bradford pour la saison prochaine. Le pilier de 37 ans a donn\u00e9 son accord aux Bulls.\u00a0<\/strong><\/p>\n<p style=\"text-align: justify;\">D\u00e9cid\u00e9ment, les clubs de Championship font le forcing pour int\u00e9grer la Super League. Le passage de 12 \u00e0 14 clubs aiguise l\u2019app\u00e9tit. Le syst\u00e8me engag\u00e9 par IMG laisse clairement appara\u00eetre que la visibilit\u00e9 et l\u2019attractivit\u00e9 sont primordiaux. Tout comme un Vaughan est une plus-value pour York, le pilier Chris Hill en sera une pour Bradford. La course \u00e0 l\u2019armement est aussi lanc\u00e9e en Championship pour redorer l\u2019image des clubs aux yeux des supporters et des institutions.<\/p>\n<p><strong>Chris Hill, un pilier connu et reconnu<\/strong><\/p>\n<p style=\"text-align: justify;\">Pensionnaire du club le plus en difficult\u00e9 dans les crit\u00e8res IMG de la Super League, Chris Hill est \u00e0 l\u2019image de Salford : pas au top de sa forme. Avec seulement 11 apparitions sur 20 matchs possibles, il pr\u00e9sente un bilan qui ne lui ressemble pas. \u00c0 37 ans, cet Anglais mesurant 1m85 pour 110 kg s\u2019est construit une solide r\u00e9putation. Il a remport\u00e9 une Challenge Cup avec Warrington et s\u2019est hiss\u00e9 plusieurs fois en finale de Super League. Il compte pas moins de 325 matchs de Super League et une carri\u00e8re de 21 ans. Ce parcours lui a valu d\u2019\u00eatre s\u00e9lectionn\u00e9 une trentaine de fois avec l\u2019\u00e9quipe nationale.<\/p>\n<p><strong>Ses caract\u00e9ristiques techniques\u00a0<\/strong><\/p>\n<p style=\"text-align: justify;\">Chris Hill est un pilier de devoir, un soldat. Il est celui qui prend les ballons chauds de d\u00e9but de chaine. Il prend le ballon qui donne le tempo de la chaine. Capable de tout gr\u00e2ce \u00e0 une technique sans faille, il sait quand il peut lib\u00e9rer la gonfle ou quand il faut marquer son territoire. R\u00e9put\u00e9 pour \u00eatre solide \u00e0 l\u2019impact, sa puissance peut se r\u00e9p\u00e9ter tant il est capable de maintenir les efforts.<\/p>\n<p style=\"text-align: justify;\">Cela fait de lui un attaquant pr\u00e9cieux pour son entraineur et ses co\u00e9quipiers. En d\u00e9fense, il pr\u00e9sente les m\u00eames qualit\u00e9s. Il se veut impliqu\u00e9, agressif et disciplin\u00e9. Dans ce secteur, il se veut et montre qu\u2019il est un leader en organisant ses partenaires autour de lui.<\/p>\n<p><strong>Ses plus-values<\/strong><\/p>\n<p style=\"text-align: justify;\">Chris Hill est un joueur qui \u00e0 d\u00e9faut de marquer des essais marque les esprits de ses partenaires. Il pousse le gars qui est \u00e0 c\u00f4t\u00e9 de lui \u00e0 faire de son mieux, \u00e0 donner son maximum. Ce joueur est un mod\u00e8le, un papa dans le vestiaire. Il doit cela \u00e0 ses actes et \u00e0 ses paroles. Quand on fait signer Chris Hill c\u2019est que l\u2019on souhaite insuffler \u00e0 son vestiaire du professionnalisme, de l\u2019implication et de l\u2019abn\u00e9gation. Son \u00e9tat d\u2019esprit, dans ces crit\u00e8res, est indiscutable. Son aura n\u2019est pas \u00e0 d\u00e9montrer tant elle a fait mouche. Il est celui qu\u2019il vaut mieux avoir \u00e0 ses c\u00f4t\u00e9s.<\/p>\n<p style=\"text-align: justify;\">Ce transfert est du gagnant-gagnant. Le joueur de 37 ans avait besoin d\u2019un nouveau d\u00e9fi, de reprendre du plaisir \u00e0 jouer \u00e0 ce sport qu\u2019il pratique de mani\u00e8re professionnelle depuis 21 ans. Et quoi de plus beau que de donner \u00e0 un club historique un nouvel \u00e9lan, une nouvelle image ?<\/p>\n<blockquote class=\"twitter-tweet\" data-width=\"500\" data-dnt=\"true\">\n<p lang=\"en\" dir=\"ltr\">\ud83e\udd1d Transfer exclusive<\/p>\n<p>Chris Hill is set to leave Salford Red Devils immediately.<a href=\"https:\/\/t.co\/svd8JZTEtY\" rel=\"nofollow\">https:\/\/t.co\/svd8JZTEtY<\/a><\/p>\n<p>\u2014 All Out Rugby League (@AORugbyLeague) <a href=\"https:\/\/twitter.com\/AORugbyLeague\/status\/1951251119167930712?ref_src=twsrc%5Etfw\" rel=\"nofollow noopener\" target=\"_blank\">August 1, 2025<\/a><\/p>\n<\/blockquote>\n<p>        <script async src=\"https:\/\/platform.twitter.com\/widgets.js\" charset=\"utf-8\"><\/script><\/p>\n","protected":false},"excerpt":{"rendered":"L\u2019exp\u00e9riment\u00e9 et infatigable Chris Hill signe \u00e0 Bradford pour la saison prochaine. Le pilier de 37 ans a&hellip;\n","protected":false},"author":2,"featured_media":297425,"comment_status":"","ping_status":"","sticky":false,"template":"","format":"standard","meta":{"footnotes":""},"categories":[1416],"tags":[43780,3500,43781,1011,27,479,2228,1468,2229,37523,60,4474],"class_list":{"0":"post-297424","1":"post","2":"type-post","3":"status-publish","4":"format-standard","5":"has-post-thumbnail","7":"category-rugby","8":"tag-bradford-bulls","9":"tag-championship","10":"tag-chris-hill","11":"tag-fr","12":"tag-france","13":"tag-rugby","14":"tag-rugby-a-xiii","15":"tag-rugby-football","16":"tag-rugby-league","17":"tag-salford-red-devils","18":"tag-sports","19":"tag-super-league"},"share_on_mastodon":{"url":"https:\/\/pubeurope.com\/@fr\/114974718939998143","error":""},"_links":{"self":[{"href":"https:\/\/www.europesays.com\/fr\/wp-json\/wp\/v2\/posts\/297424","targetHints":{"allow":["GET"]}}],"collection":[{"href":"https:\/\/www.europesays.com\/fr\/wp-json\/wp\/v2\/posts"}],"about":[{"href":"https:\/\/www.europesays.com\/fr\/wp-json\/wp\/v2\/types\/post"}],"author":[{"embeddable":true,"href":"https:\/\/www.europesays.com\/fr\/wp-json\/wp\/v2\/users\/2"}],"replies":[{"embeddable":true,"href":"https:\/\/www.europesays.com\/fr\/wp-json\/wp\/v2\/comments?post=297424"}],"version-history":[{"count":0,"href":"https:\/\/www.europesays.com\/fr\/wp-json\/wp\/v2\/posts\/297424\/revisions"}],"wp:featuredmedia":[{"embeddable":true,"href":"https:\/\/www.europesays.com\/fr\/wp-json\/wp\/v2\/media\/297425"}],"wp:attachment":[{"href":"https:\/\/www.europesays.com\/fr\/wp-json\/wp\/v2\/media?parent=297424"}],"wp:term":[{"taxonomy":"category","embeddable":true,"href":"https:\/\/www.europesays.com\/fr\/wp-json\/wp\/v2\/categories?post=297424"},{"taxonomy":"post_tag","embeddable":true,"href":"https:\/\/www.europesays.com\/fr\/wp-json\/wp\/v2\/tags?post=297424"}],"curies":[{"name":"wp","href":"https:\/\/api.w.org\/{rel}","templated":true}]}}