{"id":297426,"date":"2025-08-05T06:22:13","date_gmt":"2025-08-05T06:22:13","guid":{"rendered":"https:\/\/www.europesays.com\/fr\/297426\/"},"modified":"2025-08-05T06:22:13","modified_gmt":"2025-08-05T06:22:13","slug":"la-raquette-de-corail-debute-cette-semaine-le-debut-dune-nouvelle-ere-a-baleone","status":"publish","type":"post","link":"https:\/\/www.europesays.com\/fr\/297426\/","title":{"rendered":"la raquette de corail d\u00e9bute cette semaine, le d\u00e9but d&rsquo;une nouvelle \u00e8re \u00e0 Bal\u00e9one"},"content":{"rendered":"<p>La 19e \u00e9dition de la raquette de corail (la 32e au total si l&rsquo;on prend en compte celles disput\u00e9es aux Milelli) ne subira pas de grands changements. En effet, la comp\u00e9tition qui se d\u00e9roulera de jeudi \u00e0 dimanche accueillera toujours les huit meilleures nations europ\u00e9ennes, dans le cadre de l&rsquo;European Summer cup.<\/p>\n<p>Cette cinqui\u00e8me manche du calendrier qui aura lieu sur les quatre courts en terre battue de Bal\u00e9one sera le th\u00e9\u00e2tre de la finale de cette \u00e9dition 2025. Les meilleures joueuses europ\u00e9ennes de 12 ans et moins de Croatie, d&rsquo;Espagne, d&rsquo;Italie, de Turquie, de R\u00e9publique tch\u00e8que et lde Roumanie seront pr\u00e9sentes \u00e0 Ajaccio. La France fera \u00e9galement son retour et bien \u00e9videmment l&rsquo;Ukraine, tenante du titre.<\/p>\n<p>L&rsquo;ann\u00e9e de la passation<\/p>\n<p>Mais c&rsquo;est en coulisses qu&rsquo;un v\u00e9ritable changement va s&rsquo;op\u00e9rer. En effet, il y a eu un changement de pr\u00e9sidence au sein du club de tennis de l&rsquo;ASPTT Ajaccio, depuis septembre 2024. Aurore et Jean-Baptiste Benjamin ont d\u00e9finitivement pass\u00e9 la main \u00e0 une nouvelle \u00e9quipe, men\u00e9e par Laurent Carcopino Tusoli. \u00ab\u00a0C&rsquo;est l&rsquo;ann\u00e9e de la passation. Il y a un peu de nostalgie. Mais nous avons essay\u00e9 d&rsquo;accompagner au mieux cette nouvelle \u00e9quipe \u00e0 qui l&rsquo;on souhaite une excellente comp\u00e9tition\u00a0\u00bb, a confi\u00e9 Aurore Benjamin.<\/p>\n<p>\u00ab\u00a0Gr\u00e2ce \u00e0 l&rsquo;appui d&rsquo;Aurore et de son p\u00e8re, cette \u00e9dition se pr\u00e9sente bien. On devrait assister \u00e0 de beaux \u00e9changes\u00a0\u00bb, a indiqu\u00e9 pour sa part Laurent Carcopino Tusoli.<\/p>\n<p>Apr\u00e8s le tirage au sort qui aura lieu mercredi soir, les premiers matchs se disputeront d\u00e8s le lendemain matin.<\/p>\n","protected":false},"excerpt":{"rendered":"La 19e \u00e9dition de la raquette de corail (la 32e au total si l&rsquo;on prend en compte celles&hellip;\n","protected":false},"author":2,"featured_media":297427,"comment_status":"","ping_status":"","sticky":false,"template":"","format":"standard","meta":{"footnotes":""},"categories":[1415],"tags":[17,3477,43783,1869,7678,1011,27,43782,5572,60,1467],"class_list":{"0":"post-297426","1":"post","2":"type-post","3":"status-publish","4":"format-standard","5":"has-post-thumbnail","7":"category-tennis","8":"tag-17","9":"tag-cette","10":"tag-corail","11":"tag-debut","12":"tag-debute","13":"tag-fr","14":"tag-france","15":"tag-raquette","16":"tag-semaine","17":"tag-sports","18":"tag-tennis"},"share_on_mastodon":{"url":"https:\/\/pubeurope.com\/@fr\/114974722788234326","error":""},"_links":{"self":[{"href":"https:\/\/www.europesays.com\/fr\/wp-json\/wp\/v2\/posts\/297426","targetHints":{"allow":["GET"]}}],"collection":[{"href":"https:\/\/www.europesays.com\/fr\/wp-json\/wp\/v2\/posts"}],"about":[{"href":"https:\/\/www.europesays.com\/fr\/wp-json\/wp\/v2\/types\/post"}],"author":[{"embeddable":true,"href":"https:\/\/www.europesays.com\/fr\/wp-json\/wp\/v2\/users\/2"}],"replies":[{"embeddable":true,"href":"https:\/\/www.europesays.com\/fr\/wp-json\/wp\/v2\/comments?post=297426"}],"version-history":[{"count":0,"href":"https:\/\/www.europesays.com\/fr\/wp-json\/wp\/v2\/posts\/297426\/revisions"}],"wp:featuredmedia":[{"embeddable":true,"href":"https:\/\/www.europesays.com\/fr\/wp-json\/wp\/v2\/media\/297427"}],"wp:attachment":[{"href":"https:\/\/www.europesays.com\/fr\/wp-json\/wp\/v2\/media?parent=297426"}],"wp:term":[{"taxonomy":"category","embeddable":true,"href":"https:\/\/www.europesays.com\/fr\/wp-json\/wp\/v2\/categories?post=297426"},{"taxonomy":"post_tag","embeddable":true,"href":"https:\/\/www.europesays.com\/fr\/wp-json\/wp\/v2\/tags?post=297426"}],"curies":[{"name":"wp","href":"https:\/\/api.w.org\/{rel}","templated":true}]}}