{"id":29743,"date":"2025-04-16T18:35:11","date_gmt":"2025-04-16T18:35:11","guid":{"rendered":"https:\/\/www.europesays.com\/fr\/29743\/"},"modified":"2025-04-16T18:35:11","modified_gmt":"2025-04-16T18:35:11","slug":"france-inter-reste-solide-leader-tandis-que-rtl-depasse-franceinfo","status":"publish","type":"post","link":"https:\/\/www.europesays.com\/fr\/29743\/","title":{"rendered":"France Inter reste solide leader tandis que RTL d\u00e9passe FranceInfo"},"content":{"rendered":"<p><a href=\"https:\/\/www.20minutes.fr\/medias\/france_inter\/\" class=\"color-ultramarine c-link\" target=\"_blank\" rel=\"noopener\">France Inter<\/a> est bien cramponn\u00e9e \u00e0 son tr\u00f4ne\u00a0: avec quelque 7,3\u00a0millions d\u2019auditeurs quotidiens, la premi\u00e8re station hexagonale caracole toujours en t\u00eate des <a href=\"https:\/\/www.20minutes.fr\/dossier\/audience\" class=\"color-ultramarine c-link\" target=\"_blank\" rel=\"noopener\">audiences radio<\/a> de janvier \u00e0 mars\u00a02025 tandis que <a href=\"https:\/\/www.20minutes.fr\/medias\/rtl\/\" class=\"color-ultramarine c-link\" target=\"_blank\" rel=\"noopener\">RTL <\/a>a repris la place de num\u00e9ro\u00a02 \u00e0 <a href=\"https:\/\/www.20minutes.fr\/dossier\/france_info\" class=\"color-ultramarine c-link\" target=\"_blank\" rel=\"noopener\">FranceInfo<\/a>, selon les chiffres publi\u00e9s mardi 15\u00a0avril 2025 par <a href=\"https:\/\/www.20minutes.fr\/dossier\/mediametrie\" class=\"color-ultramarine c-link\" target=\"_blank\" rel=\"noopener\">M\u00e9diam\u00e9trie<\/a>.<\/p>\n<\/p>\n<p>\u00ab\u00a0Inter\u00a0\u00bb ind\u00e9tr\u00f4nable<\/p>\n<p>\u00ab\u00a0France Inter n\u2019a jamais \u00e9t\u00e9 aussi haut, comme <a href=\"https:\/\/www.20minutes.fr\/arts-stars\/medias\/4100723-20240710-france-inter-patrick-cohen-fait-retour-matinale-tant-editorialiste-politique\" class=\"color-ultramarine c-link\" target=\"_blank\" rel=\"noopener\">sa matinale<\/a>. Les trois derni\u00e8res vagues sont les trois meilleures enregistr\u00e9es depuis la mise en place de la mesure M\u00e9diam\u00e9trie en\u00a02002\u00a0\u00bb, s\u2019est f\u00e9licit\u00e9e <a href=\"https:\/\/www.20minutes.fr\/arts-stars\/medias\/4100827-20240711-france-inter-adele-van-reeth-directrice-station-visee-motion-defiance-redaction\" class=\"color-ultramarine c-link\" target=\"_blank\" rel=\"noopener\">Ad\u00e8le Van Reeth<\/a>, directrice de France Inter, dans une d\u00e9claration transmise \u00e0 l\u2019<a href=\"https:\/\/www.20minutes.fr\/dossier\/afp\" class=\"color-ultramarine c-link\" target=\"_blank\" rel=\"noopener\">AFP<\/a>.<\/p>\n<p>La station publique a gagn\u00e9 76.000 nouveaux auditeurs par rapport \u00e0 d\u00e9but\u00a02024, pour une audience cumul\u00e9e (AC) de 12,8\u00a0%. <a href=\"https:\/\/www.20minutes.fr\/arts-stars\/medias\/4132799-20250109-audiences-radio-france-inter-etablit-nouveau-record-europe-1-poursuit-remontada\" class=\"color-ultramarine c-link\" target=\"_blank\" rel=\"noopener\">Un record avait \u00e9t\u00e9 atteint<\/a> lors de la derni\u00e8re vague, avec 7,5\u00a0millions d\u2019auditeurs quotidiens en novembre et d\u00e9cembre 2024.<\/p>\n<p>FranceInfo recule<\/p>\n<p>Pour ce d\u00e9but\u00a02025, RTL a regagn\u00e9 la deuxi\u00e8me marche du <a href=\"https:\/\/www.20minutes.fr\/dossier\/podium\" class=\"color-ultramarine c-link\" target=\"_blank\" rel=\"noopener\">podium <\/a>que lui avait ravie FranceInfo depuis la rentr\u00e9e\u00a02024. La station priv\u00e9e g\u00e9n\u00e9raliste du groupe <a href=\"https:\/\/www.20minutes.fr\/dossier\/m6\" class=\"color-ultramarine c-link\" target=\"_blank\" rel=\"noopener\">M6 <\/a>compte 5\u00a0millions d\u2019auditeurs (8,9\u00a0% d\u2019audience cumul\u00e9e).<\/p>\n<p>La radio publique d\u2019information en continu compte pour sa part 4,9\u00a0millions d\u2019auditeurs quotidiens (8,7\u00a0% d\u2019audience cumul\u00e9e). <a href=\"https:\/\/www.20minutes.fr\/medias\/4015589-20221220-radio-france-sibyle-veil-reconduite-cinq-ans-presidente-groupe-public\" class=\"color-ultramarine c-link\" target=\"_blank\" rel=\"noopener\">Sibyle Veil<\/a>, patronne de <a href=\"https:\/\/www.20minutes.fr\/medias\/radio-france\/\" class=\"color-ultramarine c-link\" target=\"_blank\" rel=\"noopener\">Radio France<\/a>, a not\u00e9 \u00ab\u00a0la prouesse de Radio France qui, vague apr\u00e8s vague, parvient \u00e0 se maintenir \u00e0 de tr\u00e8s hauts niveaux\u00a0\u00bb.<\/p>\n<p>RMC et Europe 1 au coude \u00e0 coude<\/p>\n<p>Arriv\u00e9e quatri\u00e8me, <a href=\"https:\/\/www.20minutes.fr\/dossier\/rmc\" class=\"color-ultramarine c-link\" target=\"_blank\" rel=\"noopener\">RMC <\/a>est en l\u00e9ger recul sur un an (de 5,6\u00a0% \u00e0 5,4\u00a0% d\u2019audience cumul\u00e9e) mais progresse depuis le d\u00e9but de la saison, comptabilisant 3\u00a0millions d\u2019auditeurs.<\/p>\n<p>De son c\u00f4t\u00e9, <a href=\"https:\/\/www.20minutes.fr\/medias\/europe1\/\" class=\"color-ultramarine c-link\" target=\"_blank\" rel=\"noopener\">Europe 1<\/a>, dans le giron du <a href=\"https:\/\/www.20minutes.fr\/dossier\/vincent_bollore\" class=\"color-ultramarine c-link\" target=\"_blank\" rel=\"noopener\">milliardaire conservateur Vincent Bollor\u00e9<\/a>, poursuit sa remont\u00e9e en gagnant 269.000 auditeurs en un an, soit 2,7\u00a0millions au total (4,7\u00a0% en audience cumul\u00e9e). \u00ab\u00a0La dur\u00e9e d\u2019\u00e9coute quotidienne explose (+\u00a018 minutes en un an), signe de la fid\u00e9lisation des auditeurs\u00a0\u00bb, a relev\u00e9 aupr\u00e8s de l\u2019AFP <a href=\"https:\/\/www.20minutes.fr\/arts-stars\/medias\/3065671-20210619-europe-1-csa-met-garde-station-radio-maison-mere-lagardere\" class=\"color-ultramarine c-link\" target=\"_blank\" rel=\"noopener\">Constance Benqu\u00e9<\/a>, directrice g\u00e9n\u00e9rale de sa maison m\u00e8re <a href=\"https:\/\/www.20minutes.fr\/economie\/lagardere\/\" class=\"color-ultramarine c-link\" target=\"_blank\" rel=\"noopener\">Lagard\u00e8re<\/a> Radio.<\/p>\n<p>En septembre prochain, Europe 1 va perdre \u2013 au profit de Fun Radio \u2013 <a href=\"https:\/\/www.20minutes.fr\/arts-stars\/television\/cyril_hanouna\/\" class=\"color-ultramarine c-link\" target=\"_blank\" rel=\"noopener\">Cyril Hanouna<\/a>, qui anime la tranche 16h-18h et a \u00ab\u00a0largement contribu\u00e9 \u00e0 la \u00ab\u00a0remontada\u00a0\u00bb d\u2019Europe 1\u00a0\u00bb, selon sa responsable. Le concept de son \u00e9mission devrait demeurer.<\/p>\n<p>Ici en difficult\u00e9<\/p>\n<p>Enfin, <a href=\"https:\/\/www.20minutes.fr\/arts-stars\/medias\/4132042-20250105-medias-revolution-radios-france-bleu-devient\" class=\"color-ultramarine c-link\" target=\"_blank\" rel=\"noopener\">Ici (ex-France Bleu)<\/a>, le r\u00e9seau d\u2019antennes locales de Radio France rebaptis\u00e9 en d\u00e9but d\u2019ann\u00e9e\u00a02025, chute de 4,9\u00a0% \u00e0 4,2\u00a0% d\u2019audience cumul\u00e9e en un an, perdant 422.000 auditeurs. L\u2019<a href=\"https:\/\/www.20minutes.fr\/actu-generale\/\" class=\"color-ultramarine c-link\" target=\"_blank\" rel=\"noopener\">actualit\u00e9 <\/a>internationale forte \u00ab\u00a0ne nous a pas \u00e9t\u00e9 favorable\u00a0\u00bb et \u00ab\u00a0le m\u00e9dia <a href=\"https:\/\/www.20minutes.fr\/dossier\/radio\" class=\"color-ultramarine c-link\" target=\"_blank\" rel=\"noopener\">radio <\/a>est en difficult\u00e9\u00a0\u00bb, particuli\u00e8rement \u00ab\u00a0la radio populaire\u00a0\u00bb, explique-t-on chez Ici.<\/p>\n<p><a href=\"https:\/\/www.20minutes.fr\/dossier\/radio\" class=\"c-link c-btn c-btn--primary\" target=\"_blank\" rel=\"noopener\">Notre dossier \u00ab Radio \u00bb<\/a><\/p>\n<p>Pour autant, c\u2019est dans son ensemble que le <a href=\"https:\/\/www.20minutes.fr\/arts-stars\/medias\/\" class=\"color-ultramarine c-link\" target=\"_blank\" rel=\"noopener\">m\u00e9dia <\/a>radio d\u00e9cline, avec une perte de pr\u00e8s de 264.000 auditeurs sur un an, pour un total de 38,5\u00a0millions d\u2019adeptes quotidiens de janvier \u00e0 mars\u00a02025.<\/p>\n","protected":false},"excerpt":{"rendered":"France Inter est bien cramponn\u00e9e \u00e0 son tr\u00f4ne\u00a0: avec quelque 7,3\u00a0millions d\u2019auditeurs quotidiens, la premi\u00e8re station hexagonale caracole&hellip;\n","protected":false},"author":2,"featured_media":29744,"comment_status":"","ping_status":"","sticky":false,"template":"","format":"standard","meta":{"footnotes":""},"categories":[1355],"tags":[1083,58,59,1473,1011,27,10318,9102,10317,10159,500,1361,873,1825,10316,10319,2700,133,1022],"class_list":{"0":"post-29743","1":"post","2":"type-post","3":"status-publish","4":"format-standard","5":"has-post-thumbnail","7":"category-musique","8":"tag-cyril-hanouna","9":"tag-divertissement","10":"tag-entertainment","11":"tag-europe-1","12":"tag-fr","13":"tag-france","14":"tag-france-info","15":"tag-france-inter","16":"tag-inter","17":"tag-mediametrie","18":"tag-medias","19":"tag-music","20":"tag-musique","21":"tag-radio","22":"tag-radio-france","23":"tag-rmc","24":"tag-rtl","25":"tag-video","26":"tag-vincent-bollore"},"share_on_mastodon":{"url":"https:\/\/pubeurope.com\/@fr\/114349088690950140","error":""},"_links":{"self":[{"href":"https:\/\/www.europesays.com\/fr\/wp-json\/wp\/v2\/posts\/29743","targetHints":{"allow":["GET"]}}],"collection":[{"href":"https:\/\/www.europesays.com\/fr\/wp-json\/wp\/v2\/posts"}],"about":[{"href":"https:\/\/www.europesays.com\/fr\/wp-json\/wp\/v2\/types\/post"}],"author":[{"embeddable":true,"href":"https:\/\/www.europesays.com\/fr\/wp-json\/wp\/v2\/users\/2"}],"replies":[{"embeddable":true,"href":"https:\/\/www.europesays.com\/fr\/wp-json\/wp\/v2\/comments?post=29743"}],"version-history":[{"count":0,"href":"https:\/\/www.europesays.com\/fr\/wp-json\/wp\/v2\/posts\/29743\/revisions"}],"wp:featuredmedia":[{"embeddable":true,"href":"https:\/\/www.europesays.com\/fr\/wp-json\/wp\/v2\/media\/29744"}],"wp:attachment":[{"href":"https:\/\/www.europesays.com\/fr\/wp-json\/wp\/v2\/media?parent=29743"}],"wp:term":[{"taxonomy":"category","embeddable":true,"href":"https:\/\/www.europesays.com\/fr\/wp-json\/wp\/v2\/categories?post=29743"},{"taxonomy":"post_tag","embeddable":true,"href":"https:\/\/www.europesays.com\/fr\/wp-json\/wp\/v2\/tags?post=29743"}],"curies":[{"name":"wp","href":"https:\/\/api.w.org\/{rel}","templated":true}]}}