{"id":297439,"date":"2025-08-05T06:30:16","date_gmt":"2025-08-05T06:30:16","guid":{"rendered":"https:\/\/www.europesays.com\/fr\/297439\/"},"modified":"2025-08-05T06:30:16","modified_gmt":"2025-08-05T06:30:16","slug":"lire-voir-et-ecouter-le-canada-cet-ete","status":"publish","type":"post","link":"https:\/\/www.europesays.com\/fr\/297439\/","title":{"rendered":"Lire, voir et \u00e9couter le Canada cet \u00e9t\u00e9"},"content":{"rendered":"<p>Voici quelques id\u00e9es pour glisser un peu de Canada dans vos valises. Des livres pour passer un bel \u00e9t\u00e9 en bonne compagnie, entre grands espaces, voix autochtones, r\u00e9cits engag\u00e9s et humour venu du Nord.<\/p>\n<p>Cultures autochtones et po\u00e9sie<\/p>\n<p>Piochez parmi les p\u00e9pites de\u00a0<a href=\"https:\/\/canada.us14.list-manage.com\/track\/click?u=124920f3428ca653fcab32f83&amp;id=0e8439373e&amp;e=1a0682fa09\" target=\"_blank\" rel=\"noopener\" data-saferedirecturl=\"https:\/\/www.google.com\/url?q=https:\/\/canada.us14.list-manage.com\/track\/click?u%3D124920f3428ca653fcab32f83%26id%3D0e8439373e%26e%3D1a0682fa09&amp;source=gmail&amp;ust=1754389226970000&amp;usg=AOvVaw2B7qw-wUOwv-yPYwHv8iYs\">Michel Jean<\/a>, \u00e9crivain innu et grand conteur. Ses romans sont une formidable porte d\u2019entr\u00e9e vers un Qu\u00e9bec autochtone, intime et engag\u00e9. \u00c0 glisser dans vos valises :<\/p>\n<ul>\n<li><strong>Kukum<\/strong>, le bouleversant r\u00e9cit d\u2019une femme innue<\/li>\n<li><strong>Tiohti\u00e1:ke<\/strong>, plong\u00e9e dans le Montr\u00e9al contemporain vu par les Premiers Peuples<\/li>\n<li><strong>Atuk<\/strong>, elle et nous, un roman choral sensible sur l\u2019identit\u00e9 et la transmission<\/li>\n<\/ul>\n<p>L\u2019<a href=\"https:\/\/canada.us14.list-manage.com\/track\/click?u=124920f3428ca653fcab32f83&amp;id=3416d8323c&amp;e=1a0682fa09\" target=\"_blank\" rel=\"noopener\" data-saferedirecturl=\"https:\/\/www.google.com\/url?q=https:\/\/canada.us14.list-manage.com\/track\/click?u%3D124920f3428ca653fcab32f83%26id%3D3416d8323c%26e%3D1a0682fa09&amp;source=gmail&amp;ust=1754389226970000&amp;usg=AOvVaw2pr60P7eRe0X5eWyTEGftH\">Anthologie de la po\u00e9sie canadienne fran\u00e7aise<\/a>, \u00e9dit\u00e9e par Guy Sylvestre, est un ouvrage de r\u00e9f\u00e9rence qui rassemble les grandes voix de la po\u00e9sie d\u2019expression fran\u00e7aise au Canada. Ce volume de 376 pages offre un panorama historique et litt\u00e9raire complet, avec des textes de Gaston Miron, \u00c9mile Nelligan, Anne H\u00e9bert, Paul-Marie Lapointe, etc. Entre modernit\u00e9, lyrisme intimiste et qu\u00eate d\u2019identit\u00e9 francophone, cette anthologie d\u00e9voile la richesse d\u2019un patrimoine encore trop m\u00e9connu.<\/p>\n<p>Romans<\/p>\n<p>Partez en Colombie-Britannique avec<a href=\"https:\/\/canada.us14.list-manage.com\/track\/click?u=124920f3428ca653fcab32f83&amp;id=4e8e09cb6e&amp;e=1a0682fa09\" target=\"_blank\" rel=\"noopener\" data-saferedirecturl=\"https:\/\/www.google.com\/url?q=https:\/\/canada.us14.list-manage.com\/track\/click?u%3D124920f3428ca653fcab32f83%26id%3D4e8e09cb6e%26e%3D1a0682fa09&amp;source=gmail&amp;ust=1754389226970000&amp;usg=AOvVaw3_AUdjl2oeSjagTKE1zDZY\">\u00a0Les \u00e9toiles s\u2019\u00e9teignent \u00e0 l\u2019aube<\/a>\u00a0de Richard Wagamese (auteur ojibw\u00e9), un r\u00e9cit poignant entre un p\u00e8re et son fils, au c\u0153ur des grands espaces et d\u2019une qu\u00eate identitaire.<br \/>Ou laissez-vous emporter par<a href=\"https:\/\/canada.us14.list-manage.com\/track\/click?u=124920f3428ca653fcab32f83&amp;id=ff6d8b9f3c&amp;e=1a0682fa09\" target=\"_blank\" rel=\"noopener\" data-saferedirecturl=\"https:\/\/www.google.com\/url?q=https:\/\/canada.us14.list-manage.com\/track\/click?u%3D124920f3428ca653fcab32f83%26id%3Dff6d8b9f3c%26e%3D1a0682fa09&amp;source=gmail&amp;ust=1754389226970000&amp;usg=AOvVaw3eZ-FUwsPd1orXVX3AnX7Y\">\u00a0Les Mangeurs de nuit\u00a0<\/a>de Marie Charrel : dans une for\u00eat myst\u00e9rieuse, Jack, ermite guid\u00e9 par une gu\u00e9risseuse autochtone, croise le destin d\u2019Hannah, une jeune femme japonaise bless\u00e9e par un ours blanc mythique. Un roman entre r\u00e9alisme et merveilleux, port\u00e9 par les l\u00e9gendes Tsimshian.<\/p>\n<p>Bandes dessin\u00e9es<\/p>\n<p>Montez \u00e0 cheval avec\u00a0<a href=\"https:\/\/canada.us14.list-manage.com\/track\/click?u=124920f3428ca653fcab32f83&amp;id=54f3d84983&amp;e=1a0682fa09\" target=\"_blank\" rel=\"noopener\" data-saferedirecturl=\"https:\/\/www.google.com\/url?q=https:\/\/canada.us14.list-manage.com\/track\/click?u%3D124920f3428ca653fcab32f83%26id%3D54f3d84983%26e%3D1a0682fa09&amp;source=gmail&amp;ust=1754389226970000&amp;usg=AOvVaw2cK86bkh5ylV0M6Rdk3Kym\">Trent pour d\u00e9couvrir le Grand Nord canadien<\/a>. Cette s\u00e9rie western suit le sergent Philip Trent, membre de la police mont\u00e9e, confront\u00e9 \u00e0 la rudesse des territoires nordiques et aux communaut\u00e9s pionni\u00e8res et autochtones.<\/p>\n<p>Pour les plus jeunes :\u00a0<a href=\"https:\/\/canada.us14.list-manage.com\/track\/click?u=124920f3428ca653fcab32f83&amp;id=6702a4caed&amp;e=1a0682fa09\" target=\"_blank\" rel=\"noopener\" data-saferedirecturl=\"https:\/\/www.google.com\/url?q=https:\/\/canada.us14.list-manage.com\/track\/click?u%3D124920f3428ca653fcab32f83%26id%3D6702a4caed%26e%3D1a0682fa09&amp;source=gmail&amp;ust=1754389226970000&amp;usg=AOvVaw31RAJiqKzvNjGpf89TTilT\">cap sur Montr\u00e9al avec Baxter le lynx et Marco la loutre,<\/a>\u00a0deux pensionnaires malicieux du Biod\u00f4me. Une BD pleine d\u2019humour et d\u2019\u00e9nergie dans un zoo \u00e9cologique unique o\u00f9 nos h\u00e9ros accumulent b\u00eatises et gags\u2026 au risque de r\u00e9veiller le redoutable ca\u00efman Jabba.<\/p>\n<p>Polar<\/p>\n<p>Envie de frissons ? Plongez dans\u00a0<a href=\"https:\/\/canada.us14.list-manage.com\/track\/click?u=124920f3428ca653fcab32f83&amp;id=2f7e0c1b28&amp;e=1a0682fa09\" target=\"_blank\" rel=\"noopener\" data-saferedirecturl=\"https:\/\/www.google.com\/url?q=https:\/\/canada.us14.list-manage.com\/track\/click?u%3D124920f3428ca653fcab32f83%26id%3D2f7e0c1b28%26e%3D1a0682fa09&amp;source=gmail&amp;ust=1754389226970000&amp;usg=AOvVaw1fwzXpnIGoWE_LdbYNEQWX\">Norferville\u00a0<\/a>de Franck Thilliez, situ\u00e9 dans une ville mini\u00e8re isol\u00e9e du Grand Nord qu\u00e9b\u00e9cois. Un p\u00e8re en qu\u00eate de v\u00e9rit\u00e9 rejoint une polici\u00e8re locale pour \u00e9lucider un crime gla\u00e7ant. Thriller haletant dans un d\u00e9cor sauvage et sous tension.<\/p>\n<p>Et si vous restez chez vous, restez branch\u00e9(e)s sur le Canada avec:<\/p>\n<p><strong>France t\u00e9l\u00e9vision\u00a0<\/strong><br \/><a href=\"https:\/\/canada.us14.list-manage.com\/track\/click?u=124920f3428ca653fcab32f83&amp;id=d68a0ffe90&amp;e=1a0682fa09\" target=\"_blank\" rel=\"noopener\" data-saferedirecturl=\"https:\/\/www.google.com\/url?q=https:\/\/canada.us14.list-manage.com\/track\/click?u%3D124920f3428ca653fcab32f83%26id%3Dd68a0ffe90%26e%3D1a0682fa09&amp;source=gmail&amp;ust=1754389226970000&amp;usg=AOvVaw1uMQ7FG6tsQAJO3fqro0Y-\">Au bout c\u2019est la mer : Le fleuve Yukon<\/a><br \/>51 minutes de fra\u00eecheur aux c\u00f4t\u00e9s de Fran\u00e7ois et des Yukonnais qu\u2019il rencontre jusqu\u2019\u00e0 la mer.<br \/><a href=\"https:\/\/canada.us14.list-manage.com\/track\/click?u=124920f3428ca653fcab32f83&amp;id=eadefbbd6b&amp;e=1a0682fa09\" target=\"_blank\" rel=\"noopener\" data-saferedirecturl=\"https:\/\/www.google.com\/url?q=https:\/\/canada.us14.list-manage.com\/track\/click?u%3D124920f3428ca653fcab32f83%26id%3Deadefbbd6b%26e%3D1a0682fa09&amp;source=gmail&amp;ust=1754389226970000&amp;usg=AOvVaw0IACHxZaZTj-UhMiM9W7zC\">Canada, la fiert\u00e9 canadienne\u00a0<\/a><br \/>Ce reportage propose une immersion vivante et d\u00e9paysante au Nouveau-Brunswick, au c\u0153ur des traditions acadiennes et de la culture francophone locale.<\/p>\n<p><strong>TV5 Monde<\/strong><br \/><a href=\"https:\/\/canada.us14.list-manage.com\/track\/click?u=124920f3428ca653fcab32f83&amp;id=bfd50cb5ef&amp;e=1a0682fa09\" target=\"_blank\" rel=\"noopener\" data-saferedirecturl=\"https:\/\/www.google.com\/url?q=https:\/\/canada.us14.list-manage.com\/track\/click?u%3D124920f3428ca653fcab32f83%26id%3Dbfd50cb5ef%26e%3D1a0682fa09&amp;source=gmail&amp;ust=1754389226970000&amp;usg=AOvVaw16OD_XvExxTN1xmWZdayzr\">Destination francophonie \u2013 Nouveau Brunswick 1<\/a>\u00a0et<a href=\"https:\/\/canada.us14.list-manage.com\/track\/click?u=124920f3428ca653fcab32f83&amp;id=37ca6e1d57&amp;e=1a0682fa09\" target=\"_blank\" rel=\"noopener\" data-saferedirecturl=\"https:\/\/www.google.com\/url?q=https:\/\/canada.us14.list-manage.com\/track\/click?u%3D124920f3428ca653fcab32f83%26id%3D37ca6e1d57%26e%3D1a0682fa09&amp;source=gmail&amp;ust=1754389226970000&amp;usg=AOvVaw0xgtIfHuOK2Jk_UBoVlpAm\">\u00a02\u00a0<\/a><br \/>De Dieppe \u00e0 Moncton, Ivan Kabacoff poursuit sa travers\u00e9e du Nouveau-Brunswick \u00e0 la rencontre des Acadiens. Ils lui ouvrent les portes de leur francophonie, qui prend racine dans les communaut\u00e9s, que ce soit \u00e0 l\u2019\u00e9cole ou au coeur des villes.<\/p>\n<p><strong>ARTE \u2013 Invitation au voyage<\/strong><br \/>Des \u00e9pisodes sur le Canada culturel et litt\u00e9raire : paysages, auteurs, traditions.<br \/><a href=\"https:\/\/canada.us14.list-manage.com\/track\/click?u=124920f3428ca653fcab32f83&amp;id=fe2b00dfdb&amp;e=1a0682fa09\" target=\"_blank\" rel=\"noopener\" data-saferedirecturl=\"https:\/\/www.google.com\/url?q=https:\/\/canada.us14.list-manage.com\/track\/click?u%3D124920f3428ca653fcab32f83%26id%3Dfe2b00dfdb%26e%3D1a0682fa09&amp;source=gmail&amp;ust=1754389226970000&amp;usg=AOvVaw2lSVfTVmhycQbfkEC-FUM0\">Focus sur le Lac Louise<\/a><br \/><a href=\"https:\/\/canada.us14.list-manage.com\/track\/click?u=124920f3428ca653fcab32f83&amp;id=4d961e3db8&amp;e=1a0682fa09\" target=\"_blank\" rel=\"noopener\" data-saferedirecturl=\"https:\/\/www.google.com\/url?q=https:\/\/canada.us14.list-manage.com\/track\/click?u%3D124920f3428ca653fcab32f83%26id%3D4d961e3db8%26e%3D1a0682fa09&amp;source=gmail&amp;ust=1754389226970000&amp;usg=AOvVaw1cxiWunB90r92-8sn6SV2z\">L\u2019ours, totem de la Colombie-Britannique\u00a0<\/a><\/p>\n<p><strong>M6<\/strong><br \/>Vibrez culture Cowboy avec la minute voyage chez\u00a0<a href=\"https:\/\/canada.us14.list-manage.com\/track\/click?u=124920f3428ca653fcab32f83&amp;id=d8c97c03ce&amp;e=1a0682fa09\" target=\"_blank\" rel=\"noopener\" data-saferedirecturl=\"https:\/\/www.google.com\/url?q=https:\/\/canada.us14.list-manage.com\/track\/click?u%3D124920f3428ca653fcab32f83%26id%3Dd8c97c03ce%26e%3D1a0682fa09&amp;source=gmail&amp;ust=1754389226970000&amp;usg=AOvVaw3J3LbyMcHM91x9S1y18l2A\">Alberta boots<\/a>\u00a0et faire une\u00a0<a href=\"https:\/\/canada.us14.list-manage.com\/track\/click?u=124920f3428ca653fcab32f83&amp;id=a77cd0e5d7&amp;e=1a0682fa09\" target=\"_blank\" rel=\"noopener\" data-saferedirecturl=\"https:\/\/www.google.com\/url?q=https:\/\/canada.us14.list-manage.com\/track\/click?u%3D124920f3428ca653fcab32f83%26id%3Da77cd0e5d7%26e%3D1a0682fa09&amp;source=gmail&amp;ust=1754389226970000&amp;usg=AOvVaw1vbqlvkmWuXV2bQN68XYhe\">jolie randonn\u00e9e<\/a>\u00a0au d\u00e9part de Canmore.<\/p>\n<p><strong>Et sur Netflix<\/strong><\/p>\n<p><a href=\"https:\/\/canada.us14.list-manage.com\/track\/click?u=124920f3428ca653fcab32f83&amp;id=1c2c1497ff&amp;e=1a0682fa09\" target=\"_blank\" rel=\"noopener\" data-saferedirecturl=\"https:\/\/www.google.com\/url?q=https:\/\/canada.us14.list-manage.com\/track\/click?u%3D124920f3428ca653fcab32f83%26id%3D1c2c1497ff%26e%3D1a0682fa09&amp;source=gmail&amp;ust=1754389226971000&amp;usg=AOvVaw07rwePXCdn4JOMFHDEnpIf\"><strong>Chronique arctique\u00a0<\/strong><\/a>(North of North) est une s\u00e9rie inuite dr\u00f4le et percutante qui suit Siaja, une jeune femme d\u00e9cid\u00e9e \u00e0 reprendre sa libert\u00e9 apr\u00e8s avoir quitt\u00e9 son mariage. Cr\u00e9\u00e9e par deux r\u00e9alisatrices inuites, la s\u00e9rie aborde avec humour et justesse l\u2019\u00e9mancipation f\u00e9minine dans un village isol\u00e9 du Nunavut, en questionnant les r\u00f4les traditionnels des femmes dans les communaut\u00e9s autochtones.<br \/>Disponible sur\u00a0<a href=\"https:\/\/canada.us14.list-manage.com\/track\/click?u=124920f3428ca653fcab32f83&amp;id=9797cc883b&amp;e=1a0682fa09\" target=\"_blank\" rel=\"noopener\" data-saferedirecturl=\"https:\/\/www.google.com\/url?q=https:\/\/canada.us14.list-manage.com\/track\/click?u%3D124920f3428ca653fcab32f83%26id%3D9797cc883b%26e%3D1a0682fa09&amp;source=gmail&amp;ust=1754389226971000&amp;usg=AOvVaw3Z0fgyCRDzfqAws9i9PPz5\">Netflix\u00a0<\/a>depuis avril 2025 \u2013\u00a0<a href=\"https:\/\/canada.us14.list-manage.com\/track\/click?u=124920f3428ca653fcab32f83&amp;id=d40c74e641&amp;e=1a0682fa09\" target=\"_blank\" rel=\"noopener\" data-saferedirecturl=\"https:\/\/www.google.com\/url?q=https:\/\/canada.us14.list-manage.com\/track\/click?u%3D124920f3428ca653fcab32f83%26id%3Dd40c74e641%26e%3D1a0682fa09&amp;source=gmail&amp;ust=1754389226971000&amp;usg=AOvVaw3KG_mubyViNO9P0x9L065J\">La saison 2 est en pr\u00e9paration.\u00a0<\/a><\/p>\n<p>Entendre l\u2019accent canadien\u2026<\/p>\n<p><a href=\"https:\/\/canada.us14.list-manage.com\/track\/click?u=124920f3428ca653fcab32f83&amp;id=54ebd8d824&amp;e=1a0682fa09\" target=\"_blank\" rel=\"noopener\" data-saferedirecturl=\"https:\/\/www.google.com\/url?q=https:\/\/canada.us14.list-manage.com\/track\/click?u%3D124920f3428ca653fcab32f83%26id%3D54ebd8d824%26e%3D1a0682fa09&amp;source=gmail&amp;ust=1754389226970000&amp;usg=AOvVaw0XzRz5S17NoB-jhxrcQ7lE\">Direction l\u2019Alberta avec le road trip en famille des Bestjobers dans les Rocheuses canadiennes.<\/a><br \/>Ils racontent leur p\u00e9riple entre Calgary, Banff et Jasper avec un tout-petit dans le podcast de Famille &amp; Voyages.<\/p>\n<p><a href=\"https:\/\/canada.us14.list-manage.com\/track\/click?u=124920f3428ca653fcab32f83&amp;id=e06d5dddb6&amp;e=1a0682fa09\" target=\"_blank\" rel=\"noopener\" data-saferedirecturl=\"https:\/\/www.google.com\/url?q=https:\/\/canada.us14.list-manage.com\/track\/click?u%3D124920f3428ca653fcab32f83%26id%3De06d5dddb6%26e%3D1a0682fa09&amp;source=gmail&amp;ust=1754389226970000&amp;usg=AOvVaw2Fjg9golqsPgj7E50Tc3ke\">Les classiques Tire-toi une b\u00fbche de Destination Canada<\/a>\u00a0: \u00e0 ne pas manquer pour d\u00e9couvrir les p\u00e9pites canadiennes d\u2019est en ouest.<\/p>\n<p><a href=\"https:\/\/canada.us14.list-manage.com\/track\/click?u=124920f3428ca653fcab32f83&amp;id=96e9f70336&amp;e=1a0682fa09\" target=\"_blank\" rel=\"noopener\" data-saferedirecturl=\"https:\/\/www.google.com\/url?q=https:\/\/canada.us14.list-manage.com\/track\/click?u%3D124920f3428ca653fcab32f83%26id%3D96e9f70336%26e%3D1a0682fa09&amp;source=gmail&amp;ust=1754389226970000&amp;usg=AOvVaw20T_t-XWfGYu6svKFshsMk\">ReTrouver, le podcast de Parcs Canada,<\/a>\u00a0explore l\u2019histoire \u00e0 travers les lieux embl\u00e9matiques du pays.<br \/>Des r\u00e9cits passionnants sur l\u2019Anse-aux-Meadows, Gwaii Haanas, Dawson City, la Grosse-\u00cele, et bien plus.<\/p>\n<p>Texte fourni par Destination Canada en France.<\/p>\n","protected":false},"excerpt":{"rendered":"Voici quelques id\u00e9es pour glisser un peu de Canada dans vos valises. Des livres pour passer un bel&hellip;\n","protected":false},"author":2,"featured_media":297440,"comment_status":"","ping_status":"","sticky":false,"template":"","format":"standard","meta":{"footnotes":""},"categories":[1357],"tags":[1379,574,58,59,2883,1011,27,1380,3725],"class_list":{"0":"post-297439","1":"post","2":"type-post","3":"status-publish","4":"format-standard","5":"has-post-thumbnail","7":"category-livres","8":"tag-books","9":"tag-canada","10":"tag-divertissement","11":"tag-entertainment","12":"tag-ete","13":"tag-fr","14":"tag-france","15":"tag-livres","16":"tag-podcast"},"share_on_mastodon":{"url":"https:\/\/pubeurope.com\/@fr\/114974754397291834","error":""},"_links":{"self":[{"href":"https:\/\/www.europesays.com\/fr\/wp-json\/wp\/v2\/posts\/297439","targetHints":{"allow":["GET"]}}],"collection":[{"href":"https:\/\/www.europesays.com\/fr\/wp-json\/wp\/v2\/posts"}],"about":[{"href":"https:\/\/www.europesays.com\/fr\/wp-json\/wp\/v2\/types\/post"}],"author":[{"embeddable":true,"href":"https:\/\/www.europesays.com\/fr\/wp-json\/wp\/v2\/users\/2"}],"replies":[{"embeddable":true,"href":"https:\/\/www.europesays.com\/fr\/wp-json\/wp\/v2\/comments?post=297439"}],"version-history":[{"count":0,"href":"https:\/\/www.europesays.com\/fr\/wp-json\/wp\/v2\/posts\/297439\/revisions"}],"wp:featuredmedia":[{"embeddable":true,"href":"https:\/\/www.europesays.com\/fr\/wp-json\/wp\/v2\/media\/297440"}],"wp:attachment":[{"href":"https:\/\/www.europesays.com\/fr\/wp-json\/wp\/v2\/media?parent=297439"}],"wp:term":[{"taxonomy":"category","embeddable":true,"href":"https:\/\/www.europesays.com\/fr\/wp-json\/wp\/v2\/categories?post=297439"},{"taxonomy":"post_tag","embeddable":true,"href":"https:\/\/www.europesays.com\/fr\/wp-json\/wp\/v2\/tags?post=297439"}],"curies":[{"name":"wp","href":"https:\/\/api.w.org\/{rel}","templated":true}]}}