{"id":297441,"date":"2025-08-05T06:31:18","date_gmt":"2025-08-05T06:31:18","guid":{"rendered":"https:\/\/www.europesays.com\/fr\/297441\/"},"modified":"2025-08-05T06:31:18","modified_gmt":"2025-08-05T06:31:18","slug":"adrien-et-pimprenelle-annoncent-etre-en-couple-depuis-leur-elimination-de-secret-story","status":"publish","type":"post","link":"https:\/\/www.europesays.com\/fr\/297441\/","title":{"rendered":"Adrien et Pimprenelle annoncent \u00eatre en couple depuis leur \u00e9limination de Secret Story"},"content":{"rendered":"<p>Lors de la demi-finale, diffus\u00e9e le 31 juillet dernier, c&rsquo;est <a href=\"https:\/\/www.programme-tv.net\/news\/tele-realite\/384351-secret-story-2025-quel-candidat-a-ete-elimine-aux-portes-de-la-finale\/\" data-api-deeplink=\"teleloisirs:\/\/news\/384351\" target=\"_blank\" rel=\"noopener\">A\u00efmed qui a \u00e9t\u00e9 \u00e9limin\u00e9<\/a> apr\u00e8s sept semaines de comp\u00e9tition. \u00ab\u00a0Quelle d\u00e9ception ! J&rsquo;y \u00e9tais presque, j&rsquo;\u00e9tais arriv\u00e9 \u00e0 deux doigts du sommet&#8230; Malgr\u00e9 tout, maintenant que je suis sorti, je me dis que je suis fier d&rsquo;\u00eatre demi-finaliste. Beaucoup de marches ont d\u00e9j\u00e0 \u00e9t\u00e9 gravies et je suis tr\u00e8s fier de mon jeu. C&rsquo;est seulement apr\u00e8s avoir \u00e9t\u00e9 \u00e9limin\u00e9 qu&rsquo;on peut comprendre tout ce qu&rsquo;on a accompli\u00a0\u00bb, a-t-il confi\u00e9 \u00e0 <a href=\"https:\/\/www.programme-tv.net\/news\/tele-realite\/384538-aimed-elimine-de-secret-story-2025-aux-portes-de-la-finale-le-mot-cle-c-est-fiasco\/\" data-api-deeplink=\"teleloisirs:\/\/news\/384538\" target=\"_blank\" rel=\"noopener\">T\u00e9l\u00e9-Loisirs<\/a>. Ainsi, Romy, Ethan, Anita et Noah sont <a href=\"https:\/\/www.programme-tv.net\/news\/tele-realite\/384545-aimed-secret-story-2025-reagit-au-secret-d-anita-et-noah-je-ne-m-attendais-pas-du-tout-a-ca\/\" data-api-deeplink=\"teleloisirs:\/\/news\/384545\" target=\"_blank\" rel=\"noopener\">les grands finalistes de Secret Story 2025<\/a>. Ce 4 ao\u00fbt, les quatre candidats ont eu la visite de deux anciens habitants lors d&rsquo;une soir\u00e9e sp\u00e9ciale Bali. Il s&rsquo;agit d&rsquo;Adrien et Pimprenelle. Lors de leur aventure, <a href=\"https:\/\/www.programme-tv.net\/news\/tele-realite\/383600-pimprenelle-eliminee-de-secret-story-2025-revient-sur-sa-rupture-avec-adrien-ca-a-ete-assez-liberateur\/\" data-api-deeplink=\"teleloisirs:\/\/news\/383600\" target=\"_blank\" rel=\"noopener\">le duo s&rsquo;\u00e9tait mis en couple<\/a> avant de finalement <a href=\"https:\/\/www.programme-tv.net\/news\/tele-realite\/383592-ca-devenait-lourd-adrien-secret-story-2025-explique-pourquoi-il-a-quitte-pimprenelle-malgre-son-coup-de-foudre\/\" data-api-deeplink=\"teleloisirs:\/\/news\/383592\" target=\"_blank\" rel=\"noopener\">se s\u00e9parer<\/a> quelques semaines plus tard. Mais voil\u00e0, apr\u00e8s leur \u00e9limination, Adrien et Pimprenelle ont d\u00e9cid\u00e9 de se laisser une seconde chance !<\/p>\n<p>                        Adrien et Pimprenelle annoncent \u00eatre en couple depuis leur \u00e9limination de Secret Story <\/p>\n<p>\u00c0 peine arriv\u00e9s face aux quatre finalistes, <a href=\"https:\/\/www.programme-tv.net\/news\/tele-realite\/383237-j-ai-trop-honte-de-moi-en-larmes-adrien-secret-story-2025-s-excuse-aupres-de-pimprenelle-apres-leur-rupture-brutale\/\" data-api-deeplink=\"teleloisirs:\/\/news\/383237\" target=\"_blank\" rel=\"noopener\">Adrien et Pimprenelle<\/a> se sont montr\u00e9s tr\u00e8s proches l&rsquo;un de l&rsquo;autre. \u00ab\u00a0Vous \u00eates en couple ?\u00a0\u00bb, leur a demand\u00e9 Romy. \u00ab\u00a0\u00c7a fait deux semaines, on a eu le temps de faire des petits trucs, on a kiff\u00e9, on a chang\u00e9 d&rsquo;air, on a pris le temps\u00a0\u00bb, a alors exprim\u00e9 Adrien, sans donner de d\u00e9tails, avant que Pimprenelle ajoute, visiblement heureuse :<b> <\/b>\u00ab\u00a0On a pris le m\u00eame air\u00a0\u00bb.  Une fois dans le confessionnal, les deux candidats ont confirm\u00e9 \u00eatre en couple. <b>\u00ab\u00a0Je pense que les gens, ils ont bien compris, en vrai, on est ensemble. \u00c7a se voit, quoi\u00a0\u00bb<\/b><b>, <\/b>a d\u00e9clar\u00e9 Adrien avant d&rsquo;ajouter : \u00ab\u00a0En fait, depuis le premier jour\u2026 o\u00f9 on est rentr\u00e9 dans la maison de Cristal, le premier prime, on ne s&rsquo;est pas s\u00e9par\u00e9s jusqu&rsquo;\u00e0 aujourd&rsquo;hui\u00a0\u00bb.<\/p>\n<p>            Pimprenelle et Adrien \u00e9voquent leur couple loin des cam\u00e9ras de Secret Story : \u00ab\u00a0L<b>&lsquo;ext\u00e9rieur se passe mille fois mieux entre nous\u00a0\u00bb<\/b><\/p>\n<p><b>\u00ab\u00a0Je pense qu&rsquo;on est encore plus soud\u00e9s qu&rsquo;avant et l&rsquo;ext\u00e9rieur se passe mille fois mieux entre nous qu&rsquo;\u00e0 l&rsquo;int\u00e9rieur de la maison\u00a0\u00bb,<\/b> a continu\u00e9 Adrien. \u00ab\u00a0Tu peux enfin vivre une histoire sans avoir peur de te faire trahir, de te faire mettre dans le sas ou quelque chose comme \u00e7a.<b> <\/b>Donc forc\u00e9ment, c&rsquo;est un peu plus smooth\u00a0\u00bb, a confi\u00e9 \u00e0 son tour <a href=\"https:\/\/www.programme-tv.net\/news\/tele-realite\/384044-je-lui-ai-ecrit-mais-pimprenelle-secret-story-fan-d-emilien-elle-revele-avoir-essaye-de-contacter-le-champion-des-12-coups-de-midi\/\" data-api-deeplink=\"teleloisirs:\/\/news\/384044\" target=\"_blank\" rel=\"noopener\">Pimprenelle <\/a>avant d&rsquo;\u00e9changer un bisou avec son petit ami.<\/p>\n","protected":false},"excerpt":{"rendered":"Lors de la demi-finale, diffus\u00e9e le 31 juillet dernier, c&rsquo;est A\u00efmed qui a \u00e9t\u00e9 \u00e9limin\u00e9 apr\u00e8s sept semaines&hellip;\n","protected":false},"author":2,"featured_media":297442,"comment_status":"","ping_status":"","sticky":false,"template":"","format":"standard","meta":{"footnotes":""},"categories":[1356],"tags":[37467,244,58,59,1011,27,37473,37469,37470,37471,37472,32725,29901,37474,39375,37468,252,30052,2175,3604,1364],"class_list":{"0":"post-297441","1":"post","2":"type-post","3":"status-publish","4":"format-standard","5":"has-post-thumbnail","7":"category-television","8":"tag-adrien-secret-story-13","9":"tag-commentaire","10":"tag-divertissement","11":"tag-entertainment","12":"tag-fr","13":"tag-france","14":"tag-la-quotidienne-1099514145","15":"tag-la-quotidienne-1099539196","16":"tag-la-quotidienne-1099553915","17":"tag-la-quotidienne-1099565530","18":"tag-la-quotidienne-1099565538","19":"tag-pimprenelle-secret-story-13","20":"tag-secret-story","21":"tag-secret-story-1099553929","22":"tag-secret-story-1099644188","23":"tag-secret-story-40318845","24":"tag-television","25":"tag-tfx","26":"tag-tl-story","27":"tag-tu00e9lu00e9-ru00e9alitu00e9","28":"tag-tv"},"share_on_mastodon":{"url":"https:\/\/pubeurope.com\/@fr\/114974758250554068","error":""},"_links":{"self":[{"href":"https:\/\/www.europesays.com\/fr\/wp-json\/wp\/v2\/posts\/297441","targetHints":{"allow":["GET"]}}],"collection":[{"href":"https:\/\/www.europesays.com\/fr\/wp-json\/wp\/v2\/posts"}],"about":[{"href":"https:\/\/www.europesays.com\/fr\/wp-json\/wp\/v2\/types\/post"}],"author":[{"embeddable":true,"href":"https:\/\/www.europesays.com\/fr\/wp-json\/wp\/v2\/users\/2"}],"replies":[{"embeddable":true,"href":"https:\/\/www.europesays.com\/fr\/wp-json\/wp\/v2\/comments?post=297441"}],"version-history":[{"count":0,"href":"https:\/\/www.europesays.com\/fr\/wp-json\/wp\/v2\/posts\/297441\/revisions"}],"wp:featuredmedia":[{"embeddable":true,"href":"https:\/\/www.europesays.com\/fr\/wp-json\/wp\/v2\/media\/297442"}],"wp:attachment":[{"href":"https:\/\/www.europesays.com\/fr\/wp-json\/wp\/v2\/media?parent=297441"}],"wp:term":[{"taxonomy":"category","embeddable":true,"href":"https:\/\/www.europesays.com\/fr\/wp-json\/wp\/v2\/categories?post=297441"},{"taxonomy":"post_tag","embeddable":true,"href":"https:\/\/www.europesays.com\/fr\/wp-json\/wp\/v2\/tags?post=297441"}],"curies":[{"name":"wp","href":"https:\/\/api.w.org\/{rel}","templated":true}]}}