{"id":297443,"date":"2025-08-05T06:32:10","date_gmt":"2025-08-05T06:32:10","guid":{"rendered":"https:\/\/www.europesays.com\/fr\/297443\/"},"modified":"2025-08-05T06:32:10","modified_gmt":"2025-08-05T06:32:10","slug":"quand-gilbert-becaud-sinvite-malgre-lui-dans-la-campagne-presidentielle-de-1965","status":"publish","type":"post","link":"https:\/\/www.europesays.com\/fr\/297443\/","title":{"rendered":"quand Gilbert B\u00e9caud s\u2019invite malgr\u00e9 lui dans la campagne pr\u00e9sidentielle de 1965"},"content":{"rendered":"<p data-module=\"fig-standfirst-editorial-episode\" data-context=\"@media (min-width:48em)\"><strong>LA POLITIQUE EN ST\u00c9R\u00c9O (1\/7) &#8211; <\/strong>Alors que de Gaulle entretient le flou sur sa candidature, \u00ab\u00a0Monsieur 100.000\u00a0volts\u00bb \u00e9voque sa post\u00e9rit\u00e9 en musique.<\/p>\n<p class=\"fig-paragraph fig-paragraph--dropped\">\u00c0 l\u2019automne 1965, pour la premi\u00e8re fois de leur histoire, les Fran\u00e7ais s\u2019appr\u00eatent \u00e0 \u00e9lire directement leur pr\u00e9sident de la R\u00e9publique. Une rupture institutionnelle majeure\u00a0: jusqu\u2019au r\u00e9f\u00e9rendum organis\u00e9 trois ans plus t\u00f4t &#8211;\u00a0qui a modifi\u00e9 la\u00a0<a href=\"http:\/\/www.lefigaro.fr\/politique\/jean-eric-schoettl-la-loi-constitutionnelle-devra-lever-les-ambiguites-de-l-accord-sur-la-nouvelle-caledonie-20250713\" data-fig-type=\"Article\" data-gtm-custom-categorie=\"navigation\" data-gtm-custom-action=\"crossclick\" data-gtm-custom-label=\"Contextuel\" data-gtm-event=\"customEventSPE\" data-fig-domain=\"LEFIGARO\" target=\"_blank\" rel=\"noopener\">Constitution de 1958<\/a>\u00a0pour y inscrire l\u2019\u00e9lection du chef de l\u2019\u00c9tat au suffrage universel direct\u00a0-, la loi fondamentale pr\u00e9voyait un scrutin indirect, confi\u00e9 \u00e0 un coll\u00e8ge de 80.000\u00a0grands \u00e9lecteurs. \u00c0 mesure que cette \u00e9ch\u00e9ance in\u00e9dite approche, les figures de l\u2019opposition aff\u00fbtent leurs armes, \u00e0 commencer par\u00a0<a href=\"http:\/\/www.lefigaro.fr\/politique\/du-changer-la-vie-au-tournant-de-la-rigueur-ces-jours-de-1983-ou-mitterrand-a-fait-evoluer-le-logiciel-de-la-gauche-20230927\" data-fig-type=\"Article\" data-gtm-custom-categorie=\"navigation\" data-gtm-custom-action=\"crossclick\" data-gtm-custom-label=\"Contextuel\" data-gtm-event=\"customEventSPE\" data-fig-domain=\"LEFIGARO\" target=\"_blank\" rel=\"noopener\">Fran\u00e7ois Mitterrand<\/a>.<\/p>\n<p class=\"fig-paragraph fig-paragraph--dropped\">Si l\u2019auteur du br\u00fblot anti-gaulliste Le Coup d\u2019\u00c9tat permanent (Plon, 1964) &#8211;\u00a0virulente critique d\u2019une pratique du pouvoir jug\u00e9e trop personnelle\u00a0&#8211; a d\u00e9j\u00e0 officialis\u00e9 sa candidature \u00e0 l\u2019\u00c9lys\u00e9e, l\u2019homme du 18-Juin, lui, entretient \u00e0 dessein le suspense sur ses intentions. Fort d\u2019une stature historique \u00e9crasante, d\u2019une l\u00e9gitimit\u00e9 politique incontestable, et d\u2019un bilan de r\u00e9formes de profondeur, de Gaulle cherche alors \u00e0 se maintenir\u2026<\/p>\n<p class=\"fig-premium-paywall__infos\">\n        Cet article est r\u00e9serv\u00e9 aux abonn\u00e9s.        Il vous reste 84% \u00e0 d\u00e9couvrir.\n    <\/p>\n<p>                <img  data- alt=\"Le Figaro\" class=\"fig-img--complete fig-img\"\/><\/p>\n<p class=\"fig-premium-paywall__title\">Vous avez envie de lire la suite ?<\/p>\n<p class=\"fig-premium-paywall__subtitle\">D\u00e9bloquez tous les articles imm\u00e9diatement.<\/p>\n<p class=\"fig-premium-paywall__connect\">\n                D\u00e9j\u00e0 abonn\u00e9\u00a0?                <a class=\"fig-premium-paywall__connect-link\" href=\"https:\/\/connect.lefigaro.fr\/login?client=horizon_web&amp;type=main&amp;redirect_uri=https%3A%2F%2Fwww.lefigaro.fr%2Fpolitique%2Ftu-le-regretteras-gilbert-becaud-s-invite-malgre-lui-dans-la-campagne-de-1965-20250805\" data-js-gtm=\"{&quot;customCategorie&quot;: &quot;conversion&quot;, &quot;customAction&quot;: &quot;before_Landing_Connexion_paywall_auto&quot;, &quot;customLabel&quot;: &quot;bGVmaWdhcm8uZnJfXzFmMDYxNjczLTQyN2ItNjE0Yy1iNTk4LWZkM2VkMTE1M2EyY19fQXJ0aWNsZQ==_\u00abTu le regretteras\u00bb: quand Gilbert B\u00e9caud s\u2019invite malgr\u00e9 lui dans la campagne pr\u00e9sidentielle de 1965_424&quot;, &quot;customIDSPE&quot;: &quot;bGVmaWdhcm8uZnJfXzFmMDYxNjczLTQyN2ItNjE0Yy1iNTk4LWZkM2VkMTE1M2EyY19fQXJ0aWNsZQ==&quot;, &quot;event&quot;: &quot;customEventSPE&quot;}\" target=\"_blank\" rel=\"noopener\"><br \/>\n                    Connectez-vous<br \/>\n                <\/a>\n            <\/p>\n","protected":false},"excerpt":{"rendered":"LA POLITIQUE EN ST\u00c9R\u00c9O (1\/7) &#8211; Alors que de Gaulle entretient le flou sur sa candidature, \u00ab\u00a0Monsieur 100.000\u00a0volts\u00bb&hellip;\n","protected":false},"author":2,"featured_media":297444,"comment_status":"","ping_status":"","sticky":false,"template":"","format":"standard","meta":{"footnotes":""},"categories":[1355],"tags":[1695,14508,58,59,1011,27,43784,1361,873,316],"class_list":{"0":"post-297443","1":"post","2":"type-post","3":"status-publish","4":"format-standard","5":"has-post-thumbnail","7":"category-musique","8":"tag-chanson","9":"tag-charles-de-gaulle","10":"tag-divertissement","11":"tag-entertainment","12":"tag-fr","13":"tag-france","14":"tag-gilbert-becaud","15":"tag-music","16":"tag-musique","17":"tag-politique"},"share_on_mastodon":{"url":"https:\/\/pubeurope.com\/@fr\/114974762192201034","error":""},"_links":{"self":[{"href":"https:\/\/www.europesays.com\/fr\/wp-json\/wp\/v2\/posts\/297443","targetHints":{"allow":["GET"]}}],"collection":[{"href":"https:\/\/www.europesays.com\/fr\/wp-json\/wp\/v2\/posts"}],"about":[{"href":"https:\/\/www.europesays.com\/fr\/wp-json\/wp\/v2\/types\/post"}],"author":[{"embeddable":true,"href":"https:\/\/www.europesays.com\/fr\/wp-json\/wp\/v2\/users\/2"}],"replies":[{"embeddable":true,"href":"https:\/\/www.europesays.com\/fr\/wp-json\/wp\/v2\/comments?post=297443"}],"version-history":[{"count":0,"href":"https:\/\/www.europesays.com\/fr\/wp-json\/wp\/v2\/posts\/297443\/revisions"}],"wp:featuredmedia":[{"embeddable":true,"href":"https:\/\/www.europesays.com\/fr\/wp-json\/wp\/v2\/media\/297444"}],"wp:attachment":[{"href":"https:\/\/www.europesays.com\/fr\/wp-json\/wp\/v2\/media?parent=297443"}],"wp:term":[{"taxonomy":"category","embeddable":true,"href":"https:\/\/www.europesays.com\/fr\/wp-json\/wp\/v2\/categories?post=297443"},{"taxonomy":"post_tag","embeddable":true,"href":"https:\/\/www.europesays.com\/fr\/wp-json\/wp\/v2\/tags?post=297443"}],"curies":[{"name":"wp","href":"https:\/\/api.w.org\/{rel}","templated":true}]}}