{"id":297447,"date":"2025-08-05T06:34:09","date_gmt":"2025-08-05T06:34:09","guid":{"rendered":"https:\/\/www.europesays.com\/fr\/297447\/"},"modified":"2025-08-05T06:34:09","modified_gmt":"2025-08-05T06:34:09","slug":"cerveau-poumon-intestin-les-impacts-inquietants-des-microplastiques-sur-la-sante","status":"publish","type":"post","link":"https:\/\/www.europesays.com\/fr\/297447\/","title":{"rendered":"Cerveau, poumon, intestin&#8230;\u00a0Les impacts inqui\u00e9tants des microplastiques sur la sant\u00e9"},"content":{"rendered":"<p><strong>D\u00c9CRYPTAGE <\/strong>&#8211; De plus en plus d\u2019\u00e9tudes scientifiques commencent \u00e0 mettre en \u00e9vidence les effets n\u00e9fastes des petites particules de polym\u00e8res sur la sant\u00e9 humaine.<\/p>\n<p class=\"fig-paragraph\">En f\u00e9vrier 2025, une \u00e9tude publi\u00e9e dans la revue Nature Medicine est venue confirmer les craintes de nombreux sp\u00e9cialistes\u00a0:\u00a0<a href=\"http:\/\/www.lefigaro.fr\/sciences\/le-monde-engage-la-bataille-contre-la-pollution-plastique-20250804\" data-fig-type=\"Article\" data-gtm-custom-categorie=\"navigation\" data-gtm-custom-action=\"crossclick\" data-gtm-custom-label=\"Contextuel\" data-gtm-event=\"customEventSPE\" data-fig-domain=\"LEFIGARO\" target=\"_blank\" rel=\"noopener\">les microparticules les plus fines issues de la d\u00e9gradation des plastiques<\/a>\u00a0r\u00e9ussissent \u00e0 p\u00e9n\u00e9trer dans le cerveau humain, o\u00f9 elles s\u2019accumulent, avec un impact encore mal connu sur le fonctionnement des neurones. \u00ab\u00a0Ce n\u2019est pas vraiment une surprise, mais c\u2019est quand m\u00eame une tr\u00e8s mauvaise nouvelle\u00a0\u00bb, r\u00e9sume Mathilde Body-Malapel, chercheuse sp\u00e9cialis\u00e9e en immunotoxicologie \u00e0 l\u2019universit\u00e9 de Lille.<\/p>\n<p class=\"fig-paragraph\">Les chercheurs de l\u2019universit\u00e9 du Nouveau-Mexique, \u00e0 Albuquerque, ont r\u00e9alis\u00e9 50\u00a0autopsies et ont retrouv\u00e9 des particules de plastique dans 100% des cerveaux analys\u00e9s. Les personnes mortes en 2024 \u00e9taient plus contamin\u00e9es que celles d\u00e9c\u00e9d\u00e9es en 2016, ce qui laisse penser qu\u2019avec une pollution mondiale qui augmente, le probl\u00e8me ne peut que s\u2019aggraver. Parmi les effets possibles sur le cerveau, les sp\u00e9cialistes craignent notamment une augmentation du risque de d\u00e9mences\u2026<\/p>\n<p class=\"fig-premium-paywall__infos\">\n        Cet article est r\u00e9serv\u00e9 aux abonn\u00e9s.        Il vous reste 80% \u00e0 d\u00e9couvrir.\n    <\/p>\n<p>                <img  data- alt=\"Le Figaro\" class=\"fig-img--complete fig-img\"\/><\/p>\n<p class=\"fig-premium-paywall__title\">Vous avez envie de lire la suite ?<\/p>\n<p class=\"fig-premium-paywall__subtitle\">D\u00e9bloquez tous les articles imm\u00e9diatement.<\/p>\n<p class=\"fig-premium-paywall__connect\">\n                D\u00e9j\u00e0 abonn\u00e9\u00a0?                <a class=\"fig-premium-paywall__connect-link\" href=\"https:\/\/connect.lefigaro.fr\/login?client=sante_web&amp;type=main&amp;redirect_uri=https%3A%2F%2Fsante.lefigaro.fr%2Fsocial%2Fsante-publique%2Fcerveau-poumon-intestin-les-impacts-inquietants-des-microplastiques-sur-la-sante-20250805\" data-js-gtm=\"{&quot;customCategorie&quot;: &quot;conversion&quot;, &quot;customAction&quot;: &quot;before_Landing_Connexion_paywall_auto&quot;, &quot;customLabel&quot;: &quot;c2FudGUubGVmaWdhcm8uZnJfXzFmMDcxMGU5LTY3NWMtNjI1Ni05ZjllLTc1OTQ4YTM5OWZjOF9fQXJ0aWNsZQ==_Cerveau, poumon, intestin...\u00a0Les impacts inqui\u00e9tants des microplastiques sur la sant\u00e9_464&quot;, &quot;customIDSPE&quot;: &quot;c2FudGUubGVmaWdhcm8uZnJfXzFmMDcxMGU5LTY3NWMtNjI1Ni05ZjllLTc1OTQ4YTM5OWZjOF9fQXJ0aWNsZQ==&quot;, &quot;event&quot;: &quot;customEventSPE&quot;}\" target=\"_blank\" rel=\"noopener\"><br \/>\n                    Connectez-vous<br \/>\n                <\/a>\n            <\/p>\n","protected":false},"excerpt":{"rendered":"D\u00c9CRYPTAGE &#8211; De plus en plus d\u2019\u00e9tudes scientifiques commencent \u00e0 mettre en \u00e9vidence les effets n\u00e9fastes des petites&hellip;\n","protected":false},"author":2,"featured_media":297448,"comment_status":"","ping_status":"","sticky":false,"template":"","format":"standard","meta":{"footnotes":""},"categories":[10],"tags":[231,1011,27,72,1800,71],"class_list":{"0":"post-297447","1":"post","2":"type-post","3":"status-publish","4":"format-standard","5":"has-post-thumbnail","7":"category-sante","8":"tag-cerveau","9":"tag-fr","10":"tag-france","11":"tag-health","12":"tag-pollution","13":"tag-sante"},"share_on_mastodon":{"url":"https:\/\/pubeurope.com\/@fr\/114974770056848744","error":""},"_links":{"self":[{"href":"https:\/\/www.europesays.com\/fr\/wp-json\/wp\/v2\/posts\/297447","targetHints":{"allow":["GET"]}}],"collection":[{"href":"https:\/\/www.europesays.com\/fr\/wp-json\/wp\/v2\/posts"}],"about":[{"href":"https:\/\/www.europesays.com\/fr\/wp-json\/wp\/v2\/types\/post"}],"author":[{"embeddable":true,"href":"https:\/\/www.europesays.com\/fr\/wp-json\/wp\/v2\/users\/2"}],"replies":[{"embeddable":true,"href":"https:\/\/www.europesays.com\/fr\/wp-json\/wp\/v2\/comments?post=297447"}],"version-history":[{"count":0,"href":"https:\/\/www.europesays.com\/fr\/wp-json\/wp\/v2\/posts\/297447\/revisions"}],"wp:featuredmedia":[{"embeddable":true,"href":"https:\/\/www.europesays.com\/fr\/wp-json\/wp\/v2\/media\/297448"}],"wp:attachment":[{"href":"https:\/\/www.europesays.com\/fr\/wp-json\/wp\/v2\/media?parent=297447"}],"wp:term":[{"taxonomy":"category","embeddable":true,"href":"https:\/\/www.europesays.com\/fr\/wp-json\/wp\/v2\/categories?post=297447"},{"taxonomy":"post_tag","embeddable":true,"href":"https:\/\/www.europesays.com\/fr\/wp-json\/wp\/v2\/tags?post=297447"}],"curies":[{"name":"wp","href":"https:\/\/api.w.org\/{rel}","templated":true}]}}