{"id":297459,"date":"2025-08-05T06:40:23","date_gmt":"2025-08-05T06:40:23","guid":{"rendered":"https:\/\/www.europesays.com\/fr\/297459\/"},"modified":"2025-08-05T06:40:23","modified_gmt":"2025-08-05T06:40:23","slug":"face-aux-risques-de-feux-de-foret-laude-placee-en-vigilance-rouge-a-compter-de-mardi","status":"publish","type":"post","link":"https:\/\/www.europesays.com\/fr\/297459\/","title":{"rendered":"Face aux risques de feux de for\u00eat, l\u2019Aude plac\u00e9e en vigilance rouge \u00e0 compter de mardi"},"content":{"rendered":"<p>        <img decoding=\"async\" loading=\"lazy\" src=\"https:\/\/www.europesays.com\/fr\/wp-content\/uploads\/2025\/08\/bdf7668_upload-1-ejlh2rjlo7zu-000-664z7yk.jpg\"  width=\"728\" height=\"409\" alt=\"L\u2019Aude est en vigilance rouge, mardi 5\u00a0ao\u00fbt, face au risque d\u2019incendie. Photo d\u2019illustration d\u2019un avion bombardier d\u2019eau pr\u00e8s de Narbonne, le 8\u00a0juillet 2025.\"\/>  <\/p>\n<p>MATTHIEU RONDEL \/ AFP<\/p>\n<p>L\u2019Aude est en vigilance rouge, mardi 5\u00a0ao\u00fbt, face au risque d\u2019incendie. Photo d\u2019illustration d\u2019un avion bombardier d\u2019eau pr\u00e8s de Narbonne, le 8\u00a0juillet 2025.<\/p>\n<p class=\"asset asset-text\">METEO &#8211; Risque maximal. Le d\u00e9partement de l\u2019<a href=\"https:\/\/www.huffingtonpost.fr\/france\/video\/martigues-frejus-le-sud-de-l-hexagone-victime-de-plusieurs-incendies-jeudi-soir_252725.html\" rel=\"nofollow noopener\" target=\"_blank\">Aude<\/a> sera en vigilance rouge aux <a href=\"https:\/\/www.huffingtonpost.fr\/environnement\/article\/apres-les-incendies-en-gironde-de-l-ete-2022-la-terre-s-est-enfin-arretee-de-bruler-deux-ans-et-demi-plus-tard_247672.html\" rel=\"nofollow noopener\" target=\"_blank\">feux de for\u00eat<\/a> mardi 5\u00a0ao\u00fbt, avec un risque \u00ab\u00a0tr\u00e8s \u00e9lev\u00e9\u00a0\u00bb d\u2019incendie, a annonc\u00e9 M\u00e9t\u00e9o-France ce lundi 4\u00a0ao\u00fbt. \u00ab\u00a0Dans une atmosph\u00e8re chaude et s\u00e8che, avec de la tramontane, le danger de feux sera tr\u00e8s \u00e9lev\u00e9 sur l\u2019Aude ce mardi\u00a0\u00bb, explique M\u00e9t\u00e9o-France.<\/p>\n<p class=\"asset asset-text\">Selon le pr\u00e9visionniste, la tramontane g\u00e9n\u00e9rera \u00ab\u00a0des rafales \u00e0 50-70\u00a0km\/h\u00a0\u00bb. Au total, neuf d\u00e9partements du sud de la France seront pour leur part en vigilance orange \u2013 \u00ab\u00a0risque \u00e9lev\u00e9\u00a0\u00bb d\u2019incendie \u2013 mardi 5\u00a0ao\u00fbt\u00a0: la Haute-Garonne, le Tarn-et-Garonne, les Pyr\u00e9n\u00e9es-Orientales, l\u2019H\u00e9rault, le Gard, la Dr\u00f4me, le Vaucluse, les Bouches-du-Rh\u00f4ne et le Var.<\/p>\n<p class=\"asset asset-text\">\u00c0 la moiti\u00e9 de la saison estivale, la S\u00e9curit\u00e9 civile a comptabilis\u00e9 d\u00e9j\u00e0 plus de 15\u00a0000 hectares br\u00fbl\u00e9s sur le territoire national pour 9\u00a0000 d\u00e9parts de feu depuis le d\u00e9but de l\u2019ann\u00e9e, principalement sur le littoral m\u00e9diterran\u00e9en.<\/p>\n<p> La lecture de ce contenu est susceptible d\u2019entra\u00eener un d\u00e9p\u00f4t de cookies de la part de l\u2019op\u00e9rateur tiers qui l\u2019h\u00e9berge. Compte-tenu des choix que vous avez exprim\u00e9s en mati\u00e8re de d\u00e9p\u00f4t de cookies, nous avons bloqu\u00e9 l\u2019affichage de ce contenu. Si vous souhaitez y acc\u00e9der, vous devez accepter la cat\u00e9gorie de cookies \u201cContenus tiers\u201d en cliquant sur le bouton ci-dessous. <\/p>\n<p> Lire la Vid\u00e9o        <\/p>\n<p class=\"asset asset-text\">Le risque d\u2019incendie aura tendance \u00e0 s\u2019accentuer dans le courant de la semaine avec une hausse progressive des temp\u00e9ratures, notamment dans le Sud-Ouest et la vall\u00e9e du Rh\u00f4ne. \u00ab\u00a0On ne peut pas exclure qu\u2019une partie du Sud-Ouest puisse passer en vigilance orange canicule\u00a0\u00bb, a dit \u00e0 l\u2019AFP le pr\u00e9visionniste J\u00e9r\u00f4me Lecou. \u00ab\u00a0Mais il y a quand m\u00eame des incertitudes sur ce qui peut se passer en fin de semaine\u00a0\u00bb, et \u00ab\u00a0pour le moment, on n\u2019anticipe pas quelque chose de l\u2019ampleur de ce qu\u2019on a connu en juillet, loin de l\u00e0\u00a0\u00bb.<\/p>\n<p class=\"asset asset-text\">Les mod\u00e8les de M\u00e9t\u00e9o-France dessinent en effet un \u00ab\u00a0sc\u00e9nario incertain pour le week-end\u00a0\u00bb, bien que l\u2019option privil\u00e9gi\u00e9e reste \u00e0 ce stade le maintien d\u2019une masse d\u2019air chaud sur le Sud-Ouest, o\u00f9 les temp\u00e9ratures atteindront 34 \u00e0 35\u00a0\u00b0C, avec des pointes de 36 \u00e0 38\u00a0\u00b0C, pr\u00e9cise M. Lecou.<\/p>\n<p class=\"asset asset-text\">L\u2019air frais pr\u00e9sent sur le nord de l\u2019Hexagone du fait d\u2019une d\u00e9pression \u00e0 hauteur de l\u2019\u00c9cosse pourrait toutefois se d\u00e9placer au sud et contribuer, si c\u2019\u00e9tait le cas, \u00e0 rafra\u00eechir la moiti\u00e9 m\u00e9ridionale de la France.<\/p>\n<p class=\"asset asset-text\">Depuis le d\u00e9but de l\u2019\u00e9t\u00e9, plusieurs incendies sont intervenus dans l\u2019Aude, touch\u00e9 par la s\u00e9cheresse et les fortes chaleurs. L\u2019un d\u2019eux, au d\u00e9but du mois de juillet, le plus important dans le d\u00e9partement depuis 1986, avait parcouru 2\u00a0000 hectares et mobilis\u00e9 pr\u00e8s de 1\u00a0000 pompiers pr\u00e8s de Narbonne.<\/p>\n","protected":false},"excerpt":{"rendered":"MATTHIEU RONDEL \/ AFP L\u2019Aude est en vigilance rouge, mardi 5\u00a0ao\u00fbt, face au risque d\u2019incendie. Photo d\u2019illustration d\u2019un&hellip;\n","protected":false},"author":2,"featured_media":297460,"comment_status":"","ping_status":"","sticky":false,"template":"","format":"standard","meta":{"footnotes":""},"categories":[4],"tags":[11,4086,436,27571,1011,27,1310,2487,12,25],"class_list":{"0":"post-297459","1":"post","2":"type-post","3":"status-publish","4":"format-standard","5":"has-post-thumbnail","7":"category-france","8":"tag-actualites","9":"tag-aude","10":"tag-environnement","11":"tag-feux-de-foret","12":"tag-fr","13":"tag-france","14":"tag-incendie","15":"tag-meteo","16":"tag-news","17":"tag-republique-francaise"},"share_on_mastodon":{"url":"https:\/\/pubeurope.com\/@fr\/114974793690232480","error":""},"_links":{"self":[{"href":"https:\/\/www.europesays.com\/fr\/wp-json\/wp\/v2\/posts\/297459","targetHints":{"allow":["GET"]}}],"collection":[{"href":"https:\/\/www.europesays.com\/fr\/wp-json\/wp\/v2\/posts"}],"about":[{"href":"https:\/\/www.europesays.com\/fr\/wp-json\/wp\/v2\/types\/post"}],"author":[{"embeddable":true,"href":"https:\/\/www.europesays.com\/fr\/wp-json\/wp\/v2\/users\/2"}],"replies":[{"embeddable":true,"href":"https:\/\/www.europesays.com\/fr\/wp-json\/wp\/v2\/comments?post=297459"}],"version-history":[{"count":0,"href":"https:\/\/www.europesays.com\/fr\/wp-json\/wp\/v2\/posts\/297459\/revisions"}],"wp:featuredmedia":[{"embeddable":true,"href":"https:\/\/www.europesays.com\/fr\/wp-json\/wp\/v2\/media\/297460"}],"wp:attachment":[{"href":"https:\/\/www.europesays.com\/fr\/wp-json\/wp\/v2\/media?parent=297459"}],"wp:term":[{"taxonomy":"category","embeddable":true,"href":"https:\/\/www.europesays.com\/fr\/wp-json\/wp\/v2\/categories?post=297459"},{"taxonomy":"post_tag","embeddable":true,"href":"https:\/\/www.europesays.com\/fr\/wp-json\/wp\/v2\/tags?post=297459"}],"curies":[{"name":"wp","href":"https:\/\/api.w.org\/{rel}","templated":true}]}}