{"id":297463,"date":"2025-08-05T06:42:10","date_gmt":"2025-08-05T06:42:10","guid":{"rendered":"https:\/\/www.europesays.com\/fr\/297463\/"},"modified":"2025-08-05T06:42:10","modified_gmt":"2025-08-05T06:42:10","slug":"il-ne-suffit-pas-de-denoncer-les-injustices-il-faut-mouiller-la-chemise","status":"publish","type":"post","link":"https:\/\/www.europesays.com\/fr\/297463\/","title":{"rendered":"\u00abIl ne suffit pas de d\u00e9noncer les injustices, il faut mouiller la chemise\u00bb"},"content":{"rendered":"<p>                            Les raisons de son engagement<\/p>\n<p>\u00ab\u00a0Je suis toujours du c\u00f4t\u00e9 du plus faible, je n\u2019aime pas les injustices. Mais il ne suffit pas de les d\u00e9noncer, il faut mouiller la chemise, comme on dit\u00a0! La pens\u00e9e magique n\u2019existe pas, la vie est un combat, malheureusement.<\/p>\n<p>Je me suis engag\u00e9 en politique en 2005, au Parti socialiste. J\u2019ai frapp\u00e9 \u00e0 la porte et on m\u2019a ouvert. J\u2019y suis rest\u00e9, contre vents et mar\u00e9es, anim\u00e9 par des valeurs humanistes et de solidarit\u00e9.\u00a0\u00bb<\/p>\n<p>\u00ab\u00a0Je suis rentr\u00e9 directement par la grande porte\u00a0\u00bb<\/p>\n<p>\u00ab\u00a0\u00c0 cette \u00e9poque, \u00e0 Saint-Chamond, ils cherchaient quelqu\u2019un pour succ\u00e9der \u00e0 <a href=\"https:\/\/www.leprogres.fr\/loire\/2015\/04\/04\/je-n-ai-aucun-regret-j-ai-eprouve-beaucoup-de-plaisir\" target=\"_blank\" rel=\"nofollow noopener\">Marc Lassabli\u00e8re<\/a>, qui ne voulait plus se pr\u00e9senter. En 2008, lors des \u00e9lections municipales, la droite est divis\u00e9e entre&#8230;<\/p>\n","protected":false},"excerpt":{"rendered":"Les raisons de son engagement \u00ab\u00a0Je suis toujours du c\u00f4t\u00e9 du plus faible, je n\u2019aime pas les injustices.&hellip;\n","protected":false},"author":2,"featured_media":297464,"comment_status":"","ping_status":"","sticky":false,"template":"","format":"standard","meta":{"footnotes":""},"categories":[9653],"tags":[1111,11,2430,7539,1777,674,1011,27,12,316,25,9669,9670,4001],"class_list":{"0":"post-297463","1":"post","2":"type-post","3":"status-publish","4":"format-standard","5":"has-post-thumbnail","7":"category-saint-etienne","8":"tag-actu","9":"tag-actualites","10":"tag-auvergne-rhone-alpes","11":"tag-edition-loire-sud","12":"tag-eu","13":"tag-europe","14":"tag-fr","15":"tag-france","16":"tag-news","17":"tag-politique","18":"tag-republique-francaise","19":"tag-saint-chamond","20":"tag-saint-chamond-ville","21":"tag-saint-etienne"},"share_on_mastodon":{"url":"https:\/\/pubeurope.com\/@fr\/114974801566456196","error":""},"_links":{"self":[{"href":"https:\/\/www.europesays.com\/fr\/wp-json\/wp\/v2\/posts\/297463","targetHints":{"allow":["GET"]}}],"collection":[{"href":"https:\/\/www.europesays.com\/fr\/wp-json\/wp\/v2\/posts"}],"about":[{"href":"https:\/\/www.europesays.com\/fr\/wp-json\/wp\/v2\/types\/post"}],"author":[{"embeddable":true,"href":"https:\/\/www.europesays.com\/fr\/wp-json\/wp\/v2\/users\/2"}],"replies":[{"embeddable":true,"href":"https:\/\/www.europesays.com\/fr\/wp-json\/wp\/v2\/comments?post=297463"}],"version-history":[{"count":0,"href":"https:\/\/www.europesays.com\/fr\/wp-json\/wp\/v2\/posts\/297463\/revisions"}],"wp:featuredmedia":[{"embeddable":true,"href":"https:\/\/www.europesays.com\/fr\/wp-json\/wp\/v2\/media\/297464"}],"wp:attachment":[{"href":"https:\/\/www.europesays.com\/fr\/wp-json\/wp\/v2\/media?parent=297463"}],"wp:term":[{"taxonomy":"category","embeddable":true,"href":"https:\/\/www.europesays.com\/fr\/wp-json\/wp\/v2\/categories?post=297463"},{"taxonomy":"post_tag","embeddable":true,"href":"https:\/\/www.europesays.com\/fr\/wp-json\/wp\/v2\/tags?post=297463"}],"curies":[{"name":"wp","href":"https:\/\/api.w.org\/{rel}","templated":true}]}}