{"id":297469,"date":"2025-08-05T06:46:41","date_gmt":"2025-08-05T06:46:41","guid":{"rendered":"https:\/\/www.europesays.com\/fr\/297469\/"},"modified":"2025-08-05T06:46:41","modified_gmt":"2025-08-05T06:46:41","slug":"on-va-jouer-cinq-chansons-les-plus-connues-boney-m-pret-a-faire-danser-la-seyne-ce-vendredi-au-festival-la-kermesse","status":"publish","type":"post","link":"https:\/\/www.europesays.com\/fr\/297469\/","title":{"rendered":"\u00ab\u00a0On va jouer cinq chansons, les plus connues&#8230;\u00a0\u00bb: Boney M pr\u00eat \u00e0 faire danser La Seyne ce vendredi au festival La Kermesse"},"content":{"rendered":"<p>Que celui qui n\u2019a jamais boug\u00e9 son corps sur Rasputin ou repris en ch\u0153ur le refrain de Daddy Cool nous jette la premi\u00e8re pierre (et m\u00eame les suivantes). Boney M traverse les \u00e9poques. Le groupe puise ses racines dans les ann\u00e9es 1970, en Allemagne, avec la particularit\u00e9 d\u2019avoir \u00e9t\u00e9 mont\u00e9 par des producteurs, dont Frank Farian, qui en fut aussi la voix. Si la formation originelle p\u00e9riclite au c\u0153ur des ann\u00e9es 1980, Boney M continue d\u2019exister au fil des d\u00e9cennies \u00e0 travers de nouvelles compositions, tout en conservant son ADN: du disco, des rythmes endiabl\u00e9s et un melting-pot culturel assum\u00e9.<\/p>\n<p><strong>Beckie Bell, depuis 28 ans dans le groupe<\/strong><\/p>\n<p>Le groupe est ainsi en t\u00eate d\u2019affiche de La Kermesse, ce vendredi \u00e0 La Seyne-sur-Mer. Parmi les voix pr\u00e9sentes sur sc\u00e8ne: Beckie Bell. \u00ab\u00a0J\u2019ai 70 ans aujourd\u2019hui, je fais partie de Boney M depuis que j\u2019ai 42 ans\u2026 \u00c7a fait donc 28 ans\u00a0\u00bb, calcule la chanteuse dans un fran\u00e7ais impeccable, teint\u00e9 d\u2019un accent am\u00e9ricain qui rappelle ses origines.<\/p>\n<p>Son arriv\u00e9e dans le groupe r\u00e9sulte d\u2019un concours de circonstances. \u00ab\u00a0Le groupe original s\u2019\u00e9tait s\u00e9par\u00e9. Et Bobby Farrell, le chanteur, a remont\u00e9 une formation avec deux chanteuses.\u00a0\u00bb Mais les choses ne se passent pas tr\u00e8s bien, et un producteur d\u00e9cide alors de monter une autre version, avec trois chanteuses, sans Bobby Farrell.<\/p>\n<p>\u00a0\u00bb C\u2019est l\u00e0 que j\u2019ai int\u00e9gr\u00e9 le groupe, avec Maureen Laurens et Anthea Ferrell.\u00a0\u00bb Beckie Bell devient alors l\u2019une des voix de Boney M. \u00ab\u00a0Je connaissais un tout petit peu le groupe, avec quelques titres, mais peu, pour \u00eatre honn\u00eate. Maintenant, je connais toutes les chansons!\u00a0\u00bb, s\u2019amuse-t-elle dans un \u00e9clat de rire. Et de retracer son parcours au sein du groupe: \u00ab\u00a0On a commenc\u00e9 \u00e0 trois filles, on a sillonn\u00e9 la France. Et apr\u00e8s la mort de Bobby Farrell [en 2010, ndlr], on a int\u00e9gr\u00e9 un gar\u00e7on dans le groupe.\u00a0\u00bb C\u2019est cette formation qui montera sur la sc\u00e8ne du parc de la Navale, encadr\u00e9e d\u00e9sormais par un jeune manager fran\u00e7ais Freddy Paoli, avec Orlando Louis au chant.<\/p>\n<p><strong>Une musique qui traverse les g\u00e9n\u00e9rations<\/strong><\/p>\n<p>Ce soir, Boney M fera face \u00e0 un public qui ne vient peut-\u00eatre pas uniquement pour eux, mais qui conna\u00eet forc\u00e9ment les tubes. \u00ab\u00a0C\u2019est dr\u00f4le, car peu importent les g\u00e9n\u00e9rations, les gens connaissent les chansons. \u00c7a traverse le temps. On a tous les \u00e2ges dans le public. Et dans un festival comme celui-ci, m\u00eame si certains ne connaissent pas notre musique, ils ressentent le feeling, les vibrations sur sc\u00e8ne\u2026 Je crois que les chansons de Boney M vont vivre encore trente ans\u00a0\u00bb, sourit Beckie Bell. D\u2019ailleurs, elle-m\u00eame apr\u00e8s 28 ans \u00e0 interpr\u00e9ter ces titres-l\u00e0, ne s\u2019en lasse pas du haut de ses 70 ans. \u00ab\u00a0Vous savez pourquoi? Pour le public. Quand il est chaud, qu\u2019on voit des \u00e9motions sur les visages, qu\u2019ils s\u2019amusent, \u00e7a donne la force de continuer. Parce qu\u2019il faut \u00eatre honn\u00eate: les tourn\u00e9es, les voyages, c\u2019est parfois tr\u00e8s fatigant. Mais ce partage sur sc\u00e8ne, \u00e7a vaut le coup.\u00a0\u00bb M\u00eame si parfois dans le cadre d\u2019un festival comme la Kermesse, cela passe que par quelques chansons. \u00ab\u00a0On va jouer cinq chansons je crois. C\u2019est un peu court. On chante forc\u00e9ment les plus connues et, quand le public est vraiment chaud, il faut laisser la place\u00a0\u00bb, regrette-t-elle dans un sourire, toujours anim\u00e9e par la sc\u00e8ne. Et quand on lui demande ses titres pr\u00e9f\u00e9r\u00e9s, la chanteuse n\u2019h\u00e9site pas: \u00ab\u00a0Rasputin, mais aussi Ma Baker, car c\u2019est une histoire dr\u00f4le, et \u00e9videmment Daddy Cool, parce que \u00e7a fait danser tout le monde.\u00a0\u00bb Des tubes qui seront \u00e0 l\u2019honneur ce soir \u00e0 La Seyne. Avec, comme toujours, cette capacit\u00e9 unique \u00e0 faire danser toutes les g\u00e9n\u00e9rations.<\/p>\n<p>Ce vendredi, au parc de la Navale \u00e0 La Seyne-sur-Mer. Tarifs d\u00e8s 55,98 euros. \u00c0 l\u2019affiche ce soir: Boney M, N\u00e8g\u2019 Marrons, Oph\u00e9lie Winter, Tribal Kings, L5, Kenza Farah, Sla\u00ef, Francky Vincent et Kayliah. <b>Samedi<\/b>: Inha, Shy\u2019m, K.Maro, Gilbert Montagn\u00e9, Jessy Matador, Willy Denzey, Moussier Tombola, Pep\u2019s, Tom Frager, (Doc Gyneco annul\u00e9). <b>Dimanche<\/b>: Fatal Bazooka, Keen\u2019V, Zaho, Helmut Fritz, Lucenzo, PZK, Kamini, Factor X, Perle Lama, Andrick Airways, Fun Facto.<\/p>\n","protected":false},"excerpt":{"rendered":"Que celui qui n\u2019a jamais boug\u00e9 son corps sur Rasputin ou repris en ch\u0153ur le refrain de Daddy&hellip;\n","protected":false},"author":2,"featured_media":297470,"comment_status":"","ping_status":"","sticky":false,"template":"","format":"standard","meta":{"footnotes":""},"categories":[9619],"tags":[1111,11,4156,251,1777,674,1011,27,12,882,25,2310],"class_list":{"0":"post-297469","1":"post","2":"type-post","3":"status-publish","4":"format-standard","5":"has-post-thumbnail","7":"category-toulon","8":"tag-actu","9":"tag-actualites","10":"tag-concerts","11":"tag-culture","12":"tag-eu","13":"tag-europe","14":"tag-fr","15":"tag-france","16":"tag-news","17":"tag-provence-alpes-cote-dazur","18":"tag-republique-francaise","19":"tag-toulon"},"share_on_mastodon":{"url":"https:\/\/pubeurope.com\/@fr\/114974817171207614","error":""},"_links":{"self":[{"href":"https:\/\/www.europesays.com\/fr\/wp-json\/wp\/v2\/posts\/297469","targetHints":{"allow":["GET"]}}],"collection":[{"href":"https:\/\/www.europesays.com\/fr\/wp-json\/wp\/v2\/posts"}],"about":[{"href":"https:\/\/www.europesays.com\/fr\/wp-json\/wp\/v2\/types\/post"}],"author":[{"embeddable":true,"href":"https:\/\/www.europesays.com\/fr\/wp-json\/wp\/v2\/users\/2"}],"replies":[{"embeddable":true,"href":"https:\/\/www.europesays.com\/fr\/wp-json\/wp\/v2\/comments?post=297469"}],"version-history":[{"count":0,"href":"https:\/\/www.europesays.com\/fr\/wp-json\/wp\/v2\/posts\/297469\/revisions"}],"wp:featuredmedia":[{"embeddable":true,"href":"https:\/\/www.europesays.com\/fr\/wp-json\/wp\/v2\/media\/297470"}],"wp:attachment":[{"href":"https:\/\/www.europesays.com\/fr\/wp-json\/wp\/v2\/media?parent=297469"}],"wp:term":[{"taxonomy":"category","embeddable":true,"href":"https:\/\/www.europesays.com\/fr\/wp-json\/wp\/v2\/categories?post=297469"},{"taxonomy":"post_tag","embeddable":true,"href":"https:\/\/www.europesays.com\/fr\/wp-json\/wp\/v2\/tags?post=297469"}],"curies":[{"name":"wp","href":"https:\/\/api.w.org\/{rel}","templated":true}]}}