{"id":297476,"date":"2025-08-05T06:51:12","date_gmt":"2025-08-05T06:51:12","guid":{"rendered":"https:\/\/www.europesays.com\/fr\/297476\/"},"modified":"2025-08-05T06:51:12","modified_gmt":"2025-08-05T06:51:12","slug":"regis-brouard-il-fallait-changer-beaucoup-de-joueurs-car-trop-de-choses-setaient-installees","status":"publish","type":"post","link":"https:\/\/www.europesays.com\/fr\/297476\/","title":{"rendered":"R\u00e9gis Brouard : \u00ab\u00a0Il fallait changer beaucoup de joueurs, car trop de choses s\u2019\u00e9taient install\u00e9es\u00a0\u00bb"},"content":{"rendered":"<p>La s\u00e9r\u00e9nit\u00e9 qui semble entourer son groupe depuis la reprise de l\u2019entra\u00eenement, fin juin, l\u2019arriv\u00e9e de Christophe Chareyre pour piloter le mercato \u00e0 ses c\u00f4t\u00e9s, le renouvellement cons\u00e9quent de l\u2019effectif avec pas moins de 11 recrues\u2026 Alors que le FC Rouen re\u00e7oit Fleury, vendredi, R\u00e9gis Brouard a r\u00e9pondu \u00e0 tous ces th\u00e8mes, et bien d\u2019autres, \u00e0 quelques jours de l&rsquo;ouverture du championnat de National.<\/p>\n<p>        <img loading=\"lazy\" width=\"1300\" height=\"915\" src=\"data:image\/svg+xml,%3Csvg%20xmlns=\" http:=\"\" class=\"attachment-post-thumbnail size-post-thumbnail wp-post-image\" alt=\"Alors que le mercato rouennais est boucl\u00e9 depuis plusieurs jours, R\u00e9gis Brouard salue le travail de Christophe Chareyre, arriv\u00e9 cet \u00e9t\u00e9 pour g\u00e9rer le recrutement \u00e0 ses c\u00f4t\u00e9s. \u00a9Bernard Morvan \/ FCR\" decoding=\"async\" data-lazy- data-lazy- data-lazy-src=\"https:\/\/www.europesays.com\/fr\/wp-content\/uploads\/2025\/08\/regis_brouard_itw_presentation_saison_2025.jpg\"\/><\/p>\n<p>Alors que le mercato rouennais est boucl\u00e9 depuis plusieurs jours, R\u00e9gis Brouard salue le travail de Christophe Chareyre, arriv\u00e9 cet \u00e9t\u00e9 pour g\u00e9rer le recrutement \u00e0 ses c\u00f4t\u00e9s. \u00a9Bernard Morvan \/ FCR<\/p>\n<p><strong>Depuis le d\u00e9but de la pr\u00e9paration, il se d\u00e9gage un sentiment de s\u00e9r\u00e9nit\u00e9 autour du FC Rouen, peu habituel ces derni\u00e8res saisons\u2026<\/strong><\/p>\n<p>\u00ab\u00a0Ce club a besoin avant tout de tranquillit\u00e9. Aujourd\u2019hui, il n\u2019y a pas d\u2019effets d\u2019annonce. De toute fa\u00e7on, \u00e7a ne sert strictement \u00e0 rien, \u00e0 part g\u00e9n\u00e9rer de l\u2019excitation autour de nous, de faire croire \u00e0 des objectifs irr\u00e9alisables, de susciter de faux espoirs chez les supporters, les sponsors, les investisseurs&#8230; Ce n\u2019est tout simplement pas la v\u00e9rit\u00e9. Soyons dans le concret. Il y a ce qu\u2019on peut faire et il y a ce qu\u2019on ne peut pas faire\u00a0\u00bb.<\/p>\n<p><strong>Cette \u00ab\u00a0tranquillit\u00e9\u00a0\u00bb, on a l\u2019impression que vous y contribuez largement ?<\/strong><\/p>\n<p>\u00ab\u00a0Je ne sais pas. Par contre, \u00e0 la fin de la saison derni\u00e8re, on a dress\u00e9 un bilan avec mes dirigeants. Je leur ai dit ma fa\u00e7on de penser. J\u2019ai quasiment pass\u00e9 48 heures avec M. Ser (Tarkan, le propri\u00e9taire). A partir de mon exp\u00e9rience, je lui ai expliqu\u00e9 comment une saison se pr\u00e9parait, quels \u00e9taient les ingr\u00e9dients \u00e0 mettre en place, les personnes qu\u2019il fallait embaucher\u2026 Il a partag\u00e9 certaines choses, sur d\u2019autres, il n\u2019\u00e9tait pas toujours d\u2019accord, on s\u2019est un peu accroch\u00e9s mais il m\u2019a \u00e9cout\u00e9, on a eu un \u00e9change. Et je comprends tr\u00e8s bien qu\u2019il puisse avoir une vision diff\u00e9rente compte tenu de l\u2019investissement r\u00e9alis\u00e9. Il ne faut pas oublier que sans Tarkan Ser, le club n\u2019existe plus aujourd\u2019hui\u00a0\u00bb.\u00a0<\/p>\n<blockquote class=\"wp-block-quote has-text-align-center is-layout-flow wp-block-quote-is-layout-flow\">\n<p>\u00ab\u00a0Il ne faut pas oublier que sans Tarkan Ser, le club n&rsquo;existe plus aujourd&rsquo;hui\u00a0\u00bb<\/p>\n<\/blockquote>\n<p><strong>Vous \u00e9voquez \u00ab\u00a0les personnes qu\u2019il fallait embaucher\u00a0\u00bb. Justement, l\u2019une des principales nouveaut\u00e9s de cette saison au FCR, c\u2019est l\u2019arriv\u00e9e de Christophe Chareyre en tant que coordinateur sportif, un poste qui n\u2019existait pas auparavant au sein du club. Il pilote notamment le mercato \u00e0 vos c\u00f4t\u00e9s\u2026<\/strong><\/p>\n<p>\u00ab\u00a0Sur l\u2019arriv\u00e9e de Christophe Chareyre, je souhaiterais tout d\u2019abord pr\u00e9ciser un point, car j\u2019entends tout un tas de choses. Je vais le dire haut et fort, ce n\u2019est pas mon pote. La premi\u00e8re fois que je l\u2019ai rencontr\u00e9, c\u2019est lors de notre entretien avec Gauthier (Lema\u00eetre, le directeur g\u00e9n\u00e9ral). D\u2019ailleurs, il est hors de question que je bosse avec des potes. Ce fut le cas une fois, \u00e7a s\u2019est tr\u00e8s mal pass\u00e9 (avec Karim Fradin, \u00e0 Niort). J\u2019ai commis une grosse erreur \u00e0 l\u2019\u00e9poque. Pour en revenir \u00e0 ce poste de coordinateur sportif, l\u2019id\u00e9e est que je sois d\u00e9charg\u00e9 de certains aspects li\u00e9s au recrutement, comme la relation avec les agents. Et si Christophe Chareyre est l\u00e0 aujourd\u2019hui, c\u2019est parce qu\u2019on a consid\u00e9r\u00e9 que c\u2019\u00e9tait la personne ad\u00e9quate par rapport \u00e0 notre club, \u00e0 nos manques et ce qu\u2019il nous a pr\u00e9sent\u00e9s. Et jusqu\u2019\u00e0 pr\u00e9sent, on peut dire qu\u2019il a tr\u00e8s bien fait son travail. Il a beaucoup boss\u00e9 pendant la tr\u00eave. Pendant les vacances, tous les jours, on \u00e9tait au t\u00e9l\u00e9phone pour parler mercato, profils de joueurs, de ce qui \u00e9tait possible ou pas\u2026\u00a0\u00bb<\/p>\n<p><strong>L\u2019autre grand changement de cet \u00e9t\u00e9, c\u2019est votre installation au complexe de La Petite Bouverie pour vos entra\u00eenements*\u2026<\/strong><\/p>\n<p>\u00ab\u00a0La saison derni\u00e8re, j\u2019ai beaucoup r\u00e2l\u00e9 par rapport \u00e0 nos conditions de travail. Elles n\u2019\u00e9taient pas conformes \u00e0 un club qui a soi-disant des ambitions. Tout le monde doit bien comprendre que le terrain, c\u2019est l\u2019outil de travail des joueurs. Par ailleurs, je souhaitais qu\u2019on \u00e9volue dans un cadre un peu plus tranquille. En nous mettant \u00e0 disposition La Petite Bouverie, la Marie a fait des efforts. D\u00e9sormais, on dispose d\u2019un site o\u00f9 on passe du temps ensemble. Quand les travaux seront termin\u00e9s (avec la mise en place de syst\u00e8mes de drainage), on aura deux terrains \u00e0 disposition. Quand on se souvient qu\u2019avant, on avait du mal \u00e0 en voir juste un\u2026 L\u2019axe de progression du site concerne les vestiaires, ce sont des b\u00e2timents assez v\u00e9tustes. J\u2019aurais aim\u00e9 avoir un grand vestiaire pour r\u00e9unir tout le monde. L\u00e0, on r\u00e9partit les joueurs dans deux blocs\u00a0\u00bb.<\/p>\n<p>*En vertu d\u2019un accord pass\u00e9 la saison derni\u00e8re, et toujours en vigueur, avec la M\u00e9tropole de Rouen, qui assure la gestion de Diochon, le FCR dispose d\u2019une semaine sur deux, celle avant ses matchs \u00e0 domicile, du terrain de La Ferme, jouxtant le stade. Un principe identique s\u2019applique pour QRM.<\/p>\n<p><strong>Avec 11 arriv\u00e9es pour 14 d\u00e9parts (lire encadr\u00e9 ci-dessous), votre effectif qui comprend au total 26 joueurs a \u00e9galement \u00e9t\u00e9 pas mal chamboul\u00e9 durant ce mercato\u2026<\/strong><\/p>\n<blockquote class=\"wp-block-quote has-text-align-center is-layout-flow wp-block-quote-is-layout-flow\">\n<p>\u00ab\u00a0On a des adversaires qui ont mis beaucoup de moyens. Il y a des clubs solides\u00a0\u00bb<\/p>\n<\/blockquote>\n<p>\u00ab\u00a0C\u2019est ma d\u00e9cision. Je pense qu\u2019il fallait changer beaucoup de joueurs au sein de l\u2019effectif, car trop de choses s\u2019\u00e9taient install\u00e9es. On avait besoin de redonner un peu de fra\u00eecheur \u00e0 tout le monde. \u00c7a me semblait n\u00e9cessaire de relancer une nouvelle dynamique, de d\u00e9couvrir de nouvelles t\u00eates, d\u2019entendre de nouveaux discours\u2026 Qui plus est, \u00e0 90%, j\u2019ai eu mon effectif \u00e0 disposition pendant la pr\u00e9pa. On a pu disputer les matchs amicaux avec un maximum de joueurs, r\u00e9partir les temps de jeu, bien travailler\u2026 C\u2019est assez rare. C\u2019est l\u2019occasion de souligner encore une fois le bon boulot de Christophe Chareyre. C\u2019est en grande partie gr\u00e2ce \u00e0 lui\u00a0\u00bb.<\/p>\n<p><strong>Compte tenu de l\u2019histoire du FC Rouen, de votre exp\u00e9rience sur le banc, de votre recrutement, beaucoup de vos concurrents et d\u2019observateurs de ce championnat de National vont vous coller l\u2019\u00e9tiquette de candidat \u00e0 la mont\u00e9e en Ligue 2\u2026<\/strong><\/p>\n<p>\u00ab\u00a0Vous pouvez nous mettre toutes les \u00e9tiquettes que vous voulez. La r\u00e9alit\u00e9, c\u2019est que sur les 18 \u00e9quipes de ce championnat, quel entra\u00eeneur n\u2019a pas envie d\u2019avoir les meilleurs r\u00e9sultats ? Heureusement, tout le monde a des ambitions. Maintenant, c\u2019est vrai que le FC Rouen est un club particulier, populaire qui b\u00e9n\u00e9ficie d\u2019un important soutien. L\u2019attente est forte. C\u2019est aussi pour cette raison que j\u2019ai d\u00e9cid\u00e9 de rester ici. Apr\u00e8s, il ne faut pas oublier qu\u2019on a des adversaires, certains ont mis beaucoup de moyens. Il y a des clubs solides : Sochaux, Caen, Valenciennes. Quand on regarde leur recrutement et leur investissement, on est un loin de tout \u00e7a\u00a0\u00bb.<\/p>\n<p>Avec deux matchs \u00e0 huis clos \u00e0 Diochon pour commencer <\/p>\n<p><img loading=\"lazy\" decoding=\"async\" width=\"1024\" height=\"721\" src=\"data:image\/svg+xml,%3Csvg%20xmlns=\" http:=\"\" alt=\"\" class=\"wp-image-46816\" data-lazy- data-lazy- data-lazy-src=\"https:\/\/www.europesays.com\/fr\/wp-content\/uploads\/2025\/08\/public_fcr_huis_clos-1024x721.jpg\"\/><\/p>\n<p>Les Rouennais ne b\u00e9n\u00e9ficieront pas du soutien de leurs supporters pour leurs deux premi\u00e8res sorties \u00e0 Diochon ; l&rsquo;enceinte \u00e9tant frapp\u00e9e d&rsquo;un huis clos. \u00a9Damien Deslandes<\/p>\n<p>Pour lancer cette saison 2025-2026 \u00e0 la maison, le FCR composera sans le soutien de ses supporters ; les Rouennais devant encore purger deux matchs \u00e0 huis clos, les r\u00e9ceptions de Fleury (le 8 ao\u00fbt) et de Sochaux (le 22 ao\u00fbt). Cons\u00e9quence de la sanction \u00e9cop\u00e9e lors de l\u2019exercice pr\u00e9c\u00e9dent \u00e0 la suite du derby contre QRM*. \u00ab\u00a0C\u2019est dommageable\u00a0\u00bb, d\u00e9plore R\u00e9gis Brouard. \u00ab\u00a0Surtout que le calendrier qui nous est propos\u00e9 au d\u00e9but est difficile. On affronte pratiquement tous les favoris \u00e0 la mont\u00e9e (Dijon, Sochaux, Valenciennes). Quand on conna\u00eet l\u2019importance du public \u00e0 Diochon, il nous a souvent permis de l\u2019emporter\u00a0\u00bb.<\/p>\n<p>M\u00eame s\u2019il est parfaitement conscient de la gravit\u00e9 des faits reproch\u00e9s, le coach des \u00ab Diables Rouges \u00bb estime cette condamnation \u00ab\u00a0s\u00e9v\u00e8re\u00a0\u00bb et loin d\u2019\u00eatre anodine sur le plan \u00e9conomique. \u00ab\u00a0Les clubs de National rencontrent des probl\u00e8mes d\u2019argent. Si, en plus, on nous enl\u00e8ve des recettes\u2026 Pour la b\u00eatise d\u2019une personne (l\u2019auteur de ce jet de briquet qui a touch\u00e9 l\u2019arbitre assistant), vous sanctionnez tout un club. J\u2019en veux \u00e0 la personne qui a commis ce geste\u00a0\u00bb.<\/p>\n<p>*Pour l\u2019utilisation d\u2019engins pyrotechniques et surtout pour un jet de projectile (un briquet) ayant touch\u00e9 un officiel (un arbitre assistant), lanc\u00e9 depuis la tribune Lenoble o\u00f9 s\u2019\u00e9taient mass\u00e9s les supporters rouennais, le FCR a \u00e9t\u00e9 sanctionn\u00e9 de trois matchs \u00e0 huis clos \u00e0 Diochon dont un par r\u00e9vocation d\u2019un sursis. Le premier a \u00e9t\u00e9 purg\u00e9 lors de la derni\u00e8re rencontre \u00e0 domicile la saison pass\u00e9e.<\/p>\n<p>Le mercato du FC Rouen<\/p>\n<ul class=\"wp-block-list\">\n<li><strong>Arriv\u00e9es\u00a0<\/strong>: Formose Mendy (d\u00e9fenseur central, N\u00eemes, N1), Nassim Titebah (lat\u00e9ral droit, Dijon, N1), El Hadji Guiry Egny (milieu, Goal FC, N2), Rapha\u00ebl Gerbeaud (attaquant, US Saint-Malo, N2), Kenny Rocha Santos (milieu, Paris 13 Atletico, N1), Valentin Fuss (Titus P\u00e9tange, LUX), Antonin Cartillier (Orl\u00e9ans, N1), Enzo Genton (Lorient, L1, p), Amadou Ba-Sy (Vizela, POR, D2), Melvin Borne (Reims \u00ab B \u00bb, N3), Thomas Sanglier (Grand-Quevilly FC, N3)<\/li>\n<li><strong>D\u00e9parts :<\/strong>\u00a0Mathieu Mion (Grenoble Foot 38, L2), Am\u00e9d\u00e9 Kabongo (US Concarneau, N1), Hicham Benka\u00efd (US Cr\u00e9teil-Lusitanos, N2), Malik Abdelmoula (Andr\u00e9zieux-Bouth\u00e9on FC, N2), Paul Lehoux (Andr\u00e9zieux-Bouth\u00e9on FC, N2), Valentin Sanson (Virton, BEL, D3), Adon Gomis, Mohamed Ouadah, Ahmad All\u00e9e (Duhok, Irak, D1), Na\u00ebl Bensoula (Le Poir\u00e9-sur-Vie, N3), Florian Deschamps, Christ Lettons (Reims, L2, rp), Ichem Ferrah (Lille, L1, rp)<\/li>\n<\/ul>\n<p>L&rsquo;effectif du FC Rouen<\/p>\n<ul class=\"wp-block-list\">\n<li>Gardiens :\u00a0Axel Maraval, Lucas Royes, Axel Temperton, Thomas Sanglier<\/li>\n<li>D\u00e9fenseurs : Nassim Titebah, Yazid Ait Moujane, Formose Mendy, Sofyane Bouzamoucha, Dany Goprou, Cl\u00e9ment Bassin, Antonin Cartillier, Melvin Borne<\/li>\n<li>Milieux : Mustapha Benzia, Amara Tour\u00e9, Omar Bezzekhami, El Hadji Guiry Egny, Kenny Rocha Santos, Enzo Genton<\/li>\n<li>Attaquants : Noah Ndeke, Jason Mbock, S\u00e9rign\u00e9 Faye, Charles Abi, Rapha\u00ebl Gerbeaud, Victor Tilliez, Amadou Ba-Sy, Valentin Fuss<\/li>\n<\/ul>\n","protected":false},"excerpt":{"rendered":"La s\u00e9r\u00e9nit\u00e9 qui semble entourer son groupe depuis la reprise de l\u2019entra\u00eenement, fin juin, l\u2019arriv\u00e9e de Christophe Chareyre&hellip;\n","protected":false},"author":2,"featured_media":297477,"comment_status":"","ping_status":"","sticky":false,"template":"","format":"standard","meta":{"footnotes":""},"categories":[9587],"tags":[1111,11,1777,674,1011,27,12,5161,25,9590],"class_list":{"0":"post-297476","1":"post","2":"type-post","3":"status-publish","4":"format-standard","5":"has-post-thumbnail","7":"category-rouen","8":"tag-actu","9":"tag-actualites","10":"tag-eu","11":"tag-europe","12":"tag-fr","13":"tag-france","14":"tag-news","15":"tag-normandie","16":"tag-republique-francaise","17":"tag-rouen"},"share_on_mastodon":{"url":"https:\/\/pubeurope.com\/@fr\/114974837035221180","error":""},"_links":{"self":[{"href":"https:\/\/www.europesays.com\/fr\/wp-json\/wp\/v2\/posts\/297476","targetHints":{"allow":["GET"]}}],"collection":[{"href":"https:\/\/www.europesays.com\/fr\/wp-json\/wp\/v2\/posts"}],"about":[{"href":"https:\/\/www.europesays.com\/fr\/wp-json\/wp\/v2\/types\/post"}],"author":[{"embeddable":true,"href":"https:\/\/www.europesays.com\/fr\/wp-json\/wp\/v2\/users\/2"}],"replies":[{"embeddable":true,"href":"https:\/\/www.europesays.com\/fr\/wp-json\/wp\/v2\/comments?post=297476"}],"version-history":[{"count":0,"href":"https:\/\/www.europesays.com\/fr\/wp-json\/wp\/v2\/posts\/297476\/revisions"}],"wp:featuredmedia":[{"embeddable":true,"href":"https:\/\/www.europesays.com\/fr\/wp-json\/wp\/v2\/media\/297477"}],"wp:attachment":[{"href":"https:\/\/www.europesays.com\/fr\/wp-json\/wp\/v2\/media?parent=297476"}],"wp:term":[{"taxonomy":"category","embeddable":true,"href":"https:\/\/www.europesays.com\/fr\/wp-json\/wp\/v2\/categories?post=297476"},{"taxonomy":"post_tag","embeddable":true,"href":"https:\/\/www.europesays.com\/fr\/wp-json\/wp\/v2\/tags?post=297476"}],"curies":[{"name":"wp","href":"https:\/\/api.w.org\/{rel}","templated":true}]}}