{"id":297482,"date":"2025-08-05T06:54:10","date_gmt":"2025-08-05T06:54:10","guid":{"rendered":"https:\/\/www.europesays.com\/fr\/297482\/"},"modified":"2025-08-05T06:54:10","modified_gmt":"2025-08-05T06:54:10","slug":"meteo-en-bretagne-un-temps-doux-et-ensoleille-ce-mardi","status":"publish","type":"post","link":"https:\/\/www.europesays.com\/fr\/297482\/","title":{"rendered":"M\u00e9t\u00e9o en Bretagne\u00a0: un temps doux et ensoleill\u00e9 ce mardi"},"content":{"rendered":"<p>Finist\u00e8re<\/p>\n<p>Il fera beau ce mardi 5 ao\u00fbt 2025, malgr\u00e9 quelques passages nuageux sans cons\u00e9quences. Les temp\u00e9ratures seront comprises le matin entre 14 et 17 \u00b0C et entre 19 et 23 \u00b0C l\u2019apr\u00e8s-midi. Le vent soufflera entre 20 et 25 km\/h, avec des rafales pouvant atteindre les 40 km\/h. La soir\u00e9e sera, elle aussi, peu nuageuse.<\/p>\n<p>C\u00f4tes-d\u2019Armor<\/p>\n<p>L\u2019\u00e9tat du ciel sera changeant, entre larges \u00e9claircies et passages nuageux, plut\u00f4t denses en matin\u00e9e. Il ne pleuvra pas. Les temp\u00e9ratures seront comprises le matin entre 14 et 17 \u00b0C et entre 19 et 22 \u00b0C l\u2019apr\u00e8s-midi. Le vent soufflera peu.<\/p>\n<p>Morbihan<\/p>\n<p>Le ciel va progressivement se d\u00e9gager. Quelques gouttes sont annonc\u00e9es dans la matin\u00e9e mais aucune pr\u00e9cipitation n\u2019est pr\u00e9vue dans l\u2019apr\u00e8s-midi. Les temp\u00e9ratures seront comprises le matin entre 14 et 15 \u00b0C et entre 23 et 24 \u00b0C l\u2019apr\u00e8s-midi.<\/p>\n<p>Ille-et-Vilaine<\/p>\n<p>Le temps sera ensoleill\u00e9, sans pr\u00e9cipitations. Les temp\u00e9ratures seront comprises le matin entre 14 et 18 \u00b0C et entre 20 et 23 \u00b0C l\u2019apr\u00e8s-midi. Le vent soufflera entre 20 et 25 km\/h, avec des rafales pouvant atteindre les 40 km\/h.<\/p>\n","protected":false},"excerpt":{"rendered":"Finist\u00e8re Il fera beau ce mardi 5 ao\u00fbt 2025, malgr\u00e9 quelques passages nuageux sans cons\u00e9quences. Les temp\u00e9ratures seront&hellip;\n","protected":false},"author":2,"featured_media":297483,"comment_status":"","ping_status":"","sticky":false,"template":"","format":"standard","meta":{"footnotes":""},"categories":[2821],"tags":[1111,11,829,2171,765,1777,674,3321,1011,27,848,2487,21570,3729,12,584,25],"class_list":{"0":"post-297482","1":"post","2":"type-post","3":"status-publish","4":"format-standard","5":"has-post-thumbnail","7":"category-rennes","8":"tag-actu","9":"tag-actualites","10":"tag-bretagne","11":"tag-cotes-darmor","12":"tag-en-continu","13":"tag-eu","14":"tag-europe","15":"tag-finistere","16":"tag-fr","17":"tag-france","18":"tag-ille-et-vilaine","19":"tag-meteo","20":"tag-meteo-en-bretagne","21":"tag-morbihan","22":"tag-news","23":"tag-rennes","24":"tag-republique-francaise"},"share_on_mastodon":{"url":"https:\/\/pubeurope.com\/@fr\/114974848818340844","error":""},"_links":{"self":[{"href":"https:\/\/www.europesays.com\/fr\/wp-json\/wp\/v2\/posts\/297482","targetHints":{"allow":["GET"]}}],"collection":[{"href":"https:\/\/www.europesays.com\/fr\/wp-json\/wp\/v2\/posts"}],"about":[{"href":"https:\/\/www.europesays.com\/fr\/wp-json\/wp\/v2\/types\/post"}],"author":[{"embeddable":true,"href":"https:\/\/www.europesays.com\/fr\/wp-json\/wp\/v2\/users\/2"}],"replies":[{"embeddable":true,"href":"https:\/\/www.europesays.com\/fr\/wp-json\/wp\/v2\/comments?post=297482"}],"version-history":[{"count":0,"href":"https:\/\/www.europesays.com\/fr\/wp-json\/wp\/v2\/posts\/297482\/revisions"}],"wp:featuredmedia":[{"embeddable":true,"href":"https:\/\/www.europesays.com\/fr\/wp-json\/wp\/v2\/media\/297483"}],"wp:attachment":[{"href":"https:\/\/www.europesays.com\/fr\/wp-json\/wp\/v2\/media?parent=297482"}],"wp:term":[{"taxonomy":"category","embeddable":true,"href":"https:\/\/www.europesays.com\/fr\/wp-json\/wp\/v2\/categories?post=297482"},{"taxonomy":"post_tag","embeddable":true,"href":"https:\/\/www.europesays.com\/fr\/wp-json\/wp\/v2\/tags?post=297482"}],"curies":[{"name":"wp","href":"https:\/\/api.w.org\/{rel}","templated":true}]}}