{"id":297484,"date":"2025-08-05T06:55:11","date_gmt":"2025-08-05T06:55:11","guid":{"rendered":"https:\/\/www.europesays.com\/fr\/297484\/"},"modified":"2025-08-05T06:55:11","modified_gmt":"2025-08-05T06:55:11","slug":"un-feu-mobilise-60-pompiers-dans-un-parking-souterrain-a-rennes","status":"publish","type":"post","link":"https:\/\/www.europesays.com\/fr\/297484\/","title":{"rendered":"Un feu mobilise 60 pompiers dans un parking souterrain \u00e0 Rennes"},"content":{"rendered":"<p class=\"article__intro\">Dans la nuit du lundi 4 au mardi 5 ao\u00fbt, vers 23h30, les sapeurs-pompiers de plusieurs centres de secours de Rennes sont intervenus pour un feu de v\u00e9hicule dans un parking souterrain pr\u00e8s de l\u2019avenue Henri Fr\u00e9ville. 60 pompiers ont \u00e9t\u00e9 engag\u00e9s sur cette op\u00e9ration qui n&rsquo;a fait aucune victime.<\/p>\n<p>\n      L\u2019actu des r\u00e9gions\n    <\/p>\n<p>\n      Chaque jour, un tour d\u2019horizon des principales infos de toutes les r\u00e9gions.\n    <\/p>\n<p>    France T\u00e9l\u00e9visions utilise votre adresse e-mail afin de vous envoyer la newsletter \u00ab\u00a0L\u2019actu des r\u00e9gions\u00a0\u00bb. Vous pouvez vous d\u00e9sinscrire \u00e0 tout moment via le lien en bas de cette newsletter. <a target=\"_blank\" href=\"https:\/\/www.francetelevisions.fr\/groupe\/confidentialite\/politique-de-confidentialite\/politique-de-confidentialite-de-france-televisions-6503\" rel=\"nofollow noopener\">Notre politique de confidentialit\u00e9<\/a><\/p>\n<p>L&rsquo;alerte a \u00e9t\u00e9 donn\u00e9e par des habitants. Il \u00e9tait aux alentours de 23h30 lundi 4 ao\u00fbt 2025, quand ils ont vu de la fum\u00e9e se r\u00e9pandre dans leurs immeubles, en provenance d&rsquo;un parking situ\u00e9 au 6 all\u00e9e de la Goupillais, pr\u00e8s de l&rsquo;avenue Henri Fr\u00e9ville, au sud de Rennes.\u00a0<\/p>\n<\/p>\n<p><strong>A lire aussi :<\/strong> <a href=\"https:\/\/france3-regions.franceinfo.fr\/bretagne\/finistere\/quimper\/un-important-incendie-consume-plus-de-2-000-metres-carres-de-batiment-dans-un-centre-de-tri-3197220.html\" target=\"_blank\" rel=\"noopener nofollow\">Un important incendie consume plus de 2 000 m\u00e8tres carr\u00e9s de b\u00e2timent dans un centre de tri<\/a><\/p>\n<p>Alert\u00e9, le centre de secours et d\u2019incendie d\u2019Ille-et-Vilaine a imm\u00e9diatement d\u00e9p\u00each\u00e9 sur place d\u2019importants moyens en provenance des centres de secours rennais. Une soixantaine de pompiers et une quinzaine de v\u00e9hicules ont \u00e9t\u00e9 engag\u00e9s.\u00a0<\/p>\n<p>Pour une cause ind\u00e9termin\u00e9e, l&rsquo;incendie serait parti d&rsquo;une voiture gar\u00e9e au niveau -1 du parking. Du fait de l&rsquo;intervention rapide des secours, il n&rsquo;y a pas eu de propagation \u00e0 d&rsquo;autres v\u00e9hicules et aucune victime n&rsquo;est \u00e0 d\u00e9plorer.\u00a0<\/p>\n<p>Les soldats du feu ont ensuite proc\u00e9d\u00e9 \u00e0 la ventilation du parking et des diff\u00e9rentes all\u00e9es menant aux immeubles.<\/p>\n","protected":false},"excerpt":{"rendered":"Dans la nuit du lundi 4 au mardi 5 ao\u00fbt, vers 23h30, les sapeurs-pompiers de plusieurs centres de&hellip;\n","protected":false},"author":2,"featured_media":297485,"comment_status":"","ping_status":"","sticky":false,"template":"","format":"standard","meta":{"footnotes":""},"categories":[2821],"tags":[1111,11,829,1777,674,1011,27,12,584,25],"class_list":{"0":"post-297484","1":"post","2":"type-post","3":"status-publish","4":"format-standard","5":"has-post-thumbnail","7":"category-rennes","8":"tag-actu","9":"tag-actualites","10":"tag-bretagne","11":"tag-eu","12":"tag-europe","13":"tag-fr","14":"tag-france","15":"tag-news","16":"tag-rennes","17":"tag-republique-francaise"},"share_on_mastodon":{"url":"https:\/\/pubeurope.com\/@fr\/114974852707498638","error":""},"_links":{"self":[{"href":"https:\/\/www.europesays.com\/fr\/wp-json\/wp\/v2\/posts\/297484","targetHints":{"allow":["GET"]}}],"collection":[{"href":"https:\/\/www.europesays.com\/fr\/wp-json\/wp\/v2\/posts"}],"about":[{"href":"https:\/\/www.europesays.com\/fr\/wp-json\/wp\/v2\/types\/post"}],"author":[{"embeddable":true,"href":"https:\/\/www.europesays.com\/fr\/wp-json\/wp\/v2\/users\/2"}],"replies":[{"embeddable":true,"href":"https:\/\/www.europesays.com\/fr\/wp-json\/wp\/v2\/comments?post=297484"}],"version-history":[{"count":0,"href":"https:\/\/www.europesays.com\/fr\/wp-json\/wp\/v2\/posts\/297484\/revisions"}],"wp:featuredmedia":[{"embeddable":true,"href":"https:\/\/www.europesays.com\/fr\/wp-json\/wp\/v2\/media\/297485"}],"wp:attachment":[{"href":"https:\/\/www.europesays.com\/fr\/wp-json\/wp\/v2\/media?parent=297484"}],"wp:term":[{"taxonomy":"category","embeddable":true,"href":"https:\/\/www.europesays.com\/fr\/wp-json\/wp\/v2\/categories?post=297484"},{"taxonomy":"post_tag","embeddable":true,"href":"https:\/\/www.europesays.com\/fr\/wp-json\/wp\/v2\/tags?post=297484"}],"curies":[{"name":"wp","href":"https:\/\/api.w.org\/{rel}","templated":true}]}}