{"id":297486,"date":"2025-08-05T06:56:12","date_gmt":"2025-08-05T06:56:12","guid":{"rendered":"https:\/\/www.europesays.com\/fr\/297486\/"},"modified":"2025-08-05T06:56:12","modified_gmt":"2025-08-05T06:56:12","slug":"courrier-des-lecteurs-veloroutes-anti-seniors-strasbourg-capitale-du-bruit-cest-vous-qui-le-dites","status":"publish","type":"post","link":"https:\/\/www.europesays.com\/fr\/297486\/","title":{"rendered":"Courrier des lecteurs. V\u00e9loroutes \u00ab\u00a0anti-seniors\u00a0\u00bb, Strasbourg \u00ab\u00a0capitale du bruit\u00a0\u00bb&#8230; c&rsquo;est vous qui le dites"},"content":{"rendered":"<p><strong>Odile Baas,<\/strong><\/p>\n<p><strong>Strasbourg\u00a0:<\/strong><\/p>\n<p> \u00ab\u00a0Suite au courrier des lecteurs du dimanche 3\u00a0ao\u00fbt concernant les zones de partage pi\u00e9tons\/cyclistes, je tiens \u00e0 vous rapporter les faits suivants.<\/p>\n<p>Le 18\u00a0juillet, je marchais dans la partie pi\u00e9tonne de la rue du 22-Novembre, quand j\u2019ai \u00e9t\u00e9 percut\u00e9e \u00e0 l\u2019arri\u00e8re par un cycliste qui m\u2019a litt\u00e9ralement plaqu\u00e9e au sol et ne s\u2019est pas arr\u00eat\u00e9.<\/p>\n<p>Bilan de l\u2019op\u00e9ration\u00a0: 9 points de suture au visage et 2 c\u00f4tes cass\u00e9es, sans compter le traumatisme pour moi qui ai plus de 80 ans.<\/p>\n<p>Oui, il conviendrait de faire en sorte que dans ces zones le pi\u00e9ton ne se sente pas en danger et puisse marcher en toute s\u00e9curit\u00e9.<\/p>\n<p>Je profite de ce courrier pour remercier chaleureusement les personnes qui se sont occup\u00e9es de moi, m\u2019ont r\u00e9confort\u00e9e et ont attendu avec moi l\u2019arriv\u00e9e des pompiers. Grand merci \u00e0 elles qui ont fait preuve d\u2019un bel \u00e9lan de solidarit\u00e9.\u00a0\u00bb<\/p>\n<p>  V\u00e9los, pi\u00e9tons\u00a0: que d\u2019intol\u00e9rance\u2026<\/p>\n<p><strong>Herrade Nehlig,<\/strong><\/p>\n<p><strong>Strasbourg\u00a0:<\/strong><\/p>\n<p>\u00ab\u00a0Que d\u2019intol\u00e9rance, encore un pi\u00e9ton qui r\u00e2le contre les v\u00e9los, puis un cycliste qui r\u00e2le contre les pi\u00e9tons, y en a marre. Moi je suis parfois pi\u00e9tonne, parfois cycliste et parfois automobiliste (rarement), de plus j\u2019habite une rue d\u00e9sign\u00e9e par un grand trait vert par la Ville comme super cool pour les cyclistes qui veulent traverser ma ville pi\u00e9tonne. Bon je ne suis ni plus b\u00eate ni plus intelligente selon mon mode de d\u00e9placement donc souvent intol\u00e9rante, comme tout le monde. Mais il y a des limites, et je dois reconna\u00eetre que dans ma rue \u00e9troite, la cohabitation pi\u00e9tons-v\u00e9los est courtoise. J\u2019ai \u00e0 un moment beaucoup fr\u00e9quent\u00e9 \u00e0 v\u00e9lo, les quais entre autre Kl\u00e9ber et Finkmatt, sous les marronniers, avec les pi\u00e9tons \u00e0 c\u00f4t\u00e9, franchement je n\u2019ai jamais eu de probl\u00e8me donc je ne comprends pas <a href=\"https:\/\/www.dna.fr\/environnement\/2025\/01\/10\/derniers-travaux-avant-bouclage-du-ring-velo-pieton\" target=\"_blank\" rel=\"nofollow noopener\">\u00ab\u00a0le ring\u00a0\u00bb<\/a>. J\u2019ai habit\u00e9 Illkirch, je prenais la piste cyclable le long du canal pour aller \u00e0 Strasbourg, trop cool\u00a0; il est vrai que souvent les pi\u00e9tons pr\u00e9f\u00e9raient la piste cyclable \u00e0 leur sentier en contrebas, et alors\u00a0! On peut ralentir, dire bonjour, au lieu de r\u00e2ler, non\u00a0? Ras le bol de ces pistes cyclables pl\u00e9thoriques, dont la seule raison d\u2019\u00eatre est que certains cyclistes veulent pouvoir foncer comme des brutes, et le soir dans 80\u00a0% des cas sans lumi\u00e8re (\u00e7a personne ne le verbalise\u00a0!). Aux autres, aux voitures de faire attention. Bient\u00f4t il y aura des pistes cyclables r\u00e9serv\u00e9es \u00e0 ceux qui roulent vite, d\u2019autres \u00e0 ceux qui roulent lentement, d\u2019autres aux pi\u00e9tons \u00e0 canne, d\u2019autres aux chaises roulantes ou aux poussettes\u00a0etc., tout \u00e7a par intol\u00e9rance mutuelle, c\u2019est \u00e7a qu\u2019il faudrait verbaliser. J\u2019avoue que j\u2019ai parfois pris les trottoirs de l\u2019avenue des Vosges ou de la For\u00eat-Noire \u00e0 v\u00e9lo, parce que sinc\u00e8rement sur la route \u00e7a craint, j\u2019ai crois\u00e9 au moins deux pi\u00e9tons sur 200 m\u00e8tres, deux pi\u00e9tons qui m\u2019engueulaient sur un trottoir de 4-5\u00a0m\u00e8tres de large o\u00f9 deux v\u00e9los et trois pi\u00e9tons de front auraient largement la place, alors que je suis tr\u00e8s attentive \u00e0 ne pas les g\u00eaner, c\u2019est quoi une vie pareille\u00a0? Par contre je ne comprends pas ceux qui s\u2019\u00e9vertuent \u00e0 prendre l\u2019all\u00e9e de la Robertsau \u00e0 v\u00e9lo alors qu\u2019on peut circuler d\u00e9licieusement le long des quais (par piti\u00e9 pas de nouveaux am\u00e9nagements). Je rassure les pi\u00e9tons\u00a0: j\u2019ai aussi d\u00e9couvert des pistes cyclables parall\u00e8les \u00e0 l\u2019avenue de Vosges, mais pas du tout indiqu\u00e9es. J\u2019ai pris la peine de voir ce qui existait dans le coin et j\u2019ai trouv\u00e9.<\/p>\n<p>Bref, tol\u00e9rance, politesse et indications claires des pistes cyclables d\u00e9j\u00e0 existantes, cohabitation conviviale et tout ira bien et aussi verbalisation des cyclistes qui roulent sans lumi\u00e8res. C\u2019est tout pour aujourd\u2019hui\u00a0!\u00a0\u00bb<\/p>\n<p><strong>Les v\u00e9loroutes anti-seniors<\/strong><\/p>\n<p><strong>Adria Kaelbel, Illkirch-Graffenstaden\u00a0:<\/strong><\/p>\n<p>\u00ab\u00a0Dans le d\u00e9bat sur les pistes cyclables et de la sacro-sainte politique du tout v\u00e9lo, il manque les avis de ceux qui ne d\u00e9battent pas sur les r\u00e9seaux sociaux, \u00e0 savoir les seniors r\u00e9sign\u00e9s qui subissent, qui se sentent rel\u00e9gu\u00e9s au statut d\u2019ind\u00e9sirables au centre-ville. Ceux pour qui la bicyclette n\u2019est h\u00e9las qu\u2019un lointain souvenir de jeunesse.<\/p>\n<p>Ceux pour qui le prix d\u2019un trajet aller-retour en tram (en plus en couple) est un budget depuis la gratuit\u00e9 accord\u00e9e aux jeunes.<\/p>\n<p>Ceux qui n\u2019ont d\u2019autres choix que d\u2019utiliser leur voiture (au prix exorbitant d\u2019une place de parking) pour se rendre \u00e0 un rendez-vous m\u00e9dical, faire des courses, ou simplement se faire plaisir dans un restaurant autre qu\u2019un fast-food.<\/p>\n<p>Ceux qui risquent chutes et chocs provoqu\u00e9s par l\u2019anarchie des fous du guidon surtout dans les secteurs pi\u00e9tonniers.<\/p>\n<p>Ceux qui se retrouvent bloqu\u00e9s dans les m\u00e9andres de rues devenues volontairement ruelles de plus en plus \u00e9troites en faveur de v\u00e9loroutes.<\/p>\n<p>Bref\u2026 tous ceux qui sont les otages victimes d\u2019une politique antid\u00e9mocratique absurde du tout v\u00e9lo dans un Strasbourg devenu trop \u00e9triqu\u00e9, trop anti-seniors qui n\u2019y respirent plus le bon air\u2026\u00a0\u00bb<\/p>\n<p>  Strasbourg capitale du bruit\u00a0?<\/p>\n<p><strong>Nicolas Froesel\u00a0:<\/strong><\/p>\n<p>\u00ab\u00a0Au centre, terrasses qui ferment \u00e0 minuit trente pour rouvrir \u00e0 six heures, sifflement permanent des pompes \u00e0 chaleur des commerces, camions d\u00e8s cinq heures et f\u00eatards qui braillent \u00e0 toute heure de la nuit\u2026 On ne parle que peu souvent de la pollution sonore et ses cons\u00e9quences d\u00e9montr\u00e9es sur la sant\u00e9\u2026 Je pense aux parents avec de jeunes enfants\u2026<\/p>\n<p>Outre une ZFE, une ZFB, zone \u00e0 faible bruit\u00a0? Lumineuse, sonore, atmosph\u00e9rique, eau, nourriture\u2026 Tous pollu\u00e9s\u00a0?\u00a0\u00bb<\/p>\n","protected":false},"excerpt":{"rendered":"Odile Baas, Strasbourg\u00a0: \u00ab\u00a0Suite au courrier des lecteurs du dimanche 3\u00a0ao\u00fbt concernant les zones de partage pi\u00e9tons\/cyclistes, je&hellip;\n","protected":false},"author":2,"featured_media":297487,"comment_status":"","ping_status":"","sticky":false,"template":"","format":"standard","meta":{"footnotes":""},"categories":[2820],"tags":[1111,11,3542,4406,33,2880,1777,674,107,1011,27,775,12,25,640,2879,2803],"class_list":{"0":"post-297486","1":"post","2":"type-post","3":"status-publish","4":"format-standard","5":"has-post-thumbnail","7":"category-strasbourg","8":"tag-actu","9":"tag-actualites","10":"tag-circulation","11":"tag-commerce-et-services","12":"tag-economie","13":"tag-edition-strasbourg","14":"tag-eu","15":"tag-europe","16":"tag-fil-info","17":"tag-fr","18":"tag-france","19":"tag-grand-est","20":"tag-news","21":"tag-republique-francaise","22":"tag-strasbourg","23":"tag-strasbourg-ville","24":"tag-transport"},"share_on_mastodon":{"url":"https:\/\/pubeurope.com\/@fr\/114974856709937592","error":""},"_links":{"self":[{"href":"https:\/\/www.europesays.com\/fr\/wp-json\/wp\/v2\/posts\/297486","targetHints":{"allow":["GET"]}}],"collection":[{"href":"https:\/\/www.europesays.com\/fr\/wp-json\/wp\/v2\/posts"}],"about":[{"href":"https:\/\/www.europesays.com\/fr\/wp-json\/wp\/v2\/types\/post"}],"author":[{"embeddable":true,"href":"https:\/\/www.europesays.com\/fr\/wp-json\/wp\/v2\/users\/2"}],"replies":[{"embeddable":true,"href":"https:\/\/www.europesays.com\/fr\/wp-json\/wp\/v2\/comments?post=297486"}],"version-history":[{"count":0,"href":"https:\/\/www.europesays.com\/fr\/wp-json\/wp\/v2\/posts\/297486\/revisions"}],"wp:featuredmedia":[{"embeddable":true,"href":"https:\/\/www.europesays.com\/fr\/wp-json\/wp\/v2\/media\/297487"}],"wp:attachment":[{"href":"https:\/\/www.europesays.com\/fr\/wp-json\/wp\/v2\/media?parent=297486"}],"wp:term":[{"taxonomy":"category","embeddable":true,"href":"https:\/\/www.europesays.com\/fr\/wp-json\/wp\/v2\/categories?post=297486"},{"taxonomy":"post_tag","embeddable":true,"href":"https:\/\/www.europesays.com\/fr\/wp-json\/wp\/v2\/tags?post=297486"}],"curies":[{"name":"wp","href":"https:\/\/api.w.org\/{rel}","templated":true}]}}