{"id":297490,"date":"2025-08-05T06:58:12","date_gmt":"2025-08-05T06:58:12","guid":{"rendered":"https:\/\/www.europesays.com\/fr\/297490\/"},"modified":"2025-08-05T06:58:12","modified_gmt":"2025-08-05T06:58:12","slug":"elisez-votre-lieu-prefere-de-nice-5-7-promenade-des-anglais-ou-colline-du-chateau","status":"publish","type":"post","link":"https:\/\/www.europesays.com\/fr\/297490\/","title":{"rendered":"Elisez votre lieu pr\u00e9f\u00e9r\u00e9 de Nice (5\/7): promenade des Anglais ou colline du Ch\u00e2teau?"},"content":{"rendered":"<p>Chaque semaine, depuis d\u00e9but juillet, Nice-Matin vous propose de voter pour votre endroit favori \u00e0 Nice. Des duels consacrant votre \u00ab\u00a0lieu pr\u00e9f\u00e9r\u00e9 de Nice\u00a0\u00bb, qui sera d\u00e9voil\u00e9 le 26 ao\u00fbt.<\/p>\n<p>Quatre duels ont d\u00e9j\u00e0 oppos\u00e9 des sites phares de la capitale azur\u00e9enne. Nous arrivons \u00e0 la premi\u00e8re demi-finale qui met en confrontation, pour une semaine, la promenade des Anglais et la colline du Ch\u00e2teau.<\/p>\n<p>La promenade des Anglais<\/p>\n<p><a href=\"https:\/\/www.nicematin.com\/vie-locale\/elisez-votre-lieu-prefere-de-nice-17-coulee-verte-ou-promenade-des-anglais-993285\" rel=\"nofollow noopener\" target=\"_blank\">Le premier duel opposait deux promenades: la promenade des Anglais et la promenade du Paillon<\/a>. Tr\u00e8s loin devant la coul\u00e9e verte (15\u2005% des suffrages), l\u2019embl\u00e9matique Prom\u2019, qui a souffl\u00e9 ses 200 bougies en 2024, l\u2019a emport\u00e9 avec 85\u2005% des votes.<\/p>\n<p>Un bel hommage \u00e0 ce modeste sentier devenu une des plus belles art\u00e8res de la ville et m\u00eame du monde, en partie gr\u00e2ce aux Anglais qui financ\u00e8rent son d\u00e9but de m\u00e9tamorphose d\u00e8s 1835.<\/p>\n<p>La colline du Ch\u00e2teau<\/p>\n<p><a href=\"https:\/\/www.nicematin.com\/vie-locale\/elisez-votre-lieu-prefere-de-nice-27-colline-du-chateau-ou-arenes-de-cimiez-994245\" rel=\"nofollow noopener\" target=\"_blank\">Deuxi\u00e8me face-\u00e0-face paysager: la colline du Ch\u00e2teau et les ar\u00e8nes de Cimiez<\/a>. Verdict du vote: 25% pour les ar\u00e8nes de Cimiez et 75% en faveur du promontoire o\u00f9 se dressait le ch\u00e2teau, d\u00e9truit sur ordre de Louis XIV en 1706.<\/p>\n<p>Il n\u2019en reste que quelques vestiges, mais son socle demeure avec son jardin de 19 hectares et sa vue \u00e9poustouflante \u00e0 360 degr\u00e9s. Un site imprenable sur toute la Baie des Anges et le port.<\/p>\n<p>Votez ci-dessous<\/p>\n","protected":false},"excerpt":{"rendered":"Chaque semaine, depuis d\u00e9but juillet, Nice-Matin vous propose de voter pour votre endroit favori \u00e0 Nice. Des duels&hellip;\n","protected":false},"author":2,"featured_media":297491,"comment_status":"","ping_status":"","sticky":false,"template":"","format":"standard","meta":{"footnotes":""},"categories":[2819],"tags":[1111,11,1777,674,1011,27,12,2401,882,25,3366],"class_list":{"0":"post-297490","1":"post","2":"type-post","3":"status-publish","4":"format-standard","5":"has-post-thumbnail","7":"category-nice","8":"tag-actu","9":"tag-actualites","10":"tag-eu","11":"tag-europe","12":"tag-fr","13":"tag-france","14":"tag-news","15":"tag-nice","16":"tag-provence-alpes-cote-dazur","17":"tag-republique-francaise","18":"tag-vie-locale"},"share_on_mastodon":{"url":"https:\/\/pubeurope.com\/@fr\/114974864443148301","error":""},"_links":{"self":[{"href":"https:\/\/www.europesays.com\/fr\/wp-json\/wp\/v2\/posts\/297490","targetHints":{"allow":["GET"]}}],"collection":[{"href":"https:\/\/www.europesays.com\/fr\/wp-json\/wp\/v2\/posts"}],"about":[{"href":"https:\/\/www.europesays.com\/fr\/wp-json\/wp\/v2\/types\/post"}],"author":[{"embeddable":true,"href":"https:\/\/www.europesays.com\/fr\/wp-json\/wp\/v2\/users\/2"}],"replies":[{"embeddable":true,"href":"https:\/\/www.europesays.com\/fr\/wp-json\/wp\/v2\/comments?post=297490"}],"version-history":[{"count":0,"href":"https:\/\/www.europesays.com\/fr\/wp-json\/wp\/v2\/posts\/297490\/revisions"}],"wp:featuredmedia":[{"embeddable":true,"href":"https:\/\/www.europesays.com\/fr\/wp-json\/wp\/v2\/media\/297491"}],"wp:attachment":[{"href":"https:\/\/www.europesays.com\/fr\/wp-json\/wp\/v2\/media?parent=297490"}],"wp:term":[{"taxonomy":"category","embeddable":true,"href":"https:\/\/www.europesays.com\/fr\/wp-json\/wp\/v2\/categories?post=297490"},{"taxonomy":"post_tag","embeddable":true,"href":"https:\/\/www.europesays.com\/fr\/wp-json\/wp\/v2\/tags?post=297490"}],"curies":[{"name":"wp","href":"https:\/\/api.w.org\/{rel}","templated":true}]}}