{"id":297496,"date":"2025-08-05T07:01:11","date_gmt":"2025-08-05T07:01:11","guid":{"rendered":"https:\/\/www.europesays.com\/fr\/297496\/"},"modified":"2025-08-05T07:01:11","modified_gmt":"2025-08-05T07:01:11","slug":"le-parquet-de-nantes-requiert-le-proces-du-jeune-homme-suspecte-davoir-fauche-mortellement-ladolescente","status":"publish","type":"post","link":"https:\/\/www.europesays.com\/fr\/297496\/","title":{"rendered":"le parquet de Nantes requiert le proc\u00e8s du jeune homme suspect\u00e9 d\u2019avoir fauch\u00e9 mortellement l\u2019adolescente"},"content":{"rendered":"<p>En 2018, la lyc\u00e9enne a \u00e9t\u00e9 percut\u00e9e sur une route de campagne de Saint-Julien-de-Concelles alors qu\u2019elle rentrait chez elle. Un suspect a \u00e9t\u00e9 identifi\u00e9 apr\u00e8s une enqu\u00eate hors normes.<\/p>\n<p class=\"fig-paragraph\">Le 20 d\u00e9cembre 2018, Tessa, 17 ans, a perdu la vie sur une route de campagne de\u00a0<a href=\"http:\/\/www.lefigaro.fr\/nantes\/je-veux-que-ca-se-termine-la-difficile-reconstruction-de-la-mere-de-tessa-fauchee-mortellement-pres-de-nantes-par-un-individu-en-fuite-20240524\" target=\"_blank\" data-fig-type=\"NewsFlash\" rel=\"noopener\" data-gtm-custom-categorie=\"navigation\" data-gtm-custom-action=\"crossclick\" data-gtm-custom-label=\"Contextuel\" data-gtm-event=\"customEventSPE\" data-fig-domain=\"LEFIGARO\">Saint-Julien-de-Concelles<\/a>\u00a0<a href=\"https:\/\/www.lefigaro.fr\/tag\/loire-atlantique\" target=\"_blank\" rel=\"noopener\" data-gtm-custom-categorie=\"navigation\" data-gtm-custom-action=\"crossclick\" data-gtm-custom-label=\"Contextuel\" data-gtm-event=\"customEventSPE\">(Loire-Atlantique<\/a>), une commune situ\u00e9e \u00e0 l\u2019est de Nantes. Apr\u00e8s \u00eatre descendue de son bus, la lyc\u00e9enne qui rentrait de stage s\u2019\u00e9tait fait faucher mortellement par un conducteur, qui avait ensuite pris la fuite. Cette affaire, marqu\u00e9e par des\u00a0<a href=\"http:\/\/www.lefigaro.fr\/nantes\/mort-de-tessa-4-ans-et-demi-apres-un-homme-de-24-ans-avoue-etre-l-auteur-de-l-accident-mortel-20230622\" target=\"_blank\" data-fig-type=\"NewsFlash\" rel=\"noopener\" data-gtm-custom-categorie=\"navigation\" data-gtm-custom-action=\"crossclick\" data-gtm-custom-label=\"Contextuel\" data-gtm-event=\"customEventSPE\" data-fig-domain=\"LEFIGARO\">aveux tardifs<\/a>\u00a0et inesp\u00e9r\u00e9s de l\u2019auteur pr\u00e9sum\u00e9, aboutira-t-elle \u00e0 un proc\u00e8s\u00a0? C\u2019est en tout cas ce que r\u00e9clame le parquet de Nantes.<\/p>\n<p class=\"fig-paragraph\">Comme r\u00e9v\u00e9l\u00e9 par\u00a0<a href=\"https:\/\/www.ouest-france.fr\/faits-divers\/accidents\/a-nantes-le-parquet-demande-le-proces-du-jeune-homme-suspecte-davoir-percute-et-tue-tessa-en-2018-facf0f08-6f0d-11f0-98d0-ec518692189f\" target=\"_blank\" rel=\"noopener\" data-gtm-custom-categorie=\"navigation\" data-gtm-custom-action=\"crossclick\" data-gtm-custom-label=\"Contextuel\" data-gtm-event=\"customEventSPE\">Ouest France<\/a>, alors que l\u2019enqu\u00eate du juge d\u2019instruction est termin\u00e9e, le minist\u00e8re public requiert un renvoi devant le tribunal du responsable pour homicide involontaire aggrav\u00e9 par la circonstance d\u2019un d\u00e9lit de fuite. \u00abLe r\u00e9quisitoire d\u00e9finitif du procureur de la R\u00e9publique de Nantes, en faveur d\u2019un renvoi de l\u2019auteur pr\u00e9sum\u00e9 devant le tribunal correctionnel, amorce une nouvelle \u00e9tape d\u00e9cisive dans cette proc\u00e9dure d\u00e9j\u00e0 hors normes\u00bb, a \u00e9crit Ma\u00eetre Damien Legrand, avocat p\u00e9naliste de la famille, sur LinkedIn. D\u00e9sormais, charge au juge d\u2019instruction de valider ou non la tenue de ce proc\u00e8s. \u00abApr\u00e8s tant d\u2019\u00e9preuves, la famille de Tessa m\u00e9rite qu\u2019enfin, justice puisse lui \u00eatre rendue\u00bb, ajoute le p\u00e9naliste sur le r\u00e9seau social.<\/p>\n<p>                                    <a class=\"fig-a11y-skip a11y-hidden\" href=\"#fig-a11y-skip-main-inarticle\"><br \/>\n        Passer la publicit\u00e9<br \/>\n    <\/a><\/p>\n<p>Quatre ans et demi plus tard, un homme mis en examen<\/p>\n<p class=\"fig-paragraph\">En juin 2023, un jeune homme de 24 ans vivant dans la m\u00eame commune que Tessa avait \u00e9t\u00e9 mis en examen pour homicide involontaire aggrav\u00e9 d\u2019un d\u00e9lit de fuite et plac\u00e9 en d\u00e9tention provisoire. Cette avanc\u00e9e avait \u00e9t\u00e9 rendue possible gr\u00e2ce \u00e0 l\u2019\u00e9mission de t\u00e9l\u00e9vision\u00a0<a href=\"http:\/\/tvmag.lefigaro.fr\/programme-tv\/actu-tele\/c-etait-l-operation-de-la-derniere-chance-le-chauffard-qui-a-tue-tessa-a-ete-retrouve-grace-a-l-emission-appel-a-temoins-m6-20230623\" target=\"_blank\" data-fig-type=\"Article\" rel=\"noopener\" data-gtm-custom-categorie=\"navigation\" data-gtm-custom-action=\"crossclick\" data-gtm-custom-label=\"Contextuel\" data-gtm-event=\"customEventSPE\" data-fig-domain=\"TVMAG\">\u00abAppel \u00e0 T\u00e9moins\u00bb sur M6<\/a>, alors que l\u2019affaire<a href=\"http:\/\/www.lefigaro.fr\/faits-divers\/jeune-fille-tuee-par-un-chauffard-pres-de-nantes-l-enquete-cloturee-quatre-ans-apres-faute-de-suspect-20221206\" target=\"_blank\" data-fig-type=\"Article\" rel=\"noopener\" data-gtm-custom-categorie=\"navigation\" data-gtm-custom-action=\"crossclick\" data-gtm-custom-label=\"Contextuel\" data-gtm-event=\"customEventSPE\" data-fig-domain=\"LEFIGARO\">\u00a0\u00e9tait cl\u00f4tur\u00e9e<\/a>. Un t\u00e9moin avait confi\u00e9 aux gendarmes avoir recueilli les confidences d\u2019un ami se disant \u00eatre l\u2019auteur de l\u2019homicide.\u00a0<a href=\"http:\/\/www.lefigaro.fr\/nantes\/mort-de-tessa-un-homme-en-garde-a-vue-quatre-ans-apres-l-accident-20230621\" target=\"_blank\" data-fig-type=\"NewsFlash\" rel=\"noopener\" data-gtm-custom-categorie=\"navigation\" data-gtm-custom-action=\"crossclick\" data-gtm-custom-label=\"Contextuel\" data-gtm-event=\"customEventSPE\" data-fig-domain=\"LEFIGARO\">En garde \u00e0 vue<\/a>, l\u2019individu cibl\u00e9 \u00e9tait alors pass\u00e9 aux aveux. Depuis, celui-ci, d\u00e9sormais plac\u00e9 sous contr\u00f4le judiciaire, s\u2019est r\u00e9tract\u00e9, rappelle toutefois Me Legrand \u00e0 nos confr\u00e8res\u00a0<a href=\"https:\/\/www.francebleu.fr\/infos\/faits-divers-justice\/un-soulagement-un-proces-requis-par-le-parquet-de-nantes-pour-l-homme-suspecte-d-avoir-tue-tessa-en-2018-5762012\" target=\"_blank\" rel=\"noopener\" data-gtm-custom-categorie=\"navigation\" data-gtm-custom-action=\"crossclick\" data-gtm-custom-label=\"Contextuel\" data-gtm-event=\"customEventSPE\">d\u2019Ici Loire Oc\u00e9an<\/a>.<\/p>\n","protected":false},"excerpt":{"rendered":"En 2018, la lyc\u00e9enne a \u00e9t\u00e9 percut\u00e9e sur une route de campagne de Saint-Julien-de-Concelles alors qu\u2019elle rentrait chez&hellip;\n","protected":false},"author":2,"featured_media":297497,"comment_status":"","ping_status":"","sticky":false,"template":"","format":"standard","meta":{"footnotes":""},"categories":[2818],"tags":[1111,11,1777,674,1011,27,766,12,2636,2694,25],"class_list":{"0":"post-297496","1":"post","2":"type-post","3":"status-publish","4":"format-standard","5":"has-post-thumbnail","7":"category-nantes","8":"tag-actu","9":"tag-actualites","10":"tag-eu","11":"tag-europe","12":"tag-fr","13":"tag-france","14":"tag-nantes","15":"tag-news","16":"tag-pays-de-la-loire","17":"tag-proces","18":"tag-republique-francaise"},"share_on_mastodon":{"url":"https:\/\/pubeurope.com\/@fr\/114974876352754831","error":""},"_links":{"self":[{"href":"https:\/\/www.europesays.com\/fr\/wp-json\/wp\/v2\/posts\/297496","targetHints":{"allow":["GET"]}}],"collection":[{"href":"https:\/\/www.europesays.com\/fr\/wp-json\/wp\/v2\/posts"}],"about":[{"href":"https:\/\/www.europesays.com\/fr\/wp-json\/wp\/v2\/types\/post"}],"author":[{"embeddable":true,"href":"https:\/\/www.europesays.com\/fr\/wp-json\/wp\/v2\/users\/2"}],"replies":[{"embeddable":true,"href":"https:\/\/www.europesays.com\/fr\/wp-json\/wp\/v2\/comments?post=297496"}],"version-history":[{"count":0,"href":"https:\/\/www.europesays.com\/fr\/wp-json\/wp\/v2\/posts\/297496\/revisions"}],"wp:featuredmedia":[{"embeddable":true,"href":"https:\/\/www.europesays.com\/fr\/wp-json\/wp\/v2\/media\/297497"}],"wp:attachment":[{"href":"https:\/\/www.europesays.com\/fr\/wp-json\/wp\/v2\/media?parent=297496"}],"wp:term":[{"taxonomy":"category","embeddable":true,"href":"https:\/\/www.europesays.com\/fr\/wp-json\/wp\/v2\/categories?post=297496"},{"taxonomy":"post_tag","embeddable":true,"href":"https:\/\/www.europesays.com\/fr\/wp-json\/wp\/v2\/tags?post=297496"}],"curies":[{"name":"wp","href":"https:\/\/api.w.org\/{rel}","templated":true}]}}