{"id":297509,"date":"2025-08-05T07:08:11","date_gmt":"2025-08-05T07:08:11","guid":{"rendered":"https:\/\/www.europesays.com\/fr\/297509\/"},"modified":"2025-08-05T07:08:11","modified_gmt":"2025-08-05T07:08:11","slug":"jai-passe-enormement-de-temps-a-regarder-les-etoiles","status":"publish","type":"post","link":"https:\/\/www.europesays.com\/fr\/297509\/","title":{"rendered":"J&rsquo;ai pass\u00e9 \u00e9norm\u00e9ment de temps \u00e0 regarder les \u00e9toiles"},"content":{"rendered":"<p>Le film documentaire 16 levers de Soleil, r\u00e9alis\u00e9 par Pierre-Emmanuel Le Goff en\u00a02018, mettait en sc\u00e8ne l\u2019odyss\u00e9e spatiale de six mois de Thomas Pesquet. Avec une bande originale compos\u00e9e par le saxophoniste fran\u00e7ais Guillaume Perret. En\u00a02022, le long-m\u00e9trage de 2\u00a0h est adapt\u00e9 en version cin\u00e9-concert pour 1\u00a0h\u00a020 o\u00f9 se croisent jazz, musiques \u00e9lectroniques, groove, pulsations urbaines ou encore textures orientales. \u00ab\u00a0On a r\u00e9tabli la place d\u2019origine de la musique\u00a0\u00bb dans cette version, explique le musicien qui va jouer au Mucem ce mercredi 6\u00a0ao\u00fbt pour lancer \u00ab\u00a0La semaine sous les \u00e9toiles\u00a0\u00bb, une programmation (voir ci-contre) en lien avec <a href=\"https:\/\/www.laprovence.com\/article\/culture-loisirs\/98740633001384\/lire-le-ciel-la-nouvelle-expo-du-mucem-nous-met-la-tete-dans-les-etoiles\" target=\"_blank\" rel=\"noopener\">la nouvelle exposition du mus\u00e9e \u00ab\u00a0Lire le Ciel &#8211; Sous les \u00e9toiles en M\u00e9diterran\u00e9e\u00a0\u00bb<\/a>.<\/p>\n<p><strong>L\u2019astronomie et l\u2019espace sont-ils des th\u00e8mes qui vous fascinent\u00a0?<\/strong>&#13;\n<\/p>\n<p>Je ne fais pas partie de ceux qui ont \u00e9tudi\u00e9 l\u2019espace de mani\u00e8re scientifique ou qui ont achet\u00e9 des t\u00e9lescopes, mais j\u2019ai pass\u00e9 \u00e9norm\u00e9ment de temps \u00e0 regarder les \u00e9toiles. Ne serait-ce que pour l\u2019imaginaire, c\u2019est fabuleux. Et aussi pour mettre en perspective sa condition humaine. Le documentaire n\u2019est pas scientifique non plus, il est po\u00e9tique et ax\u00e9 sur l\u2019humain.<\/p>\n<p><strong>Et \u00eates-vous int\u00e9ress\u00e9 par l\u2019astrologie que \u00ab\u00a0Lire le Ciel\u00a0\u00bb aborde aussi\u00a0?<\/strong>&#13;\n<\/p>\n<p>J\u2019y suis tr\u00e8s sensible\u00a0! <a href=\"https:\/\/www.laprovence.com\/article\/culture-loisirs\/557786272838814\/constellation-voute-celeste-astrologie-le-mucem-devoile-sa-nouvelle-exposition\" target=\"_blank\" rel=\"noopener\">Le th\u00e8me astral,<\/a> la num\u00e9rologie, les tarots\u2026 \u00e7a permet de donner des pistes int\u00e9ressantes.<\/p>\n","protected":false},"excerpt":{"rendered":"Le film documentaire 16 levers de Soleil, r\u00e9alis\u00e9 par Pierre-Emmanuel Le Goff en\u00a02018, mettait en sc\u00e8ne l\u2019odyss\u00e9e spatiale&hellip;\n","protected":false},"author":2,"featured_media":297510,"comment_status":"","ping_status":"","sticky":false,"template":"","format":"standard","meta":{"footnotes":""},"categories":[2814],"tags":[17,1111,11,251,43786,1777,674,1011,27,14721,391,884,6864,12,5242,43785,882,25],"class_list":{"0":"post-297509","1":"post","2":"type-post","3":"status-publish","4":"format-standard","5":"has-post-thumbnail","7":"category-marseille","8":"tag-17","9":"tag-actu","10":"tag-actualites","11":"tag-culture","12":"tag-enormement","13":"tag-eu","14":"tag-europe","15":"tag-fr","16":"tag-france","17":"tag-guillaume","18":"tag-jai","19":"tag-marseille","20":"tag-mucem","21":"tag-news","22":"tag-passe","23":"tag-perret","24":"tag-provence-alpes-cote-dazur","25":"tag-republique-francaise"},"share_on_mastodon":{"url":"https:\/\/pubeurope.com\/@fr\/114974903729932749","error":""},"_links":{"self":[{"href":"https:\/\/www.europesays.com\/fr\/wp-json\/wp\/v2\/posts\/297509","targetHints":{"allow":["GET"]}}],"collection":[{"href":"https:\/\/www.europesays.com\/fr\/wp-json\/wp\/v2\/posts"}],"about":[{"href":"https:\/\/www.europesays.com\/fr\/wp-json\/wp\/v2\/types\/post"}],"author":[{"embeddable":true,"href":"https:\/\/www.europesays.com\/fr\/wp-json\/wp\/v2\/users\/2"}],"replies":[{"embeddable":true,"href":"https:\/\/www.europesays.com\/fr\/wp-json\/wp\/v2\/comments?post=297509"}],"version-history":[{"count":0,"href":"https:\/\/www.europesays.com\/fr\/wp-json\/wp\/v2\/posts\/297509\/revisions"}],"wp:featuredmedia":[{"embeddable":true,"href":"https:\/\/www.europesays.com\/fr\/wp-json\/wp\/v2\/media\/297510"}],"wp:attachment":[{"href":"https:\/\/www.europesays.com\/fr\/wp-json\/wp\/v2\/media?parent=297509"}],"wp:term":[{"taxonomy":"category","embeddable":true,"href":"https:\/\/www.europesays.com\/fr\/wp-json\/wp\/v2\/categories?post=297509"},{"taxonomy":"post_tag","embeddable":true,"href":"https:\/\/www.europesays.com\/fr\/wp-json\/wp\/v2\/tags?post=297509"}],"curies":[{"name":"wp","href":"https:\/\/api.w.org\/{rel}","templated":true}]}}