{"id":297513,"date":"2025-08-05T07:10:16","date_gmt":"2025-08-05T07:10:16","guid":{"rendered":"https:\/\/www.europesays.com\/fr\/297513\/"},"modified":"2025-08-05T07:10:16","modified_gmt":"2025-08-05T07:10:16","slug":"toute-lactualite-de-ce-mardi-5-aout-2025-a-lyon","status":"publish","type":"post","link":"https:\/\/www.europesays.com\/fr\/297513\/","title":{"rendered":"Toute l&rsquo;actualit\u00e9 de ce mardi 5 aout 2025 \u00e0 Lyon"},"content":{"rendered":"<p>A la une de l\u2019info \u00e0 Lyon : la plateforme Kajja pour trouver son compagnon de voyage et Little Kunu pour se mettre d\u00e8s la rentr\u00e9e aux couches lavables\u2026<\/p>\n<p>ECOUTEZ LE 1\/4H LYONNAIS\u2026 Toute l\u2019actualit\u00e9 de ce mardi 5 aout 2025<\/p>\n<p>LE 1\/4H LYONNAIS | mardi 5 aout 2025<\/p>\n<p>Durant cet \u00e9t\u00e9, on vous propose un <strong>1\/4H LYONNAIS<\/strong> dans une forme un peu exceptionnelle\u2026 Avec des reportages \u00e0 travers la ville pour vous faire d\u00e9couvrir, des <strong>lieux<\/strong>, des <strong>personnalit\u00e9s<\/strong>, des <strong>activit\u00e9s<\/strong>\u2026<\/p>\n<p>Vous avez peut-\u00eatre d\u00e9j\u00e0 eu envie de <strong>partir en vacances <\/strong>mais personne pour vous accompagner. Eh bien c\u2019est justement \u00e0 cette probl\u00e9matique qu\u2019essaie de r\u00e9pondre <strong>C\u00e9cilia Ramalho<\/strong>, fondatrice de <a href=\"https:\/\/www.kajja.fr\/\" target=\"_blank\" rel=\"noreferrer noopener\">Kajja<\/a>. Une plateforme destin\u00e9e \u00e0 mettre en relation les <strong>voyageurs<\/strong>.\u00a0<strong>Th\u00e9ophile Eliot<\/strong> s\u2019est entretenu avec <strong>C\u00e9cilia Ramalho<\/strong><\/p>\n<p>Ecoutez aussi : <a href=\"https:\/\/www.lyondemain.fr\/velo-en-famille-voyages\/\" target=\"_blank\" rel=\"noreferrer noopener\">V\u00e9lo en Famille : pour bien pr\u00e9parer son voyage\u2026<\/a><\/p>\n<p>Egalement dans l\u2019actualit\u00e9 de ce mardi 5 aout<\/p>\n<p>2\u00e8me grand reportage dans ce <strong>1\/4H LYONNAIS<\/strong> sp\u00e9cial \u00e9t\u00e9 : <strong>Little Kunu<\/strong> ! Longtemps rel\u00e9gu\u00e9es au grenier des souvenirs, les <strong>couches lavables<\/strong> effectuent un retour remarqu\u00e9 dans les foyers. Port\u00e9es par une <strong>prise de conscience \u00e9cologique<\/strong> grandissante, elles s\u00e9duisent de plus en plus de <strong>parents<\/strong> soucieux de leur <strong>impact environnemental<\/strong>.<\/p>\n<p>La principale motivation pour se tourner vers les <strong>couches lavables<\/strong> est sans conteste leur <strong>faible empreinte \u00e9cologique<\/strong>. Une <strong>couche jetable<\/strong> met plusieurs centaines d\u2019ann\u00e9es \u00e0 se d\u00e9grader. Durant ses premi\u00e8res ann\u00e9es de vie, un b\u00e9b\u00e9 utilise en moyenne <strong>4 000 \u00e0 6 000 couches jetables<\/strong>, g\u00e9n\u00e9rant ainsi plus d\u2019<strong>une tonne de d\u00e9chets<\/strong>.<\/p>\n<p>Le retour des couches lavables<\/p>\n<p>Mais au-del\u00e0 de l\u2019argument vert, cette <strong>alternative aux couches jetables<\/strong> soul\u00e8ve aussi des questions et des r\u00e9ticences\u2026 C\u2019est pour cette raison qu\u2019<strong>Elise Rouyer<\/strong> a cr\u00e9\u00e9 <strong>Little Kunu<\/strong>\u2026 Pour vendre, louer, et aussi organiser des ateliers autour des <strong>couches lavables<\/strong><\/p>\n<p>Entretien avec <strong>Elise Rouyer<\/strong>, fondatrice de <strong>Little Kunu<\/strong>, dans cette \u00e9dition\u2026<\/p>\n<p>Pour tout renseignement, rdv sur <a href=\"https:\/\/www.littlekunu.fr\/\" rel=\"noreferrer noopener\" target=\"_blank\">https:\/\/www.littlekunu.fr\/<\/a><\/p>\n<p>Ecoutez aussi :<a href=\"https:\/\/www.lyondemain.fr\/lundi-4-aout-2025-ete-a-lyon\/\" target=\"_blank\" rel=\"noreferrer noopener\"> LE 1\/4H LYONNAIS | lundi 4 aout 2025<\/a><\/p>\n<p><img fetchpriority=\"high\" decoding=\"async\" width=\"1200\" height=\"675\" src=\"https:\/\/www.europesays.com\/fr\/wp-content\/uploads\/2025\/08\/actualite-de-ce-mardi-5-aout-2025.jpg\" alt=\"actualit\u00e9 de ce mardi 5 aout 2025 info \u00e0 Lyon\" class=\"wp-image-250856\"  \/>Retrouvez aussi le Quart d\u2019Heure Lyonnais de Lyon Demain sur les antennes de Radio Pluriel (Lyon). Radio Salam (Lyon, Saint-Etienne et Bourg) et Radio Arm\u00e9nie (Lyon et Vienne)<br \/>\nJ\u2019aime \u00e7a\u00a0:<\/p>\n<p>J\u2019aime chargement\u2026<\/p>\n<p><a class=\"sd-link-color\"\/><\/p>\n<p>\n\tArticles similaires\n<\/p>\n<p>\t\t\t\t<img decoding=\"async\" src=\"https:\/\/www.europesays.com\/fr\/wp-content\/uploads\/2025\/08\/1754377816_276_7866158698e17e8ed633c05e8f8e7fe5d9e057ad78661c4dc34e413abb6b9f19\" alt=\"G\u00e9rald Bouchon\"\/><\/p>\n<p>Pionnier des radios libres, passionn\u00e9 de radio, journaliste et dirigeant de m\u00e9dias \u00e9co-responsables..<\/p>\n","protected":false},"excerpt":{"rendered":"A la une de l\u2019info \u00e0 Lyon : la plateforme Kajja pour trouver son compagnon de voyage et&hellip;\n","protected":false},"author":2,"featured_media":297514,"comment_status":"","ping_status":"","sticky":false,"template":"","format":"standard","meta":{"footnotes":""},"categories":[1889],"tags":[9269,1111,11,2430,43787,3008,1777,674,1011,27,22943,43788,43789,2428,12,25,1666,8692,23088],"class_list":{"0":"post-297513","1":"post","2":"type-post","3":"status-publish","4":"format-standard","5":"has-post-thumbnail","7":"category-lyon","8":"tag-accompagnement","9":"tag-actu","10":"tag-actualites","11":"tag-auvergne-rhone-alpes","12":"tag-couches-lavables","13":"tag-dechets","14":"tag-eu","15":"tag-europe","16":"tag-fr","17":"tag-france","18":"tag-impact-ecologique","19":"tag-kajja","20":"tag-little-kunu","21":"tag-lyon","22":"tag-news","23":"tag-republique-francaise","24":"tag-voyages","25":"tag-voyageurs","26":"tag-zero-dechet"},"share_on_mastodon":{"url":"https:\/\/pubeurope.com\/@fr\/114974911816836301","error":""},"_links":{"self":[{"href":"https:\/\/www.europesays.com\/fr\/wp-json\/wp\/v2\/posts\/297513","targetHints":{"allow":["GET"]}}],"collection":[{"href":"https:\/\/www.europesays.com\/fr\/wp-json\/wp\/v2\/posts"}],"about":[{"href":"https:\/\/www.europesays.com\/fr\/wp-json\/wp\/v2\/types\/post"}],"author":[{"embeddable":true,"href":"https:\/\/www.europesays.com\/fr\/wp-json\/wp\/v2\/users\/2"}],"replies":[{"embeddable":true,"href":"https:\/\/www.europesays.com\/fr\/wp-json\/wp\/v2\/comments?post=297513"}],"version-history":[{"count":0,"href":"https:\/\/www.europesays.com\/fr\/wp-json\/wp\/v2\/posts\/297513\/revisions"}],"wp:featuredmedia":[{"embeddable":true,"href":"https:\/\/www.europesays.com\/fr\/wp-json\/wp\/v2\/media\/297514"}],"wp:attachment":[{"href":"https:\/\/www.europesays.com\/fr\/wp-json\/wp\/v2\/media?parent=297513"}],"wp:term":[{"taxonomy":"category","embeddable":true,"href":"https:\/\/www.europesays.com\/fr\/wp-json\/wp\/v2\/categories?post=297513"},{"taxonomy":"post_tag","embeddable":true,"href":"https:\/\/www.europesays.com\/fr\/wp-json\/wp\/v2\/tags?post=297513"}],"curies":[{"name":"wp","href":"https:\/\/api.w.org\/{rel}","templated":true}]}}