{"id":297516,"date":"2025-08-05T07:14:10","date_gmt":"2025-08-05T07:14:10","guid":{"rendered":"https:\/\/www.europesays.com\/fr\/297516\/"},"modified":"2025-08-05T07:14:10","modified_gmt":"2025-08-05T07:14:10","slug":"direct-israel-reautorise-lentree-partielle-des-marchandises-privees-dans-la-bande-de-gaza-assiegee-et-en-proie-a-la-famine","status":"publish","type":"post","link":"https:\/\/www.europesays.com\/fr\/297516\/","title":{"rendered":"DIRECT. Isra\u00ebl r\u00e9autorise l&rsquo;entr\u00e9e partielle des marchandises priv\u00e9es dans la bande de Gaza assi\u00e9g\u00e9e et en proie \u00e0 la famine"},"content":{"rendered":"<p>Isra\u00ebl a r\u00e9autoris\u00e9 l&rsquo;entr\u00e9e partielle des marchandises priv\u00e9es dans la bande de Gaza assi\u00e9g\u00e9e et <a href=\"https:\/\/www.franceinfo.fr\/monde\/palestine\/gaza\/deux-millions-de-personnes-sont-a-l-agonie-on-vous-explique-pourquoi-la-famine-n-a-jamais-ete-aussi-grave-dans-la-bande-de-gaza_7396231.html\" rel=\"nofollow noopener\" target=\"_blank\">en proie \u00e0 la famine<\/a>, a annonc\u00e9 mardi 5\u00a0ao\u00fbt le Cogat, un organisme du minist\u00e8re de la D\u00e9fense en charge de l&rsquo;administration civile de ce territoire palestinien. \u00ab\u00a0Un m\u00e9canisme a \u00e9t\u00e9 approuv\u00e9 pour reprendre progressivement et de mani\u00e8re contr\u00f4l\u00e9e l&rsquo;entr\u00e9e de marchandises via le secteur priv\u00e9 \u00e0 Gaza\u00a0\u00bb, pr\u00e9cise un communiqu\u00e9 du Cogat. \u00ab\u00a0L&rsquo;objectif est d&rsquo;augmenter le volume de l&rsquo;aide entrant dans la bande de Gaza, tout en r\u00e9duisant la d\u00e9pendance \u00e0 l&rsquo;\u00e9gard de la collecte de l&rsquo;aide par l&rsquo;ONU et les organisations internationales\u00a0\u00bb, selon la m\u00eame source. Suivez notre direct.\u00a0<\/p>\n<p class=\"c-body__bullet\"><strong> R\u00e9union d&rsquo;urgence du Conseil de s\u00e9curit\u00e9 de l&rsquo;ONU sur la question des otages isra\u00e9liens.<\/strong>\u00a0Le Conseil de s\u00e9curit\u00e9 de l&rsquo;ONU va tenir mardi une r\u00e9union d&rsquo;urgence sur la question <a href=\"https:\/\/www.franceinfo.fr\/monde\/proche-orient\/israel-palestine\/guerre-a-gaza-que-sait-on-de-la-situation-des-otages-israeliens-apres-la-mise-en-scene-macabre-de-deux-d-entre-eux-dans-des-videos-du-hamas_7417678.html\" rel=\"nofollow noopener\" target=\"_blank\">des otages \u00e0 Gaza<\/a>, a annonc\u00e9 dimanche l&rsquo;ambassadeur d&rsquo;Isra\u00ebl, alors que l&rsquo;indignation grandit <a href=\"https:\/\/www.franceinfo.fr\/monde\/israel\/israel-de-nouvelles-videos-d-otages-sement-le-trouble_7417132.html\" rel=\"nofollow noopener\" target=\"_blank\">quant \u00e0 leur sort<\/a> dans l&rsquo;enclave ravag\u00e9e par la guerre et menac\u00e9e de famine.<\/p>\n<p class=\"c-body__bullet\"><strong> Benyamin N\u00e9tanyahou dit pr\u00e9parer des \u00ab\u00a0instructions\u00a0\u00bb sur la poursuite de la guerre.<\/strong>\u00a0Le Premier ministre isra\u00e9lien <a href=\"https:\/\/www.franceinfo.fr\/monde\/proche-orient\/israel-palestine\/l-autorite-palestinienne-appelle-la-communaute-internationale-a-intervenir-de-toute-urgence-face-a-des-rumeurs-d-occupation-totale-de-la-bande-de-gaza_7417984.html\" rel=\"nofollow noopener\" target=\"_blank\">a annonc\u00e9 lundi<\/a> qu&rsquo;il donnerait cette semaine \u00ab\u00a0des instructions\u00a0\u00bb sur la poursuite de la guerre dans la bande de Gaza, au moment o\u00f9 les pressions s&rsquo;accentuent sur son gouvernement pour une issue au conflit et la lib\u00e9ration des captifs du 7-Octobre.<\/p>\n<p class=\"c-body__bullet\"><strong> Le Hamas conditionne la venue de la Croix-Rouge \u00e0 l&rsquo;ouverture des couloirs humanitaires.<\/strong> Le Hamas <a href=\"https:\/\/www.franceinfo.fr\/monde\/proche-orient\/israel-palestine\/guerre-dans-la-bande-de-gaza-le-hamas-n-autorisera-l-acces-de-la-croix-rouge-aux-otages-que-si-des-couloirs-humanitaires-sont-ouverts_7415923.html\" rel=\"nofollow noopener\" target=\"_blank\">a affirm\u00e9 dimanche<\/a> qu&rsquo;il n&rsquo;autoriserait l&rsquo;acc\u00e8s du Comit\u00e9 international de la Croix-Rouge (CICR) aux otages isra\u00e9liens de Gaza que si des couloirs humanitaires sont ouverts \u00ab\u00a0de mani\u00e8re permanente\u00a0\u00bb vers le territoire palestinien, selon un communiqu\u00e9 de sa branche arm\u00e9e. \u00ab\u00a0Les Brigades Qassam ne privent pas d\u00e9lib\u00e9r\u00e9ment les prisonniers de nourriture, mais ils mangent ce que nos combattants et tout notre peuple mangent\u00a0\u00bb, soutient le mouvement.<\/p>\n","protected":false},"excerpt":{"rendered":"Isra\u00ebl a r\u00e9autoris\u00e9 l&rsquo;entr\u00e9e partielle des marchandises priv\u00e9es dans la bande de Gaza assi\u00e9g\u00e9e et en proie \u00e0&hellip;\n","protected":false},"author":2,"featured_media":297517,"comment_status":"","ping_status":"","sticky":false,"template":"","format":"standard","meta":{"footnotes":""},"categories":[1888],"tags":[1111,1928,11,1927,1777,674,1011,27,12,1926,626,1925,25],"class_list":{"0":"post-297516","1":"post","2":"type-post","3":"status-publish","4":"format-standard","5":"has-post-thumbnail","7":"category-paris","8":"tag-actu","9":"tag-actu-paris","10":"tag-actualites","11":"tag-actualites-paris","12":"tag-eu","13":"tag-europe","14":"tag-fr","15":"tag-france","16":"tag-news","17":"tag-news-paris","18":"tag-paris","19":"tag-paris-news","20":"tag-republique-francaise"},"share_on_mastodon":{"url":"https:\/\/pubeurope.com\/@fr\/114974927397855265","error":""},"_links":{"self":[{"href":"https:\/\/www.europesays.com\/fr\/wp-json\/wp\/v2\/posts\/297516","targetHints":{"allow":["GET"]}}],"collection":[{"href":"https:\/\/www.europesays.com\/fr\/wp-json\/wp\/v2\/posts"}],"about":[{"href":"https:\/\/www.europesays.com\/fr\/wp-json\/wp\/v2\/types\/post"}],"author":[{"embeddable":true,"href":"https:\/\/www.europesays.com\/fr\/wp-json\/wp\/v2\/users\/2"}],"replies":[{"embeddable":true,"href":"https:\/\/www.europesays.com\/fr\/wp-json\/wp\/v2\/comments?post=297516"}],"version-history":[{"count":0,"href":"https:\/\/www.europesays.com\/fr\/wp-json\/wp\/v2\/posts\/297516\/revisions"}],"wp:featuredmedia":[{"embeddable":true,"href":"https:\/\/www.europesays.com\/fr\/wp-json\/wp\/v2\/media\/297517"}],"wp:attachment":[{"href":"https:\/\/www.europesays.com\/fr\/wp-json\/wp\/v2\/media?parent=297516"}],"wp:term":[{"taxonomy":"category","embeddable":true,"href":"https:\/\/www.europesays.com\/fr\/wp-json\/wp\/v2\/categories?post=297516"},{"taxonomy":"post_tag","embeddable":true,"href":"https:\/\/www.europesays.com\/fr\/wp-json\/wp\/v2\/tags?post=297516"}],"curies":[{"name":"wp","href":"https:\/\/api.w.org\/{rel}","templated":true}]}}