{"id":297522,"date":"2025-08-05T07:17:23","date_gmt":"2025-08-05T07:17:23","guid":{"rendered":"https:\/\/www.europesays.com\/fr\/297522\/"},"modified":"2025-08-05T07:17:23","modified_gmt":"2025-08-05T07:17:23","slug":"3500-enfants-doccitanie-dont-60-ariegeois-mettent-le-cap-sur-paris-pour-les-80-ans-du-secours-populaire","status":"publish","type":"post","link":"https:\/\/www.europesays.com\/fr\/297522\/","title":{"rendered":"3500 enfants d&rsquo;Occitanie dont 60 Ari\u00e9geois mettent le cap sur Paris pour les 80 ans du secours populaire"},"content":{"rendered":"<p>Le Secours populaire s\u2019appr\u00eate \u00e0 c\u00e9l\u00e9brer un anniversaire exceptionnel. Le 20 ao\u00fbt prochain, \u00e0 l\u2019occasion de ses 80 ans, l\u2019association r\u00e9unira \u00e0 Paris 80 000 enfants venus de toute la France. En Occitanie, 3 500 participants se pr\u00e9parent d\u00e9j\u00e0 pour ce grand d\u00e9part. En Ari\u00e8ge, une centaine d\u2019entre eux, dont 60 enfants, comptent les jours avec impatience.<\/p>\n<p>Une journ\u00e9e parisienne de d\u00e9couverte et de rencontres<\/p>\n<p>\u00ab C\u2019est une manifestation \u00e0 laquelle nous participons tous les dix ans \u00bb, explique G\u00e9rard S\u00e9nevat, secr\u00e9taire g\u00e9n\u00e9ral du Secours populaire de l\u2019Ari\u00e8ge. Cette ann\u00e9e, l\u2019\u00e9v\u00e9nement co\u00efncide avec la Journ\u00e9e des Oubli\u00e9s des Vacances (JOV). Deux bus emm\u00e8neront les 60 enfants ari\u00e9geois, b\u00e9n\u00e9ficiaires de l\u2019association ou identifi\u00e9s via les CCAS et ALA\u00c9, accompagn\u00e9s d\u2019une quarantaine d\u2019adultes et de b\u00e9n\u00e9voles.<\/p>\n<p>Ils rejoindront les 15 bus affr\u00e9t\u00e9s depuis Toulouse pour une journ\u00e9e riche en d\u00e9couvertes. Au programme : visites de sites embl\u00e9matiques tels que le ch\u00e2teau de Versailles, l\u2019Assembl\u00e9e nationale ou les Invalides. \u00ab Cette sortie se veut \u00e0 la fois p\u00e9dagogique et festive \u00bb, pr\u00e9cise G\u00e9rard S\u00e9nevat. L\u2019apr\u00e8s-midi sera marqu\u00e9 par des spectacles r\u00e9unissant artistes surprises, vedettes et athl\u00e8tes olympiques. Entre balade en bateau-mouche, animations et festivit\u00e9s, cette journ\u00e9e promet d\u2019\u00eatre inoubliable pour les petits Ari\u00e9geois.<\/p>\n<p>Une r\u00e9p\u00e9tition festive \u00e0 Orlu<\/p>\n<p><img fetchpriority=\"high\" decoding=\"async\" width=\"1133\" height=\"850\" src=\"https:\/\/www.europesays.com\/fr\/wp-content\/uploads\/2025\/08\/image000002004.webp.webp\" alt=\"\" class=\"wp-image-39204\"  \/>photo secours populaire 09<\/p>\n<p>En avant-premi\u00e8re, les b\u00e9n\u00e9voles du Secours populaire de l\u2019Ari\u00e8ge ont f\u00eat\u00e9 les 80 ans de la fondation \u00e0 Orlu, samedi 1er ao\u00fbt. L\u2019\u00e9v\u00e9nement, plac\u00e9 sous le signe de la convivialit\u00e9, a mis en lumi\u00e8re les talents multiculturels de l\u2019association \u00e0 travers un repas aux saveurs vari\u00e9es. \u00ab C\u2019\u00e9tait l\u2019occasion de remercier les b\u00e9n\u00e9voles qui encadreront la JOV et de c\u00e9l\u00e9brer ensemble cet anniversaire attendu depuis longtemps \u00bb, souligne G\u00e9rard S\u00e9nevat.<\/p>\n<p>Des besoins alimentaires en constante augmentation<\/p>\n<p>Avec 200 b\u00e9n\u00e9voles en Ari\u00e8ge et plus de 5 000 b\u00e9n\u00e9ficiaires, le Secours populaire reste un acteur essentiel de la solidarit\u00e9 dans le d\u00e9partement. Pourtant, les demandes explosent. Les chiffres de l\u2019INSEE, publi\u00e9s le 7 juillet dernier, confirment une situation pr\u00e9occupante : 9,8 millions de personnes vivent aujourd\u2019hui sous le seuil de pauvret\u00e9.<\/p>\n<p>\u00ab Nous faisons face \u00e0 une hausse constante des sollicitations, tout en rencontrant de grandes difficult\u00e9s pour nous approvisionner en denr\u00e9es alimentaires \u00bb, confie G\u00e9rard S\u00e9nevat. Le respect du label Mieux manger pour tous, garant de la qualit\u00e9 des produits distribu\u00e9s, ajoute un d\u00e9fi suppl\u00e9mentaire.<\/p>\n","protected":false},"excerpt":{"rendered":"Le Secours populaire s\u2019appr\u00eate \u00e0 c\u00e9l\u00e9brer un anniversaire exceptionnel. Le 20 ao\u00fbt prochain, \u00e0 l\u2019occasion de ses 80&hellip;\n","protected":false},"author":2,"featured_media":297523,"comment_status":"","ping_status":"","sticky":false,"template":"","format":"standard","meta":{"footnotes":""},"categories":[1888],"tags":[11,2720,1777,674,1011,27,12,2680,626,25,20784],"class_list":{"0":"post-297522","1":"post","2":"type-post","3":"status-publish","4":"format-standard","5":"has-post-thumbnail","7":"category-paris","8":"tag-actualites","9":"tag-ariege","10":"tag-eu","11":"tag-europe","12":"tag-fr","13":"tag-france","14":"tag-news","15":"tag-occitanie","16":"tag-paris","17":"tag-republique-francaise","18":"tag-secours-populaire"},"share_on_mastodon":{"url":"https:\/\/pubeurope.com\/@fr\/114974939202233963","error":""},"_links":{"self":[{"href":"https:\/\/www.europesays.com\/fr\/wp-json\/wp\/v2\/posts\/297522","targetHints":{"allow":["GET"]}}],"collection":[{"href":"https:\/\/www.europesays.com\/fr\/wp-json\/wp\/v2\/posts"}],"about":[{"href":"https:\/\/www.europesays.com\/fr\/wp-json\/wp\/v2\/types\/post"}],"author":[{"embeddable":true,"href":"https:\/\/www.europesays.com\/fr\/wp-json\/wp\/v2\/users\/2"}],"replies":[{"embeddable":true,"href":"https:\/\/www.europesays.com\/fr\/wp-json\/wp\/v2\/comments?post=297522"}],"version-history":[{"count":0,"href":"https:\/\/www.europesays.com\/fr\/wp-json\/wp\/v2\/posts\/297522\/revisions"}],"wp:featuredmedia":[{"embeddable":true,"href":"https:\/\/www.europesays.com\/fr\/wp-json\/wp\/v2\/media\/297523"}],"wp:attachment":[{"href":"https:\/\/www.europesays.com\/fr\/wp-json\/wp\/v2\/media?parent=297522"}],"wp:term":[{"taxonomy":"category","embeddable":true,"href":"https:\/\/www.europesays.com\/fr\/wp-json\/wp\/v2\/categories?post=297522"},{"taxonomy":"post_tag","embeddable":true,"href":"https:\/\/www.europesays.com\/fr\/wp-json\/wp\/v2\/tags?post=297522"}],"curies":[{"name":"wp","href":"https:\/\/api.w.org\/{rel}","templated":true}]}}