{"id":297524,"date":"2025-08-05T07:18:14","date_gmt":"2025-08-05T07:18:14","guid":{"rendered":"https:\/\/www.europesays.com\/fr\/297524\/"},"modified":"2025-08-05T07:18:14","modified_gmt":"2025-08-05T07:18:14","slug":"multimedia-la-russie-leve-le-moratoire-sur-le-deploiement-de-missiles-a-moyenne-et-courte-portee-xinhua","status":"publish","type":"post","link":"https:\/\/www.europesays.com\/fr\/297524\/","title":{"rendered":"(Multim\u00e9dia) La Russie l\u00e8ve le moratoire sur le d\u00e9ploiement de missiles \u00e0 moyenne et courte port\u00e9e &#8211; Xinhua"},"content":{"rendered":"<p><img decoding=\"async\" controls=\"controls\" src=\"https:\/\/www.europesays.com\/fr\/wp-content\/uploads\/2025\/08\/2025080597917f60a6c34e5d9983ce5589584521_XxjifrF007018_20250805_CBMFN0A001.jpg\"\/>Des camions lanceurs de missiles Iskander traversent la place Rouge lors du d\u00e9fil\u00e9 militaire marquant le 70e anniversaire de la victoire de la Grande Guerre patriotique, \u00e0 Moscou, en Russie, le 9 mai 2015. (Xinhua\/Jia Yuchen)<\/p>\n<p><strong>Le minist\u00e8re russe des Affaires \u00e9trang\u00e8res a d\u00e9clar\u00e9 lundi que le pays ne se consid\u00e9rait plus comme li\u00e9 par les restrictions qu&rsquo;il s&rsquo;\u00e9tait impos\u00e9es concernant le d\u00e9ploiement de missiles terrestres \u00e0 moyenne et courte port\u00e9e.<\/strong><\/p>\n<p>MOSCOU, 5 ao\u00fbt (Xinhua) &#8212; Le minist\u00e8re russe des Affaires \u00e9trang\u00e8res a d\u00e9clar\u00e9 lundi que le pays ne se consid\u00e9rait plus comme li\u00e9 par les restrictions qu&rsquo;il s&rsquo;\u00e9tait impos\u00e9es concernant le d\u00e9ploiement de missiles terrestres \u00e0 moyenne et courte port\u00e9e.<\/p>\n<p>Le minist\u00e8re a not\u00e9 la disparition des \u00ab\u00a0conditions permettant de maintenir un moratoire unilat\u00e9ral sur le d\u00e9ploiement de syst\u00e8mes similaires\u00a0\u00bb dans le cadre du Trait\u00e9 sur les forces nucl\u00e9aires \u00e0 port\u00e9e interm\u00e9diaire.<\/p>\n<p>Les mesures prises par l&rsquo;Occident ont conduit \u00e0 l&rsquo;accumulation de potentiels de missiles d\u00e9stabilisateurs dans les r\u00e9gions adjacentes \u00e0 la Russie, ce qui constitue une menace directe pour la s\u00e9curit\u00e9 strat\u00e9gique du pays, a indiqu\u00e9 le minist\u00e8re.<\/p>\n<p>Le trait\u00e9 nucl\u00e9aire \u00e9tait un accord de contr\u00f4le des armements entre les Etats-Unis et l&rsquo;Union sovi\u00e9tique. En 2019, la partie am\u00e9ricaine s&rsquo;\u00e9tait retir\u00e9e du trait\u00e9, invoquant le non-respect de celui-ci par la Russie. La Russie avait alors suspendu l&rsquo;application du trait\u00e9 mais d\u00e9cr\u00e9t\u00e9 un moratoire sur cette suspension \u00e0 condition que les Etats-Unis fassent de m\u00eame.<\/p>\n","protected":false},"excerpt":{"rendered":"Des camions lanceurs de missiles Iskander traversent la place Rouge lors du d\u00e9fil\u00e9 militaire marquant le 70e anniversaire&hellip;\n","protected":false},"author":2,"featured_media":297525,"comment_status":"","ping_status":"","sticky":false,"template":"","format":"standard","meta":{"footnotes":""},"categories":[1591],"tags":[11,1887,12,1885,1886,132,43790],"class_list":{"0":"post-297524","1":"post","2":"type-post","3":"status-publish","4":"format-standard","5":"has-post-thumbnail","7":"category-russie","8":"tag-actualites","9":"tag-federation-de-russie","10":"tag-news","11":"tag-russia","12":"tag-russian-federation","13":"tag-russie","14":"tag-russie-usa-missiles"},"share_on_mastodon":{"url":"https:\/\/pubeurope.com\/@fr\/114974943306526405","error":""},"_links":{"self":[{"href":"https:\/\/www.europesays.com\/fr\/wp-json\/wp\/v2\/posts\/297524","targetHints":{"allow":["GET"]}}],"collection":[{"href":"https:\/\/www.europesays.com\/fr\/wp-json\/wp\/v2\/posts"}],"about":[{"href":"https:\/\/www.europesays.com\/fr\/wp-json\/wp\/v2\/types\/post"}],"author":[{"embeddable":true,"href":"https:\/\/www.europesays.com\/fr\/wp-json\/wp\/v2\/users\/2"}],"replies":[{"embeddable":true,"href":"https:\/\/www.europesays.com\/fr\/wp-json\/wp\/v2\/comments?post=297524"}],"version-history":[{"count":0,"href":"https:\/\/www.europesays.com\/fr\/wp-json\/wp\/v2\/posts\/297524\/revisions"}],"wp:featuredmedia":[{"embeddable":true,"href":"https:\/\/www.europesays.com\/fr\/wp-json\/wp\/v2\/media\/297525"}],"wp:attachment":[{"href":"https:\/\/www.europesays.com\/fr\/wp-json\/wp\/v2\/media?parent=297524"}],"wp:term":[{"taxonomy":"category","embeddable":true,"href":"https:\/\/www.europesays.com\/fr\/wp-json\/wp\/v2\/categories?post=297524"},{"taxonomy":"post_tag","embeddable":true,"href":"https:\/\/www.europesays.com\/fr\/wp-json\/wp\/v2\/tags?post=297524"}],"curies":[{"name":"wp","href":"https:\/\/api.w.org\/{rel}","templated":true}]}}