{"id":29753,"date":"2025-04-16T18:42:11","date_gmt":"2025-04-16T18:42:11","guid":{"rendered":"https:\/\/www.europesays.com\/fr\/29753\/"},"modified":"2025-04-16T18:42:11","modified_gmt":"2025-04-16T18:42:11","slug":"vous-avez-annule-un-voyage-aux-etats-unis-depuis-la-victoire-de-donald-trump","status":"publish","type":"post","link":"https:\/\/www.europesays.com\/fr\/29753\/","title":{"rendered":"Vous avez annul\u00e9 un voyage aux Etats-Unis depuis la victoire de Donald Trump\u00a0?"},"content":{"rendered":"<p>Depuis le retour de <a href=\"https:\/\/www.20minutes.fr\/dossier\/donald_trump\" class=\"color-ultramarine c-link\" target=\"_blank\" rel=\"noopener\">Donald Trump<\/a> \u00e0 la pr\u00e9sidence, les conditions d\u2019<a href=\"https:\/\/www.20minutes.fr\/monde\/etats-unis\/4145227-20250328-etats-unis-quoi-faut-desormais-faire-attention-lorsqu-souhaite-entrer-pays\" class=\"color-ultramarine c-link\" target=\"_blank\" rel=\"noopener\">entr\u00e9e sur le sol am\u00e9ricain<\/a> semblent se durcir. Des avocats et journalistes ont \u00e9galement rapport\u00e9 avoir \u00e9t\u00e9 interrog\u00e9s \u00e0 la fronti\u00e8re sur leurs opinions politiques.\u200b Un chercheur fran\u00e7ais a par ailleurs \u00e9t\u00e9 expuls\u00e9<a href=\"https:\/\/www.20minutes.fr\/monde\/etats-unis\/4144385-20250320-etats-unis-chercheur-francais-refoule-apres-avoir-partage-opinion-administration-trump\" class=\"color-ultramarine c-link\" target=\"_blank\" rel=\"noopener\"> pour des messages priv\u00e9s critiquant la politique de Donald Trump<\/a> &#8211; une version que nient toutefois les autorit\u00e9s am\u00e9ricaines. Par ailleurs, les inqui\u00e9tudes grandissent autour du recul des droits des minorit\u00e9s et de l\u2019atmosph\u00e8re g\u00e9n\u00e9rale dans le pays.<\/p>\n<p>Vous aviez pr\u00e9vu un voyage aux \u00c9tats-Unis, mais vous l\u2019avez annul\u00e9 \u00e0 cause de la situation politique\u00a0? Vous redoutez un contr\u00f4le renforc\u00e9, une d\u00e9tention arbitraire, ou vous ne souhaitez plus soutenir ce pays en y d\u00e9pensant votre argent\u00a0? Ou au contraire, vous avez choisi de maintenir votre voyage malgr\u00e9 tout\u00a0? Racontez-nous. Comment cette d\u00e9cision s\u2019est-elle impos\u00e9e \u00e0 vous\u00a0? \u00c9tait-ce un voyage d\u2019agr\u00e9ment, professionnel, familial\u00a0? Que ressentez-vous aujourd\u2019hui face \u00e0 cette renonciation (ou \u00e0 ce choix de partir malgr\u00e9 tout)\u00a0?<\/p>\n<p><\/p>\n","protected":false},"excerpt":{"rendered":"Depuis le retour de Donald Trump \u00e0 la pr\u00e9sidence, les conditions d\u2019entr\u00e9e sur le sol am\u00e9ricain semblent se&hellip;\n","protected":false},"author":2,"featured_media":29754,"comment_status":"","ping_status":"","sticky":false,"template":"","format":"standard","meta":{"footnotes":""},"categories":[6],"tags":[47,35,75,33,34,7713,73,1011,27,74,602,586],"class_list":{"0":"post-29753","1":"post","2":"type-post","3":"status-publish","4":"format-standard","5":"has-post-thumbnail","7":"category-economie","8":"tag-actualite","9":"tag-business","10":"tag-donald-trump","11":"tag-economie","12":"tag-economy","13":"tag-escapade","14":"tag-etats-unis","15":"tag-fr","16":"tag-france","17":"tag-monde","18":"tag-tourisme","19":"tag-voyage"},"share_on_mastodon":{"url":"https:\/\/pubeurope.com\/@fr\/114349116256090855","error":""},"_links":{"self":[{"href":"https:\/\/www.europesays.com\/fr\/wp-json\/wp\/v2\/posts\/29753","targetHints":{"allow":["GET"]}}],"collection":[{"href":"https:\/\/www.europesays.com\/fr\/wp-json\/wp\/v2\/posts"}],"about":[{"href":"https:\/\/www.europesays.com\/fr\/wp-json\/wp\/v2\/types\/post"}],"author":[{"embeddable":true,"href":"https:\/\/www.europesays.com\/fr\/wp-json\/wp\/v2\/users\/2"}],"replies":[{"embeddable":true,"href":"https:\/\/www.europesays.com\/fr\/wp-json\/wp\/v2\/comments?post=29753"}],"version-history":[{"count":0,"href":"https:\/\/www.europesays.com\/fr\/wp-json\/wp\/v2\/posts\/29753\/revisions"}],"wp:featuredmedia":[{"embeddable":true,"href":"https:\/\/www.europesays.com\/fr\/wp-json\/wp\/v2\/media\/29754"}],"wp:attachment":[{"href":"https:\/\/www.europesays.com\/fr\/wp-json\/wp\/v2\/media?parent=29753"}],"wp:term":[{"taxonomy":"category","embeddable":true,"href":"https:\/\/www.europesays.com\/fr\/wp-json\/wp\/v2\/categories?post=29753"},{"taxonomy":"post_tag","embeddable":true,"href":"https:\/\/www.europesays.com\/fr\/wp-json\/wp\/v2\/tags?post=29753"}],"curies":[{"name":"wp","href":"https:\/\/api.w.org\/{rel}","templated":true}]}}