{"id":297530,"date":"2025-08-05T07:21:13","date_gmt":"2025-08-05T07:21:13","guid":{"rendered":"https:\/\/www.europesays.com\/fr\/297530\/"},"modified":"2025-08-05T07:21:13","modified_gmt":"2025-08-05T07:21:13","slug":"traversees-de-la-manche-laccord-franco-britannique-sur-lechange-de-migrants-entre-en-vigueur-ce-mardi","status":"publish","type":"post","link":"https:\/\/www.europesays.com\/fr\/297530\/","title":{"rendered":"Travers\u00e9es de la Manche\u00a0: l\u2019accord franco-britannique sur l\u2019\u00e9change de migrants entre en vigueur ce mardi"},"content":{"rendered":"<p class=\"paragraph text_align_left lp-f-body-02\">L\u2019accord sur l\u2019\u00e9change de migrants entre la France et le Royaume-Uni, conclu d\u00e9but juillet lors de la <a href=\"https:\/\/www.leparisien.fr\/politique\/a-londres-emmanuel-macron-et-le-retour-de-flammes-de-lentente-cordiale-entre-la-france-et-le-royaume-uni-08-07-2025-CDSFOZ2YGVCGVDYI2DEVPKZHVQ.php\" target=\"_self\" rel=\"nofollow noopener\">visite d\u2019\u00c9tat d\u2019Emmanuel Macron \u00e0 Londres<\/a>, entre en vigueur ce mardi 5\u00a0ao\u00fbt. Le minist\u00e8re britannique de l\u2019Int\u00e9rieur a confirm\u00e9 lundi la mise en application de ce dispositif destin\u00e9 \u00e0 lutter contre les travers\u00e9es ill\u00e9gales de la Manche sur des embarcations de fortune.<\/p>\n<p class=\"paragraph text_align_left lp-f-body-02\">Ce texte, sign\u00e9 d\u00e9finitivement la semaine derni\u00e8re par les deux gouvernements et valid\u00e9 par la Commission europ\u00e9enne, pr\u00e9voit un m\u00e9canisme d\u2019\u00e9change\u00a0: les migrants arriv\u00e9s au Royaume-Uni par \u00ab\u00a0small boat\u00a0\u00bb et dont la demande d\u2019asile est jug\u00e9e irrecevable pourront \u00eatre renvoy\u00e9s en France. En retour, Londres accueillera des migrants depuis la France, apr\u00e8s une demande formul\u00e9e sur une plate-forme en ligne, avec une priorit\u00e9 donn\u00e9e aux ressortissants de nationalit\u00e9s particuli\u00e8rement cibl\u00e9es par les r\u00e9seaux de passeurs, ainsi qu\u2019aux personnes disposant de liens avec le Royaume-Uni.<\/p>\n<p class=\"paragraph text_align_left lp-f-body-02\">Ce dispositif, en vigueur jusqu\u2019en juin\u00a02026, s\u2019inscrit dans la volont\u00e9 des deux pays de d\u00e9manteler les fili\u00e8res de passeurs. La ministre britannique de l\u2019Int\u00e9rieur a salu\u00e9 \u00ab\u00a0une \u00e9tape importante pour d\u00e9manteler le mod\u00e8le \u00e9conomique\u00a0\u00bb des passeurs et en finir avec l\u2019id\u00e9e que les migrants entr\u00e9s ill\u00e9galement au Royaume-Uni ne peuvent \u00eatre renvoy\u00e9s.<\/p>\n<p>Un accord jug\u00e9 trop favorable aux Britanniques<\/p>\n<p class=\"paragraph text_align_left lp-f-body-02\">Le Home Office a pr\u00e9cis\u00e9 que les premiers migrants susceptibles d\u2019\u00eatre transf\u00e9r\u00e9s vers la France pourraient \u00eatre plac\u00e9s en d\u00e9tention \u00ab\u00a0dans les prochains jours\u00a0\u00bb. Aucun chiffre n\u2019a cependant \u00e9t\u00e9 communiqu\u00e9 sur le nombre de personnes concern\u00e9es par ces \u00e9changes.<\/p>\n<p class=\"paragraph text_align_left lp-f-body-02\">Les nouveaux arrivants feront l\u2019objet d\u2019un contr\u00f4le s\u00e9curitaire complet de part et d\u2019autre de la Manche, assurent les autorit\u00e9s. Ce projet a toutefois suscit\u00e9 de vives critiques dans le nord de la France, o\u00f9 des \u00e9lus jugent l\u2019accord trop favorable aux Britanniques.<\/p>\n<blockquote class=\"twitter-tweet\">\n<p lang=\"fr\" dir=\"ltr\">L\u2019accord avec le Royaume-Uni va cr\u00e9er une nouvelle fili\u00e8re d\u2019immigration ill\u00e9gale en France. <\/p>\n<p>Avec <a href=\"https:\/\/twitter.com\/NatachaBouchart?ref_src=twsrc%5Etfw\" rel=\"nofollow noopener\" target=\"_blank\">@NatachaBouchart<\/a> et le collectif des \u00e9lus du littoral, en premi\u00e8re ligne face \u00e0 la probl\u00e9matique migratoire, nous demandons \u00e0 <a href=\"https:\/\/twitter.com\/BrunoRetailleau?ref_src=twsrc%5Etfw\" rel=\"nofollow noopener\" target=\"_blank\">@BrunoRetailleau<\/a> de refuser cet accord \ud83d\udc47 <a href=\"https:\/\/t.co\/mYw1PbKCf1\" rel=\"nofollow\">pic.twitter.com\/mYw1PbKCf1<\/a><\/p>\n<p>\u2014 Xavier Bertrand (@xavierbertrand) <a href=\"https:\/\/twitter.com\/xavierbertrand\/status\/1944014897198625102?ref_src=twsrc%5Etfw\" rel=\"nofollow noopener\" target=\"_blank\">July 12, 2025<\/a><\/p><\/blockquote>\n<p class=\"paragraph text_align_left lp-f-body-02\">Des <a href=\"https:\/\/www.leparisien.fr\/faits-divers\/calais-des-associations-denoncent-un-vol-systematise-et-institutionnalise-des-affaires-de-migrants-expulses-18-10-2021-WAHIG3AQEBDH5LHMBXEFUZYJP4.php\" target=\"_self\" rel=\"nofollow noopener\">associations de soutien aux migrants<\/a> d\u00e9noncent \u00e9galement un dispositif contraire aux principes du droit international en mati\u00e8re de protection des r\u00e9fugi\u00e9s.<\/p>\n<p class=\"paragraph text_align_left lp-f-body-02\">Depuis le d\u00e9but de l\u2019ann\u00e9e, plus de 25\u00a0400 migrants sont arriv\u00e9s au Royaume-Uni par voie maritime, un chiffre record. Le gouvernement travailliste de <a href=\"https:\/\/www.leparisien.fr\/international\/royaume-uni-plus-de-120-000-euros-de-cadeaux-et-une-polemique-le-premier-ministre-keir-starmer-renonce-a-des-dons-pour-des-vetements-20-09-2024-6XJMDVFC3FEJ5PKCUCUQQX6OAA.php\" target=\"_self\" rel=\"nofollow noopener\">Keir Starmer<\/a> est sous pression pour endiguer ces arriv\u00e9es, alors que le parti anti-immigration Reform UK de <a href=\"https:\/\/www.leparisien.fr\/international\/royaume-uni\/salvador-kosovo-estonie-au-royaume-uni-nigel-farage-suggere-denvoyer-des-criminels-purger-leur-peine-a-letranger-21-07-2025-2WL5OYLXZNG3JHD6BDYT53X7AA.php\" target=\"_self\" rel=\"nofollow noopener\">Nigel Farage<\/a> gagne du terrain dans les sondages et que des manifestations hostiles \u00e0 l\u2019accueil des demandeurs d\u2019asile se multiplient dans le pays.<\/p>\n<p><script async src=\"https:\/\/platform.twitter.com\/widgets.js\" charset=\"utf-8\"><\/script><\/p>\n","protected":false},"excerpt":{"rendered":"L\u2019accord sur l\u2019\u00e9change de migrants entre la France et le Royaume-Uni, conclu d\u00e9but juillet lors de la visite&hellip;\n","protected":false},"author":2,"featured_media":297531,"comment_status":"","ping_status":"","sticky":false,"template":"","format":"standard","meta":{"footnotes":""},"categories":[1588],"tags":[11,1777,674,14,12,473,1853,1851,1850,1852],"class_list":{"0":"post-297530","1":"post","2":"type-post","3":"status-publish","4":"format-standard","5":"has-post-thumbnail","7":"category-royaume-uni","8":"tag-actualites","9":"tag-eu","10":"tag-europe","11":"tag-international","12":"tag-news","13":"tag-royaume-uni","14":"tag-royaume-uni-de-grande-bretagne-et-dirlande-du-nord","15":"tag-uk","16":"tag-united-kingdom","17":"tag-united-kingdom-of-great-britain-and-northern-ireland"},"share_on_mastodon":{"url":"https:\/\/pubeurope.com\/@fr\/114974954851118427","error":""},"_links":{"self":[{"href":"https:\/\/www.europesays.com\/fr\/wp-json\/wp\/v2\/posts\/297530","targetHints":{"allow":["GET"]}}],"collection":[{"href":"https:\/\/www.europesays.com\/fr\/wp-json\/wp\/v2\/posts"}],"about":[{"href":"https:\/\/www.europesays.com\/fr\/wp-json\/wp\/v2\/types\/post"}],"author":[{"embeddable":true,"href":"https:\/\/www.europesays.com\/fr\/wp-json\/wp\/v2\/users\/2"}],"replies":[{"embeddable":true,"href":"https:\/\/www.europesays.com\/fr\/wp-json\/wp\/v2\/comments?post=297530"}],"version-history":[{"count":0,"href":"https:\/\/www.europesays.com\/fr\/wp-json\/wp\/v2\/posts\/297530\/revisions"}],"wp:featuredmedia":[{"embeddable":true,"href":"https:\/\/www.europesays.com\/fr\/wp-json\/wp\/v2\/media\/297531"}],"wp:attachment":[{"href":"https:\/\/www.europesays.com\/fr\/wp-json\/wp\/v2\/media?parent=297530"}],"wp:term":[{"taxonomy":"category","embeddable":true,"href":"https:\/\/www.europesays.com\/fr\/wp-json\/wp\/v2\/categories?post=297530"},{"taxonomy":"post_tag","embeddable":true,"href":"https:\/\/www.europesays.com\/fr\/wp-json\/wp\/v2\/tags?post=297530"}],"curies":[{"name":"wp","href":"https:\/\/api.w.org\/{rel}","templated":true}]}}