{"id":297532,"date":"2025-08-05T07:22:14","date_gmt":"2025-08-05T07:22:14","guid":{"rendered":"https:\/\/www.europesays.com\/fr\/297532\/"},"modified":"2025-08-05T07:22:14","modified_gmt":"2025-08-05T07:22:14","slug":"mercato-apres-lallemagne-direction-la-hollande-pour-cet-ancien-vert","status":"publish","type":"post","link":"https:\/\/www.europesays.com\/fr\/297532\/","title":{"rendered":"Mercato : Apr\u00e8s l&rsquo;Allemagne direction la Hollande pour cet ancien vert"},"content":{"rendered":"<p>Joueur \u00e9ph\u00e9m\u00e8re de l\u2019AS Saint-\u00c9tienne entre janvier et septembre 2023, Niels Nkounkou sera en partance de son club de Francfort, selon les informations du m\u00e9dia allemand Bild.<\/p>\n<p>Selon la presse allemande, le PSV Eindhoven r\u00e9cent champion en Eredivisie, aurait jet\u00e9 son d\u00e9volu sur <strong>Niels Nkounkou<\/strong>, lat\u00e9ral fran\u00e7ais de 24 ans, pass\u00e9 par l\u2019AS Saint-\u00c9tienne au d\u00e9but de l\u2019ann\u00e9e 2023. Apr\u00e8s deux saisons \u00e0 Francfort, 70 matchs dont 16 de Coupe d\u2019Europe, le joueur form\u00e9 \u00e0 Marseille pourrait \u00eatre tent\u00e9 par un nouveau projet. Il est \u00e9valu\u00e9 \u00e0 3,50 M\u20ac par le site sp\u00e9cialis\u00e9 transfermarkt.<\/p>\n<p>chevron_right \u00c0 lire aussi<\/p>\n<p>Six mois, 21 matchs, six buts et 8 passes d\u00e9cisives,<strong>Niels Nkounkou<\/strong> a fait un bref mais tr\u00e8s remarqu\u00e9 passage dans le Forez, lors de la premi\u00e8re saison des Verts en Ligue 2 apr\u00e8s la descente de 2021\/2022. Pr\u00eat\u00e9 avec option d\u2019achat par Everton, le joueur \u00e9tait mont\u00e9 au cr\u00e9neau durant l\u2019\u00e9t\u00e9 pour quitter le club qui venait de l\u2019engager contre 1,9 millions d&rsquo;euros. Rapidement d\u2019accord avec Francfort, il avait ouvert un bras de fer avec la direction de l\u2019\u00e9poque, multipliant les sorties dans la presse afin de quitter l&rsquo;ASSE : \u00ab\u00a0Quand j&rsquo;ai \u00e9t\u00e9 mis au courant de la possibilit\u00e9 de signer l\u00e0-bas (\u00e0 Francfort), j&rsquo;ai tout de suite donn\u00e9 mon accord (&#8230;) Quand je suis arriv\u00e9 \u00e0 Saint-\u00c9tienne, cet hiver, les choses \u00e9taient pourtant tr\u00e8s claires avec les dirigeants (&#8230;) Ils savent tr\u00e8s bien ce que je pense. Je l&rsquo;ai d\u00e9j\u00e0 dit \u00e0 la derni\u00e8re journ\u00e9e de championnat et de nombreuses fois depuis. J&rsquo;ai l&rsquo;ambition de jouer en Premi\u00e8re Division, je pense que c&rsquo;est normal pour tout joueur de le vouloir. Depuis que je suis revenu, je n&rsquo;ai vu que le coach. Je l&rsquo;ai mis au courant de la situation, il ne l&rsquo;\u00e9tait visiblement pas. Il conna\u00eet maintenant mes intentions. J&rsquo;aurais compris que l&rsquo;on me bloque si je m&rsquo;\u00e9tais engag\u00e9 sur du long terme et que j&rsquo;essayais de partir au bout de six mois. Ce n&rsquo;est pas le cas et \u00e7a change tout. Je ne suis pas un footballeur qui fait un caprice pour aller plus haut. Je souhaite juste que l&rsquo;on respecte ce que l&rsquo;on m&rsquo;a dit pour me convaincre de signer (&#8230;) S&rsquo;il faut leur dire tous les jours que je veux partir, je le ferai. Je ne me lasserai pas. Maintenant, garder un joueur contre son gr\u00e9, je crois que ce n&rsquo;est pas la bonne solution.\u00a0\u00bb<\/p>\n<p>Finalement, le joueur quittera le Forez \u00e0 la fin du mercato pour un montant bonus compris, de 11M\u20ac avec un pourcentage \u00e0 la revente sur la plus-value. Toute ressemblance avec des personnages existants ou une situation existante \u00e0 l\u2019ASSE actuellement serait purement fortuite&#8230;<\/p>\n","protected":false},"excerpt":{"rendered":"Joueur \u00e9ph\u00e9m\u00e8re de l\u2019AS Saint-\u00c9tienne entre janvier et septembre 2023, Niels Nkounkou sera en partance de son club&hellip;\n","protected":false},"author":2,"featured_media":297533,"comment_status":"","ping_status":"","sticky":false,"template":"","format":"standard","meta":{"footnotes":""},"categories":[1587],"tags":[11,672,1804,1805,1803,1777,674,1801,12,1802],"class_list":{"0":"post-297532","1":"post","2":"type-post","3":"status-publish","4":"format-standard","5":"has-post-thumbnail","7":"category-allemagne","8":"tag-actualites","9":"tag-allemagne","10":"tag-bundesrepublik-deutschland","11":"tag-de","12":"tag-deutschland","13":"tag-eu","14":"tag-europe","15":"tag-germany","16":"tag-news","17":"tag-republique-federale-dallemagne"},"share_on_mastodon":{"url":"https:\/\/pubeurope.com\/@fr\/114974958768849556","error":""},"_links":{"self":[{"href":"https:\/\/www.europesays.com\/fr\/wp-json\/wp\/v2\/posts\/297532","targetHints":{"allow":["GET"]}}],"collection":[{"href":"https:\/\/www.europesays.com\/fr\/wp-json\/wp\/v2\/posts"}],"about":[{"href":"https:\/\/www.europesays.com\/fr\/wp-json\/wp\/v2\/types\/post"}],"author":[{"embeddable":true,"href":"https:\/\/www.europesays.com\/fr\/wp-json\/wp\/v2\/users\/2"}],"replies":[{"embeddable":true,"href":"https:\/\/www.europesays.com\/fr\/wp-json\/wp\/v2\/comments?post=297532"}],"version-history":[{"count":0,"href":"https:\/\/www.europesays.com\/fr\/wp-json\/wp\/v2\/posts\/297532\/revisions"}],"wp:featuredmedia":[{"embeddable":true,"href":"https:\/\/www.europesays.com\/fr\/wp-json\/wp\/v2\/media\/297533"}],"wp:attachment":[{"href":"https:\/\/www.europesays.com\/fr\/wp-json\/wp\/v2\/media?parent=297532"}],"wp:term":[{"taxonomy":"category","embeddable":true,"href":"https:\/\/www.europesays.com\/fr\/wp-json\/wp\/v2\/categories?post=297532"},{"taxonomy":"post_tag","embeddable":true,"href":"https:\/\/www.europesays.com\/fr\/wp-json\/wp\/v2\/tags?post=297532"}],"curies":[{"name":"wp","href":"https:\/\/api.w.org\/{rel}","templated":true}]}}