{"id":297534,"date":"2025-08-05T07:23:10","date_gmt":"2025-08-05T07:23:10","guid":{"rendered":"https:\/\/www.europesays.com\/fr\/297534\/"},"modified":"2025-08-05T07:23:10","modified_gmt":"2025-08-05T07:23:10","slug":"la-reconstruction-ambitieuse-deric-forets-pour-enfin-retrouver-leurope","status":"publish","type":"post","link":"https:\/\/www.europesays.com\/fr\/297534\/","title":{"rendered":"La reconstruction ambitieuse d\u2019\u00c9ric For\u00eats pour (enfin) retrouver l\u2019Europe"},"content":{"rendered":"<p><a href=\"https:\/\/www.laprovence.com\/article\/sports\/5416826991847514\/handball-starligue-le-pauc-a-trouve-ses-entraineurs\" target=\"_blank\" rel=\"noopener\">Troisi\u00e8me rentr\u00e9e pour \u00c9ric For\u00eats sur le banc du PAUC Handball<\/a>, et un mot d\u2019ordre\u00a0: la stabilit\u00e9 dans le changement. Apr\u00e8s une saison\u00a02023-2024 coh\u00e9rente mais frustrante (7e place, \u00e0 un souffle de l\u2019Europe), le coach aixois aborde cette nouvelle ann\u00e9e avec un effectif profond\u00e9ment renouvel\u00e9 mais pens\u00e9 pour durer.<\/p>\n<p>\u00ab\u00a0C\u2019\u00e9tait un mercato int\u00e9ressant avec beaucoup de bons joueurs \u00e0 fort potentiel. Maintenant il faut que la mayonnaise prenne\u00a0\u00bb, explique For\u00eats, lucide sur les d\u00e9fis qui l\u2019attendent.<\/p>\n<p>Avec les d\u00e9parts marquants de Ian Tarrafeta, Parisini, L\u00f6nn et Berchoux, il fallait reconstruire la base arri\u00e8re. L\u2019entra\u00eeneur a donc cibl\u00e9 des profils capables d\u2019apporter ce qui faisait d\u00e9faut l\u2019an dernier\u00a0: de la puissance et du tir de loin.<\/p>\n<p>Parmi les nouvelles t\u00eates, quatre noms \u00e9mergent\u00a0: Robin Molini\u00e9 &#8211; arri\u00e8re gauche en provenance de Cesson Rennes &#8211; Sasser Son, Aymeric Zaepfel, Nikoloz Kalandadze. \u00ab\u00a0Ce sont eux qui vont nous permettre de franchir un cap offensif. On va avoir beaucoup plus de shoots et beaucoup plus de potentiel de loin\u00a0\u00bb, se r\u00e9jouit For\u00eats.<\/p>\n<p>\u00c0 ces recrues s\u2019ajoute Lucas de la Bret\u00e8che, jeune espoir malheureusement victime d\u2019une rupture des ligaments crois\u00e9s. Son retour n\u2019est pas attendu avant plusieurs semaines.<\/p>\n<p>L\u2019Europe en ligne de mire<\/p>\n<p>L\u00e0 o\u00f9 le b\u00e2t blessait ces derni\u00e8res saisons, c\u2019\u00e9tait la valse incessante des joueurs chaque \u00e9t\u00e9. For\u00eats en est convaincu\u00a0: \u00ab\u00a0Ce qui nous a surtout frein\u00e9s, ce sont ces changements permanents. Cette fois, nous avons construit expr\u00e8s un effectif pour \u00eatre stable sur deux ou trois ans.\u00a0\u00bb<\/p>\n<p>L\u2019id\u00e9e\u00a0? Cr\u00e9er un noyau fort autour de jeunes talents appel\u00e9s \u00e0 \u00ab\u00a0exploser\u00a0\u00bb sous le maillot aixois, tout en s\u2019appuyant sur les cadres comme Elliott Desblancs ou Mouhamadou Sidibe. Le PAUC veut b\u00e2tir dans la continuit\u00e9, afin de rivaliser durablement avec les \u00e9quipes qui visent la fameuse 6\u1d49 place europ\u00e9enne.<\/p>\n<p>Le discours est clair\u00a0: l\u2019objectif fix\u00e9 par les dirigeants est de retrouver l\u2019Europe. Un d\u00e9fi \u00e0 la port\u00e9e d\u2019un PAUC qui, l\u2019an dernier, <a href=\"https:\/\/www.laprovence.com\/article\/sports\/250365031017914\/handball-starligue-le-pauc-sincline-pour-la-der-de-la-saison\" target=\"_blank\" rel=\"noopener\">n\u2019a manqu\u00e9 que de peu le coche<\/a>.<\/p>\n<p>\u00ab\u00a0Nous \u00e9tions 7e et le 6e est parti en Europe. C\u2019est une place qui change chaque ann\u00e9e, entre 6 ou 7 \u00e9quipes de niveau similaire. Il faut juste gratter une ou deux positions. L\u2019an pass\u00e9, ce n\u2019\u00e9tait pas le moment, \u00e7a aurait \u00e9t\u00e9 trop t\u00f4t. Cette ann\u00e9e, nous avons plus d\u2019armes\u00a0\u00bb, insiste le technicien.<\/p>\n<p>Reste que le haut de tableau demeure verrouill\u00e9 par le trio Paris \u2013 Nantes \u2013 Montpellier, intouchable ces derni\u00e8res saisons, tandis que Toulouse veille en embuscade. Mais derri\u00e8re, tout reste ouvert, et For\u00eats y croit\u00a0: \u00ab\u00a0Nous avons touch\u00e9 du doigt l\u2019Europe. Maintenant, il faut aller la chercher et s\u2019y installer durablement.\u00a0\u00bb<\/p>\n<p>Un \u00e9t\u00e9 pour souder le groupe<\/p>\n<p>La pr\u00e9paration estivale est calibr\u00e9e pour cela. Premier rendez-vous amical face \u00e0 Istres, puis tournoi \u00e0 Saint-Affrique (Aveyron), avant un stage du 20 au 25\u00a0ao\u00fbt \u00e0 Saint-Malo avec des tests contre Chartres et Caen.<\/p>\n<p>\u00ab\u00a0C\u2019est aussi l\u2019occasion de resserrer les liens dans un cadre diff\u00e9rent. Nous repartons avec le m\u00eame staff, la continuit\u00e9 est essentielle\u00a0\u00bb, conclut For\u00eats.<\/p>\n","protected":false},"excerpt":{"rendered":"Troisi\u00e8me rentr\u00e9e pour \u00c9ric For\u00eats sur le banc du PAUC Handball, et un mot d\u2019ordre\u00a0: la stabilit\u00e9 dans&hellip;\n","protected":false},"author":2,"featured_media":297535,"comment_status":"","ping_status":"","sticky":false,"template":"","format":"standard","meta":{"footnotes":""},"categories":[1586],"tags":[17,11,35398,6489,1777,674,42518,1011,27,1792,12,43791,4111,25,60,24650],"class_list":{"0":"post-297534","1":"post","2":"type-post","3":"status-publish","4":"format-standard","5":"has-post-thumbnail","7":"category-europe","8":"tag-17","9":"tag-actualites","10":"tag-ambitieuse","11":"tag-deric","12":"tag-eu","13":"tag-europe","14":"tag-forets","15":"tag-fr","16":"tag-france","17":"tag-handball","18":"tag-news","19":"tag-pauc","20":"tag-reconstruction","21":"tag-republique-francaise","22":"tag-sports","23":"tag-starligue"},"share_on_mastodon":{"url":"https:\/\/pubeurope.com\/@fr\/114974962774140485","error":""},"_links":{"self":[{"href":"https:\/\/www.europesays.com\/fr\/wp-json\/wp\/v2\/posts\/297534","targetHints":{"allow":["GET"]}}],"collection":[{"href":"https:\/\/www.europesays.com\/fr\/wp-json\/wp\/v2\/posts"}],"about":[{"href":"https:\/\/www.europesays.com\/fr\/wp-json\/wp\/v2\/types\/post"}],"author":[{"embeddable":true,"href":"https:\/\/www.europesays.com\/fr\/wp-json\/wp\/v2\/users\/2"}],"replies":[{"embeddable":true,"href":"https:\/\/www.europesays.com\/fr\/wp-json\/wp\/v2\/comments?post=297534"}],"version-history":[{"count":0,"href":"https:\/\/www.europesays.com\/fr\/wp-json\/wp\/v2\/posts\/297534\/revisions"}],"wp:featuredmedia":[{"embeddable":true,"href":"https:\/\/www.europesays.com\/fr\/wp-json\/wp\/v2\/media\/297535"}],"wp:attachment":[{"href":"https:\/\/www.europesays.com\/fr\/wp-json\/wp\/v2\/media?parent=297534"}],"wp:term":[{"taxonomy":"category","embeddable":true,"href":"https:\/\/www.europesays.com\/fr\/wp-json\/wp\/v2\/categories?post=297534"},{"taxonomy":"post_tag","embeddable":true,"href":"https:\/\/www.europesays.com\/fr\/wp-json\/wp\/v2\/tags?post=297534"}],"curies":[{"name":"wp","href":"https:\/\/api.w.org\/{rel}","templated":true}]}}