{"id":297538,"date":"2025-08-05T07:25:10","date_gmt":"2025-08-05T07:25:10","guid":{"rendered":"https:\/\/www.europesays.com\/fr\/297538\/"},"modified":"2025-08-05T07:25:10","modified_gmt":"2025-08-05T07:25:10","slug":"visualisez-les-temperatures-extremes-a-venir-cette-semaine-en-cartes","status":"publish","type":"post","link":"https:\/\/www.europesays.com\/fr\/297538\/","title":{"rendered":"visualisez les temp\u00e9ratures extr\u00eames \u00e0 venir cette semaine en cartes"},"content":{"rendered":"<p><strong>FIG DATA<\/strong> &#8211; Une vague de chaleur s\u2019installe dans le sud du pays. Visualisez son \u00e9volution, heure par heure, \u00e0 l\u2019aide de notre carte.<\/p>\n<p class=\"fig-paragraph\">Les ao\u00fbtiens ont visiblement ramen\u00e9 le soleil dans leurs valises. Apr\u00e8s\u00a0<a href=\"http:\/\/www.lefigaro.fr\/conso\/week-end-de-chasse-croise-samedi-2-aout-sera-la-journee-la-plus-chargee-de-l-ete-sur-les-routes-de-france-20250730\" data-fig-type=\"Article\" data-gtm-custom-categorie=\"navigation\" data-gtm-custom-action=\"crossclick\" data-gtm-custom-label=\"Contextuel\" data-gtm-event=\"customEventSPE\" data-fig-domain=\"LEFIGARO\" rel=\"nofollow noopener\" target=\"_blank\">le chass\u00e9-crois\u00e9 du week-end<\/a>, une vague de chaleur s\u2019installe sur l\u2019Hexagone, particuli\u00e8rement marqu\u00e9e dans la moiti\u00e9 sud. Ce lundi, le mercure pourrait grimper jusqu\u2019\u00e0 34\u202f\u00b0C au sud de Bordeaux. Mais c\u2019est \u00e0 partir de mardi que la chaleur deviendra vraiment \u00e9touffante, avec 36\u202f\u00b0C attendus \u00e0 N\u00eemes. Mercredi marquera une l\u00e9g\u00e8re accalmie, m\u00eame si les temp\u00e9ratures resteront \u00e9lev\u00e9es, jusqu\u2019\u00e0 34\u202f\u00b0C dans l\u2019arri\u00e8re-pays m\u00e9diterran\u00e9en. Jeudi s\u2019annonce comme le pic de cette premi\u00e8re s\u00e9quence caniculaire, avec des valeurs comprises entre 35 et 37\u202f\u00b0C dans le quart sud-ouest.<\/p>\n<p class=\"fig-paragraph\">Les pr\u00e9visions pour la fin de semaine\u00a0<a href=\"https:\/\/actualite.lachainemeteo.com\/actualite-meteo\/2025-08-01\/vague-de-chaleur-et-risque-de-canicule-a-quoi-s-attendre-en-fin-de-semaine-80203\" target=\"_blank\" rel=\"sponsored noopener nofollow\" data-gtm-custom-categorie=\"navigation\" data-gtm-custom-action=\"crossclick\" data-gtm-custom-label=\"Contextuel\" data-gtm-event=\"customEventSPE\">se pr\u00e9cisent elles aussi<\/a>\u00a0: selon La Cha\u00eene M\u00e9t\u00e9o*, le d\u00f4me de chaleur pr\u00e9sent en Espagne devrait progressivement remonter vers la France, avec des temp\u00e9ratures pouvant localement atteindre 40 \u00b0C dans le Sud-Ouest.<\/p>\n<p>                                    <a class=\"fig-a11y-skip a11y-hidden\" href=\"#fig-a11y-skip-main-inarticle\"><br \/>\n        Passer la publicit\u00e9<br \/>\n    <\/a><\/p>\n<p class=\"fig-paragraph\">Cette carte s\u2019actualise quotidiennement.<\/p>\n","protected":false},"excerpt":{"rendered":"FIG DATA &#8211; Une vague de chaleur s\u2019installe dans le sud du pays. Visualisez son \u00e9volution, heure par&hellip;\n","protected":false},"author":2,"featured_media":297539,"comment_status":"","ping_status":"","sticky":false,"template":"","format":"standard","meta":{"footnotes":""},"categories":[2],"tags":[11,6698,1011,27,2487,12,25],"class_list":{"0":"post-297538","1":"post","2":"type-post","3":"status-publish","4":"format-standard","5":"has-post-thumbnail","7":"category-actualites","8":"tag-actualites","9":"tag-canicule","10":"tag-fr","11":"tag-france","12":"tag-meteo","13":"tag-news","14":"tag-republique-francaise"},"share_on_mastodon":{"url":"https:\/\/pubeurope.com\/@fr\/114974970618409215","error":""},"_links":{"self":[{"href":"https:\/\/www.europesays.com\/fr\/wp-json\/wp\/v2\/posts\/297538","targetHints":{"allow":["GET"]}}],"collection":[{"href":"https:\/\/www.europesays.com\/fr\/wp-json\/wp\/v2\/posts"}],"about":[{"href":"https:\/\/www.europesays.com\/fr\/wp-json\/wp\/v2\/types\/post"}],"author":[{"embeddable":true,"href":"https:\/\/www.europesays.com\/fr\/wp-json\/wp\/v2\/users\/2"}],"replies":[{"embeddable":true,"href":"https:\/\/www.europesays.com\/fr\/wp-json\/wp\/v2\/comments?post=297538"}],"version-history":[{"count":0,"href":"https:\/\/www.europesays.com\/fr\/wp-json\/wp\/v2\/posts\/297538\/revisions"}],"wp:featuredmedia":[{"embeddable":true,"href":"https:\/\/www.europesays.com\/fr\/wp-json\/wp\/v2\/media\/297539"}],"wp:attachment":[{"href":"https:\/\/www.europesays.com\/fr\/wp-json\/wp\/v2\/media?parent=297538"}],"wp:term":[{"taxonomy":"category","embeddable":true,"href":"https:\/\/www.europesays.com\/fr\/wp-json\/wp\/v2\/categories?post=297538"},{"taxonomy":"post_tag","embeddable":true,"href":"https:\/\/www.europesays.com\/fr\/wp-json\/wp\/v2\/tags?post=297538"}],"curies":[{"name":"wp","href":"https:\/\/api.w.org\/{rel}","templated":true}]}}