{"id":297540,"date":"2025-08-05T07:26:14","date_gmt":"2025-08-05T07:26:14","guid":{"rendered":"https:\/\/www.europesays.com\/fr\/297540\/"},"modified":"2025-08-05T07:26:14","modified_gmt":"2025-08-05T07:26:14","slug":"vents-a-160-km-h-vaches-en-fuite-camping-cars-emportes-les-images-saisissantes-de-la-tempete-floris","status":"publish","type":"post","link":"https:\/\/www.europesays.com\/fr\/297540\/","title":{"rendered":"Vents \u00e0 160 km\/h, vaches en fuite, camping-cars emport\u00e9s&#8230; Les images saisissantes de la temp\u00eate Floris"},"content":{"rendered":"<p>            Par<br \/>\n        <strong><br \/>\n            <a href=\"https:\/\/actu.fr\/auteur\/redaction-actu\" title=\"Consulter tous les articles de R\u00e9daction Actu\" target=\"_blank\" rel=\"noopener\">R\u00e9daction Actu<\/a><br \/>\n        <\/strong><\/p>\n<p>        Publi\u00e9 le<\/p>\n<p>            5 ao\u00fbt 2025 \u00e0 7h04        <\/p>\n<p>Trains perturb\u00e9s, routes coup\u00e9es, \u00e9v\u00e8nements annul\u00e9s : <a href=\"https:\/\/actu.fr\/meteo\/une-tempete-va-frapper-l-europe-debut-aout-et-elle-s-appelle-floris-quelles-consequences-en-france_62987810.html\" target=\"_blank\" rel=\"noopener\">la temp\u00eate Floris<\/a> a frapp\u00e9 l\u2019Ecosse et le nord de l\u2019Angleterre lundi, avec une force \u00ab\u00a0inhabituelle\u00a0\u00bb pour un mois d\u2019ao\u00fbt, selon l\u2019office national britannique de m\u00e9t\u00e9orologie.<\/p>\n<p class=\" wall-content\">Le Met Office a plac\u00e9 la quasi-totalit\u00e9 de l\u2019Ecosse, une destination particuli\u00e8rement touristique en \u00e9t\u00e9, au niveau d\u2019alerte \u00ab\u00a0ambre\u00a0\u00bb, le 2e sur 3.<\/p>\n<p>\u00ab\u00a0Inhabituellement forte pour cette \u00e9poque\u00a0\u00bb<\/p>\n<p class=\" wall-content\">\u00ab\u00a0La temp\u00eate Floris est une temp\u00eate inhabituellement forte pour cette \u00e9poque de l\u2019ann\u00e9e\u00a0\u00bb, a soulign\u00e9 le Met Office dans un communiqu\u00e9, ajoutant que c\u2019est seulement la deuxi\u00e8me fois depuis 2011 qu\u2019il \u00e9met une alerte aux vents violents de ce niveau en ao\u00fbt.<\/p>\n<p class=\" wall-content\">Dans la soir\u00e9e, le vent a ainsi atteint 132 km\/h \u00e0 Wick dans l\u2019extr\u00eame nord de l\u2019Ecosse, devenant le nouveau record pour un mois d\u2019ao\u00fbt dans cette nation britannique, a indiqu\u00e9 le Met Office sur X.<\/p>\n<p class=\" wall-content\">\n<p class=\" wall-content\">De nombreuses perturbations ont \u00e9t\u00e9 enregistr\u00e9es, en particulier sur le r\u00e9seau de chemin de fer, o\u00f9 des trains ont \u00e9t\u00e9 annul\u00e9s, selon l\u2019op\u00e9rateur Network Rail Scotland.<br \/>La chute d\u2019un arbre a caus\u00e9 un incendie sur les rails pr\u00e8s de Glasgow.<\/p>\n<p class=\" wall-content\">\n<p class=\" wall-content\">Des vols ont \u00e9galement \u00e9t\u00e9 annul\u00e9s dans certains a\u00e9roports, en particulier celui d\u2019Aberdeen (nord-est).<\/p>\n<p class=\" wall-content\">Environ 22.500 foyers \u00e9taient sans \u00e9lectricit\u00e9 dans l\u2019apr\u00e8s-midi, selon l\u2019op\u00e9rateur du r\u00e9seau Scottish and Southern Electricity Networks (SSEN).<\/p>\n<p class=\" wall-content\">\u00ab\u00a0En plein \u00e9t\u00e9, nous d\u00e9ployons une op\u00e9ration comparable en taille \u00e0 celles que nous mobilisons lorsqu\u2019une temp\u00eate frappe au coeur de l\u2019hiver\u00a0\u00bb, a soulign\u00e9 Andy Smith, responsable des op\u00e9rations de SSEN.<\/p>\n<p>Des vaches qui s\u2019enfuient de leur enclos<\/p>\n<p class=\" wall-content\">A Edimbourg, le c\u00e9l\u00e8bre festival d\u2019arts de la sc\u00e8ne Fringe, qui accueille plus de 2 millions de personnes par an, a d\u00fb annuler une centaine de repr\u00e9sentations \u00e0 cause de la temp\u00eate, a indiqu\u00e9 \u00e0 Sky News son directeur Tony Lankester. Le zoo de cette ville restera ferm\u00e9 pour la journ\u00e9e.<\/p>\n<p class=\" wall-content\">En parlant d\u2019animaux, un troupeau de vaches a pris peur et est sorti de son champ au niveau de Motherwell, dans le sud de l\u2019\u00c9cosse.<\/p>\n<p class=\" wall-content\">\n<p class=\" wall-content\">Le domaine de Balmoral, r\u00e9sidence estivale du roi Charles III situ\u00e9e dans le nord de l\u2019Ecosse, a \u00e9galement ferm\u00e9 ses portes lundi aux visiteurs.<\/p>\n<p>Des camping-car emport\u00e9s sous l\u2019effet des rafales\u00a0<\/p>\n<p class=\" wall-content\">Sur l\u2019\u00eele de Skye, tr\u00e8s touristique, des camping-cars ont \u00e9t\u00e9 emport\u00e9s sous l\u2019effet des fortes rafales, a rapport\u00e9 la police locale, qui recommande aux vacanciers de se mettre \u00e0 l\u2019abri.<br \/>Le Met Office a pr\u00e9venu que des pr\u00e9cipitations intenses pourraient s\u2019ajouter aux vents violents.\u00a0<\/p>\n<p class=\" wall-content\">L\u2019alerte est rest\u00e9e en vigueur jusqu\u2019\u00e0 23H00 locale (22H00 GMT). La temp\u00eate a \u00e9galement touch\u00e9 l\u2019\u00eele d\u2019Irlande, o\u00f9 environ 2700 foyers \u00e9taient priv\u00e9s d\u2019\u00e9lectricit\u00e9 en fin de journ\u00e9e, selon l\u2019op\u00e9rateur ESB Networks.<\/p>\n<p class=\" wall-content\">La temp\u00eate Floris est la sixi\u00e8me \u00e0 frapper le Royaume-Uni depuis septembre dernier, qui marque le d\u00e9but du calendrier pour le d\u00e9compte de ce type d\u2019\u00e9v\u00e8nement climatique, dont la force est amplifi\u00e9e par le changement climatique.<\/p>\n<p class=\" wall-content\">Avec AFP.<\/p>\n<p class=\" wall-content\">Suivez toute l\u2019actualit\u00e9 de vos villes et m\u00e9dias favoris en vous inscrivant \u00e0 <a href=\"https:\/\/moncompte.actu.fr\" title=\"D\u00e9couvez Mon Actu\" rel=\"nofollow noopener\" data-trk=\"{&quot;cta&quot;:{&quot;action&quot;:&quot;https:\\\/\\\/moncompte.actu.fr&quot;,&quot;category&quot;:&quot;mon compte&quot;,&quot;from&quot;:&quot;article footer&quot;,&quot;name&quot;:&quot;Mon actu&quot;,&quot;type&quot;:&quot;cta&quot;}}\" target=\"_blank\">Mon Actu<\/a>.<\/p>\n<ul class=\"ac-article-tag wall-content\">\n<li><a href=\"https:\/\/actu.fr\/tag\/intemperies\" data-trk=\"{&quot;cta&quot;:{&quot;action&quot;:&quot;Intemp\\u00e9ries&quot;,&quot;category&quot;:&quot;tag&quot;,&quot;from&quot;:&quot;article footer&quot;,&quot;name&quot;:&quot;Intemp\\u00e9ries&quot;,&quot;type&quot;:&quot;cta&quot;}}\" target=\"_blank\" rel=\"noopener\">#Intemp\u00e9ries<\/a><\/li>\n<li><a href=\"https:\/\/actu.fr\/tag\/meteo-france\" data-trk=\"{&quot;cta&quot;:{&quot;action&quot;:&quot;M\\u00e9t\\u00e9o France&quot;,&quot;category&quot;:&quot;tag&quot;,&quot;from&quot;:&quot;article footer&quot;,&quot;name&quot;:&quot;M\\u00e9t\\u00e9o France&quot;,&quot;type&quot;:&quot;cta&quot;}}\" target=\"_blank\" rel=\"noopener\">#M\u00e9t\u00e9o France<\/a><\/li>\n<\/ul>\n","protected":false},"excerpt":{"rendered":"Par R\u00e9daction Actu Publi\u00e9 le 5 ao\u00fbt 2025 \u00e0 7h04 Trains perturb\u00e9s, routes coup\u00e9es, \u00e9v\u00e8nements annul\u00e9s : la&hellip;\n","protected":false},"author":2,"featured_media":297541,"comment_status":"","ping_status":"","sticky":false,"template":"","format":"standard","meta":{"footnotes":""},"categories":[2],"tags":[11,1011,27,3059,2487,2357,12,25],"class_list":{"0":"post-297540","1":"post","2":"type-post","3":"status-publish","4":"format-standard","5":"has-post-thumbnail","7":"category-actualites","8":"tag-actualites","9":"tag-fr","10":"tag-france","11":"tag-intemperies","12":"tag-meteo","13":"tag-meteo-france","14":"tag-news","15":"tag-republique-francaise"},"share_on_mastodon":{"url":"https:\/\/pubeurope.com\/@fr\/114974974540413941","error":""},"_links":{"self":[{"href":"https:\/\/www.europesays.com\/fr\/wp-json\/wp\/v2\/posts\/297540","targetHints":{"allow":["GET"]}}],"collection":[{"href":"https:\/\/www.europesays.com\/fr\/wp-json\/wp\/v2\/posts"}],"about":[{"href":"https:\/\/www.europesays.com\/fr\/wp-json\/wp\/v2\/types\/post"}],"author":[{"embeddable":true,"href":"https:\/\/www.europesays.com\/fr\/wp-json\/wp\/v2\/users\/2"}],"replies":[{"embeddable":true,"href":"https:\/\/www.europesays.com\/fr\/wp-json\/wp\/v2\/comments?post=297540"}],"version-history":[{"count":0,"href":"https:\/\/www.europesays.com\/fr\/wp-json\/wp\/v2\/posts\/297540\/revisions"}],"wp:featuredmedia":[{"embeddable":true,"href":"https:\/\/www.europesays.com\/fr\/wp-json\/wp\/v2\/media\/297541"}],"wp:attachment":[{"href":"https:\/\/www.europesays.com\/fr\/wp-json\/wp\/v2\/media?parent=297540"}],"wp:term":[{"taxonomy":"category","embeddable":true,"href":"https:\/\/www.europesays.com\/fr\/wp-json\/wp\/v2\/categories?post=297540"},{"taxonomy":"post_tag","embeddable":true,"href":"https:\/\/www.europesays.com\/fr\/wp-json\/wp\/v2\/tags?post=297540"}],"curies":[{"name":"wp","href":"https:\/\/api.w.org\/{rel}","templated":true}]}}