{"id":297544,"date":"2025-08-05T07:29:11","date_gmt":"2025-08-05T07:29:11","guid":{"rendered":"https:\/\/www.europesays.com\/fr\/297544\/"},"modified":"2025-08-05T07:29:11","modified_gmt":"2025-08-05T07:29:11","slug":"volley-les-red-dragons-de-retour-en-ligue-des-nations-lan-prochain","status":"publish","type":"post","link":"https:\/\/www.europesays.com\/fr\/297544\/","title":{"rendered":"Volley : les Red Dragons de retour en Ligue des Nations l&rsquo;an prochain"},"content":{"rendered":"<p>L&rsquo;\u00e9quipe nationale a \u00e9t\u00e9 int\u00e9gr\u00e9e dans le plateau des 18 participants gr\u00e2ce son classement mondial (17e). La Belgique remplacera les Pays-Bas, lanterne rouge de l&rsquo;\u00e9dition 2025 et rel\u00e9gu\u00e9s. La Pologne a remport\u00e9 l&rsquo;\u00e9dition 2025 en battant l&rsquo;Italie 3 sets \u00e0 0 en finale dimanche. Le Br\u00e9sil a pris la 3e place en \u00e9cartant la Slov\u00e9nie (3-1).<\/p>\n<p>C\u00f4t\u00e9 f\u00e9minin, les Yellow Tigers avaient effectu\u00e9 cette ann\u00e9e leur retour en Ligue des Nations finissant \u00e0 la 14e place avec quatre victoires pour un total de 11 points et renouvelant leur bail au plus niveau pour l&rsquo;ann\u00e9e prochaine.<\/p>\n<p>Dans l&rsquo;imm\u00e9diat, le 9 ao\u00fbt, les Red Dragons se rendront en Autriche pour leur troisi\u00e8me match qualificatif \u00e0 l&rsquo;Euro 2026. Quatre jours plus tard, ils recevront l&rsquo;Azerba\u00efdjan \u00e0 Roulers. Les Belges sont en excellente position, apr\u00e8s des victoires 0-3 en Azerba\u00efdjan et 3-0.<\/p>\n<p>Les Red Dragons vont ensuite se pencher sur leur gros rendez-vous de l&rsquo;ann\u00e9e avec le championnat du monde aux Philippines du 12 au 28 septembre. La Belgique jouera, dans le groupe F, contre l&rsquo;Ukraine (14 septembre), l&rsquo;Italie (16 septembre) et l&rsquo;Alg\u00e9rie (18 septembre).\u00a0<\/p>\n<p>Les Yellow Tigers tenteront elles, mercredi (20h15) \u00e0 Maaseik, de remporter leur duel face \u00e0 la Hongrie, ce qui les qualifierait directement pour l&rsquo;Euro 2026.<\/p>\n","protected":false},"excerpt":{"rendered":"L&rsquo;\u00e9quipe nationale a \u00e9t\u00e9 int\u00e9gr\u00e9e dans le plateau des 18 participants gr\u00e2ce son classement mondial (17e). La Belgique&hellip;\n","protected":false},"author":2,"featured_media":297545,"comment_status":"","ping_status":"","sticky":false,"template":"","format":"standard","meta":{"footnotes":""},"categories":[1417],"tags":[1011,27,60,1470,1469],"class_list":{"0":"post-297544","1":"post","2":"type-post","3":"status-publish","4":"format-standard","5":"has-post-thumbnail","7":"category-volley","8":"tag-fr","9":"tag-france","10":"tag-sports","11":"tag-volley","12":"tag-volleyball"},"share_on_mastodon":{"url":"https:\/\/pubeurope.com\/@fr\/114974986266437214","error":""},"_links":{"self":[{"href":"https:\/\/www.europesays.com\/fr\/wp-json\/wp\/v2\/posts\/297544","targetHints":{"allow":["GET"]}}],"collection":[{"href":"https:\/\/www.europesays.com\/fr\/wp-json\/wp\/v2\/posts"}],"about":[{"href":"https:\/\/www.europesays.com\/fr\/wp-json\/wp\/v2\/types\/post"}],"author":[{"embeddable":true,"href":"https:\/\/www.europesays.com\/fr\/wp-json\/wp\/v2\/users\/2"}],"replies":[{"embeddable":true,"href":"https:\/\/www.europesays.com\/fr\/wp-json\/wp\/v2\/comments?post=297544"}],"version-history":[{"count":0,"href":"https:\/\/www.europesays.com\/fr\/wp-json\/wp\/v2\/posts\/297544\/revisions"}],"wp:featuredmedia":[{"embeddable":true,"href":"https:\/\/www.europesays.com\/fr\/wp-json\/wp\/v2\/media\/297545"}],"wp:attachment":[{"href":"https:\/\/www.europesays.com\/fr\/wp-json\/wp\/v2\/media?parent=297544"}],"wp:term":[{"taxonomy":"category","embeddable":true,"href":"https:\/\/www.europesays.com\/fr\/wp-json\/wp\/v2\/categories?post=297544"},{"taxonomy":"post_tag","embeddable":true,"href":"https:\/\/www.europesays.com\/fr\/wp-json\/wp\/v2\/tags?post=297544"}],"curies":[{"name":"wp","href":"https:\/\/api.w.org\/{rel}","templated":true}]}}