{"id":297550,"date":"2025-08-05T07:33:10","date_gmt":"2025-08-05T07:33:10","guid":{"rendered":"https:\/\/www.europesays.com\/fr\/297550\/"},"modified":"2025-08-05T07:33:10","modified_gmt":"2025-08-05T07:33:10","slug":"le-meilleur-des-coulisses-du-motogp","status":"publish","type":"post","link":"https:\/\/www.europesays.com\/fr\/297550\/","title":{"rendered":"Le meilleur des coulisses du MotoGP\u2122"},"content":{"rendered":"<p>Quel meilleur moment que la tr\u00eave estivale pour revenir sur les moments post-GP les plus marquants ? Au programme, de la voiture, de la cool room et du podium.<\/p>\n<p><a href=\"https:\/\/www.motogp.com\/fr\/videos\/2025\/03\/01\/unheard-ogura-was-getting-closer-at-the-end\/520795?\" rel=\"nofollow noopener\" target=\"_blank\">Vid\u00e9o \u2013 IN\u00c9DIT\u00a0: \u00ab\u00a0Ogura se rapprochait \u00e0 la fin\u00a0\u00bb<\/a><\/p>\n<p>Premier arr\u00eat : Buriram. Lors de la toute premi\u00e8re confrontation de l&rsquo;ann\u00e9e, les pilotes n&rsquo;ont m\u00eame pas parl\u00e9 de leur propre Tissot Sprint mais du rookie Ai Ogura (Trackhouse MotoGP\u2122 Team).<\/p>\n<p><a href=\"https:\/\/www.motogp.com\/fr\/videos\/2025\/03\/30\/unheard-i-dont-know-how-you-did-it\/522696?\" rel=\"nofollow noopener\" target=\"_blank\">Vid\u00e9o \u2013 IN\u00c9DIT : \u00ab Je ne sais pas comment tu as fait \u00bb<\/a><\/p>\n<p>Lors du Grand Prix des Am\u00e9riques, la veille d&rsquo;un chaos sur la grille, huit titres de Champion du Monde MotoGP\u2122 ont salu\u00e9 la fa\u00e7on dont Alex M\u00e1rquez (BK8 Gresini Racing MotoGP\u2122) prend le virage 6.<\/p>\n<p><a href=\"https:\/\/www.motogp.com\/fr\/videos\/2025\/04\/13\/unheard-the-ktm-is-really-fast-on-the-straights-its-unbelievable\/524360?\" rel=\"nofollow noopener\" target=\"_blank\">Vid\u00e9o \u2013 IN\u00c9DIT\u00a0: \u00ab\u00a0La KTM est incroyablement rapide en ligne droite\u00a0\u00bb<\/a><\/p>\n<p>Au Qatar, avant que tout le monde ne soit d\u00e9\u00e7u \u00e0 cause de cette fameuse p\u00e9nalit\u00e9 pour pression des pneus, Marc M\u00e1rquez (Ducati Lenovo Team), Maverick Vi\u00f1ales (Red Bull KTM Tech3) et Pecco Bagnaia (Ducati Lenovo Team) ont partag\u00e9 le podium et sont revenus sur leur affrontement.<\/p>\n<p><a href=\"https:\/\/www.motogp.com\/fr\/videos\/2025\/04\/27\/unheard-id-forgotten-what-its-like-to-be-here\/747229?\" rel=\"nofollow noopener\" target=\"_blank\">Vid\u00e9o \u2013 IN\u00c9DIT : \u00ab J&rsquo;avais oubli\u00e9 ce que \u00e7a faisait \u00bb<\/a><\/p>\n<p>Vainqueur pour la premi\u00e8re fois de sa carri\u00e8re dans l&rsquo;\u00e9lite, Alex M\u00e1rquez \u00e9tait accompagn\u00e9 de Pecco Bagnaia et de Fabio Quartararo (Monster Energy Yamaha MotoGP\u2122) sur le podium de Jerez. Avant de monter sur la bo\u00eete, les trois hommes ont pu revoir le duel entre Marc M\u00e1rquez et Pecco Bagnaia en d\u00e9but de course.<\/p>\n<p><a href=\"https:\/\/www.motogp.com\/fr\/videos\/2025\/05\/10\/unheard-i-was-playing-the-lottery\/748904\" rel=\"nofollow noopener\" target=\"_blank\">Vid\u00e9o \u2013 IN\u00c9DIT : \u00ab Je jouais \u00e0 la loterie \u00bb<\/a><\/p>\n<p>Au Mans, Ferm\u00edn Aldeguer (BK8 Gresini Racing MotoGP\u2122) a sign\u00e9 le premier podium de sa carri\u00e8re en MotoGP\u2122. Apr\u00e8s un d\u00e9part pour le moins insolite, la course du rookie et de tous les autres pilotes MotoGP\u2122 n&rsquo;a cess\u00e9 de tendre vers l&rsquo;invraisemblable.<\/p>\n<p><a href=\"https:\/\/www.motogp.com\/fr\/videos\/2025\/05\/25\/unheard-lucky-for-me\/750612\" rel=\"nofollow noopener\" target=\"_blank\">Vid\u00e9o \u2013 IN\u00c9DIT : \u00ab Heureusement pour moi \u00bb<\/a><\/p>\n<p>Marco Bezzecchi (Aprilia Racing) reconnaissait avoir eu de la chance au moment o\u00f9 il \u00e9tait rejoint par Johann Zarco (Castrol Honda LCR) et Marc M\u00e1rquez sur le podium du Grand Prix de Grande-Bretagne.<\/p>\n<p><a href=\"https:\/\/www.motogp.com\/fr\/videos\/2025\/06\/28\/unheard-they-gave-you-stitches\/753346\" rel=\"nofollow noopener\" target=\"_blank\">Vid\u00e9o \u2013 IN\u00c9DIT : \u00ab Ils t\u2019ont mis des points ? \u00bb <\/a><\/p>\n<p>\u00c0 Assen, Marco Bezzecchi a rejoint la f\u00eate un peu tardivement, mais avec beaucoup \u00e0 apporter.<\/p>\n<p><a href=\"https:\/\/www.motogp.com\/fr\/videos\/2025\/07\/12\/unheard-i-expected-an-attack-because-you-were-fast-there\/754333\" rel=\"nofollow noopener\" target=\"_blank\">Vid\u00e9o \u2013 IN\u00c9DIT\u00a0: \u00ab\u00a0Je m\u2019attendais \u00e0 une attaque car tu es \u00e9tais rapide \u00e0 cet endroit\u00a0\u00bb<\/a><\/p>\n<p>Le samedi en Allemagne, on a eu droit \u00e0 un nouveau trio (Marc M\u00e1rquez, Fabio Quartararo et Marco Bezzecchi) apr\u00e8s la Tissot Sprint sous la pluie. Fid\u00e8les \u00e0 eux-m\u00eames, du moins deux d&rsquo;entre eux, la conversation commence par un bip&#8230;<\/p>\n<p>\u00c0 suivre\u00a0: le best of Unseens pour te faire vivre les meilleurs moments des coulisses de cette saison\u00a0!<\/p>\n","protected":false},"excerpt":{"rendered":"Quel meilleur moment que la tr\u00eave estivale pour revenir sur les moments post-GP les plus marquants ? Au&hellip;\n","protected":false},"author":2,"featured_media":297551,"comment_status":"","ping_status":"","sticky":false,"template":"","format":"standard","meta":{"footnotes":""},"categories":[1413],"tags":[1011,27,1457,1456,60,2032],"class_list":{"0":"post-297550","1":"post","2":"type-post","3":"status-publish","4":"format-standard","5":"has-post-thumbnail","7":"category-moto","8":"tag-fr","9":"tag-france","10":"tag-moto","11":"tag-motocycle","12":"tag-sports","13":"tag-text"},"share_on_mastodon":{"url":"https:\/\/pubeurope.com\/@fr\/114975002365645948","error":""},"_links":{"self":[{"href":"https:\/\/www.europesays.com\/fr\/wp-json\/wp\/v2\/posts\/297550","targetHints":{"allow":["GET"]}}],"collection":[{"href":"https:\/\/www.europesays.com\/fr\/wp-json\/wp\/v2\/posts"}],"about":[{"href":"https:\/\/www.europesays.com\/fr\/wp-json\/wp\/v2\/types\/post"}],"author":[{"embeddable":true,"href":"https:\/\/www.europesays.com\/fr\/wp-json\/wp\/v2\/users\/2"}],"replies":[{"embeddable":true,"href":"https:\/\/www.europesays.com\/fr\/wp-json\/wp\/v2\/comments?post=297550"}],"version-history":[{"count":0,"href":"https:\/\/www.europesays.com\/fr\/wp-json\/wp\/v2\/posts\/297550\/revisions"}],"wp:featuredmedia":[{"embeddable":true,"href":"https:\/\/www.europesays.com\/fr\/wp-json\/wp\/v2\/media\/297551"}],"wp:attachment":[{"href":"https:\/\/www.europesays.com\/fr\/wp-json\/wp\/v2\/media?parent=297550"}],"wp:term":[{"taxonomy":"category","embeddable":true,"href":"https:\/\/www.europesays.com\/fr\/wp-json\/wp\/v2\/categories?post=297550"},{"taxonomy":"post_tag","embeddable":true,"href":"https:\/\/www.europesays.com\/fr\/wp-json\/wp\/v2\/tags?post=297550"}],"curies":[{"name":"wp","href":"https:\/\/api.w.org\/{rel}","templated":true}]}}