{"id":297558,"date":"2025-08-05T07:37:17","date_gmt":"2025-08-05T07:37:17","guid":{"rendered":"https:\/\/www.europesays.com\/fr\/297558\/"},"modified":"2025-08-05T07:37:17","modified_gmt":"2025-08-05T07:37:17","slug":"chantal-ladesou-balance-sur-le-comportement-de-michel-jonasz-dans-les-coulisses-de-la-serie-maison-de-retraite","status":"publish","type":"post","link":"https:\/\/www.europesays.com\/fr\/297558\/","title":{"rendered":"Chantal Ladesou balance sur le comportement de Michel Jonasz dans les coulisses de la s\u00e9rie Maison de retraite"},"content":{"rendered":"<p>Ce lundi 4 ao\u00fbt 2025, Chantal Ladesou \u00e9tait l&rsquo;invit\u00e9e de Sophie Darel dans son \u00e9mission diffus\u00e9e sur Sud Radio. Pour l&rsquo;occasion, l&rsquo;actrice n&rsquo;a pas manqu\u00e9 de taquiner son ami Michel Jonasz avec lequel elle partage l&rsquo;affiche de la s\u00e9rie Maison de retraite.<\/p>\n<p>La bonne ambiance semble r\u00e9gner sur le plateau de tournage de la s\u00e9rie Maison de retraite. Apr\u00e8s le succ\u00e8s au box-office du long-m\u00e9trage r\u00e9alis\u00e9 par <a href=\"https:\/\/www.programme-tv.net\/biographie\/10420-gilou-thomas\/\" data-link-people=\"bb2011c9-0fc1-4485-b99b-b58cce2ef9c4\" target=\"_blank\" rel=\"noopener\">Thomas Gilou<\/a>, <a href=\"https:\/\/www.programme-tv.net\/news\/series-tv\/383828-dans-le-lot-beaucoup-de-faux-culs-kev-adams-pointe-du-doigt-les-critiques-lorsqu-il-jouait-dans-la-serie-soda\/\" data-api-deeplink=\"teleloisirs:\/\/news\/383828\" target=\"_blank\" rel=\"noopener\">Kev Adams<\/a> a souhait\u00e9 d\u00e9cliner cet univers en s\u00e9rie. Pour l&rsquo;occasion, la plupart des acteurs du premier volet devraient rendosser leurs r\u00f4les et <a href=\"https:\/\/www.programme-tv.net\/news\/people\/372795-jai-demande-que-lon-me-coupe-chantal-ladesou-revele-avoir-participe-a-lol-qui-rit-sort-et-revient-sur-le-mauvais-souvenir-qu-elle-garde-de-l-emission\/\" data-api-deeplink=\"teleloisirs:\/\/news\/372795\" target=\"_blank\" rel=\"noopener\">Chantal Ladesou<\/a> et <a href=\"https:\/\/www.programme-tv.net\/news\/tv\/374622-michel-jonasz-explique-comment-il-a-cree-le-generique-de-cette-emission-culte-toujours-diffusee-a-la-television\/\" data-api-deeplink=\"teleloisirs:\/\/news\/374622\" target=\"_blank\" rel=\"noopener\">Michel Jonasz<\/a> seront de la partie. Ce lundi 4 ao\u00fbt, la com\u00e9dienne \u00e9tait invit\u00e9e sur l&rsquo;antenne de Sud Radio, dans l&rsquo;\u00e9mission de <a href=\"https:\/\/www.programme-tv.net\/news\/societe\/383249-je-touchais-700-francs-par-emission-sophie-darel-se-plaint-d-avoir-ete-extremement-mal-payee-et-devoile-le-montant-de-sa-retraite\/\" data-api-deeplink=\"teleloisirs:\/\/news\/383249\" target=\"_blank\" rel=\"noopener\">Sophie Darel,<\/a> o\u00f9 elle en a profit\u00e9 pour balancer avec humour sur son ami, Michel Jonasz.<\/p>\n<p>\u00ab\u00a0il mange beaucoup !\u00a0\u00bb : Chantal Ladesou tacle gentiment son ami Michel Jonasz<\/p>\n<p>Connue pour son franc-parler, Chantal Ladesou n&rsquo;a pas manqu\u00e9 de taquiner son ami Michel Jonasz sur l&rsquo;antenne de Sud Radio. Invit\u00e9e de l&rsquo;\u00e9mission Qu&rsquo;est-ce qu&rsquo;on attend pr\u00e9sent\u00e9e par <a href=\"https:\/\/www.programme-tv.net\/biographie\/78035-darel-sophie\/\" data-link-people=\"4197917a-259f-42a7-8613-0231b4ad0b18\" target=\"_blank\" rel=\"noopener\">Sophie Darel<\/a>, ce lundi 4 ao\u00fbt, la com\u00e9dienne s&rsquo;est souvenue que l&rsquo;acteur serait pr\u00e9sent d\u00e8s le lendemain au sein du studio afin de promouvoir la s\u00e9rie Maison de retraite : \u00ab\u00a0J&rsquo;ai vu que vous l&rsquo;invitez demain, il est super lui (&#8230;) C&rsquo;est un tr\u00e8s bon com\u00e9dien. Il est tr\u00e8s dr\u00f4le et il est un bon camarade.\u00a0\u00bb, a-t-elle d&rsquo;abord compliment\u00e9, avant de balancer : \u00ab\u00a0<b>Mais il mange beaucoup !<\/b><b>\u00ab\u00a0<\/b>. Aussi amie avec Michel Jonasz, Sophie Darel n&rsquo;a pas manqu\u00e9 d&rsquo;appuyer les propos de l&rsquo;humoriste : \u00ab\u00a0Je suis d&rsquo;accord, je l&rsquo;ai connu \u00e0 ses d\u00e9buts, on n&rsquo;arrivait pas \u00e0 le nourrir !\u00a0\u00bb, a-t-elle r\u00e9pliqu\u00e9. Tandis que Chantal Ladesou a poursuivi sur le sujet : <b>\u00ab\u00a0Il prend tous les desserts, on est oblig\u00e9 de se d\u00e9p\u00eacher<\/b>\u00ab\u00a0, plaisante-t-elle.<\/p>\n<p>                        Kev Adams d\u00e9voile le montant qu&rsquo;il a gagn\u00e9 gr\u00e2ce au film Maison de retraite<\/p>\n<p>Il y a un an, Kev Adams se confiait sans filtre sur l&rsquo;argent gagn\u00e9 gr\u00e2ce au deuxi\u00e8me volet de Maison de retraite. L&rsquo;acteur de Soda avouait : \u00ab\u00a0Le dernier film, c&rsquo;\u00e9tait Maison de retraite 2, il m&rsquo;a rapport\u00e9&#8230; C&rsquo;\u00e9tait une belle somme. Tu sais quoi, je peux vous donner l&rsquo;information, c&rsquo;\u00e9tait plus que la vid\u00e9o des haters [une vid\u00e9o post\u00e9e sur sa cha\u00eene YouTube, ndlr] si je peux me permettre\u00a0\u00bb, avant de confirmer : \u00ab\u00a0C&rsquo;\u00e9tait six chiffres.\u00a0\u00bb. <\/p>\n","protected":false},"excerpt":{"rendered":"Ce lundi 4 ao\u00fbt 2025, Chantal Ladesou \u00e9tait l&rsquo;invit\u00e9e de Sophie Darel dans son \u00e9mission diffus\u00e9e sur Sud&hellip;\n","protected":false},"author":2,"featured_media":297559,"comment_status":"","ping_status":"","sticky":false,"template":"","format":"standard","meta":{"footnotes":""},"categories":[1359],"tags":[6788,244,58,59,1011,27,6787,43793,973,1630],"class_list":{"0":"post-297558","1":"post","2":"type-post","3":"status-publish","4":"format-standard","5":"has-post-thumbnail","7":"category-people","8":"tag-chantal-ladesou","9":"tag-commentaire","10":"tag-divertissement","11":"tag-entertainment","12":"tag-fr","13":"tag-france","14":"tag-kev-adams","15":"tag-michel-jonasz","16":"tag-people","17":"tag-zapping"},"share_on_mastodon":{"url":"https:\/\/pubeurope.com\/@fr\/114975017964407708","error":""},"_links":{"self":[{"href":"https:\/\/www.europesays.com\/fr\/wp-json\/wp\/v2\/posts\/297558","targetHints":{"allow":["GET"]}}],"collection":[{"href":"https:\/\/www.europesays.com\/fr\/wp-json\/wp\/v2\/posts"}],"about":[{"href":"https:\/\/www.europesays.com\/fr\/wp-json\/wp\/v2\/types\/post"}],"author":[{"embeddable":true,"href":"https:\/\/www.europesays.com\/fr\/wp-json\/wp\/v2\/users\/2"}],"replies":[{"embeddable":true,"href":"https:\/\/www.europesays.com\/fr\/wp-json\/wp\/v2\/comments?post=297558"}],"version-history":[{"count":0,"href":"https:\/\/www.europesays.com\/fr\/wp-json\/wp\/v2\/posts\/297558\/revisions"}],"wp:featuredmedia":[{"embeddable":true,"href":"https:\/\/www.europesays.com\/fr\/wp-json\/wp\/v2\/media\/297559"}],"wp:attachment":[{"href":"https:\/\/www.europesays.com\/fr\/wp-json\/wp\/v2\/media?parent=297558"}],"wp:term":[{"taxonomy":"category","embeddable":true,"href":"https:\/\/www.europesays.com\/fr\/wp-json\/wp\/v2\/categories?post=297558"},{"taxonomy":"post_tag","embeddable":true,"href":"https:\/\/www.europesays.com\/fr\/wp-json\/wp\/v2\/tags?post=297558"}],"curies":[{"name":"wp","href":"https:\/\/api.w.org\/{rel}","templated":true}]}}