{"id":297560,"date":"2025-08-05T07:38:10","date_gmt":"2025-08-05T07:38:10","guid":{"rendered":"https:\/\/www.europesays.com\/fr\/297560\/"},"modified":"2025-08-05T07:38:10","modified_gmt":"2025-08-05T07:38:10","slug":"a-14-ans-la-jeune-photographe-marion-buard-est-primee","status":"publish","type":"post","link":"https:\/\/www.europesays.com\/fr\/297560\/","title":{"rendered":"\u00e0 14\u00a0ans, la jeune photographe Marion Buard est prim\u00e9e"},"content":{"rendered":"<p>Depuis quatre ans, la r\u00e9gion Nouvelle-Aquitaine organise le concours <a href=\"https:\/\/jeunes.nouvelle-aquitaine.fr\/agenda\/participez-au-concours-photo-plumes-poils-petales\" target=\"_blank\" rel=\"nofollow noopener\">Plumes, Poils, P\u00e9tales<\/a>, un concours photo sur le th\u00e8me de la biodiversit\u00e9, destin\u00e9 aux jeunes de 14 \u00e0 18\u00a0ans. \u00c0 14\u00a0ans, l\u2019une des laur\u00e9ates du concours est Rochefortaise.<\/p>\n<p>\u00ab\u00a0Des animaux qui subissent trop d\u2019a priori\u00a0\u00bb<\/p>\n<p>Pour Marion Buard, participer \u00e0 ce genre de concours n\u2019est qu\u2019une mani\u00e8re de plus de poursuivre ses objectifs. C\u2019est lors d\u2019une balade dans une brocante qu\u2019elle d\u00e9couvre sa passion pour la photographie\u00a0: \u00ab\u00a0Je me promenais avec mes parents, on est pass\u00e9 \u00e0 c\u00f4t\u00e9 d\u2019un stand qui vendait un appareil photo, et on l\u2019a pris.\u00a0\u00bb Participer \u00e0 un concours en lien avec la <a href=\"https:\/\/www.sudouest.fr\/gironde\/la-teste-de-buch\/la-teste-de-buch-le-langage-mysterieux-des-arbres-expose-a-la-galerie-du-pilat-24968427.php\" target=\"_blank\" rel=\"follow nofollow noopener\">biodiversit\u00e9<\/a> \u00e9tait plut\u00f4t logique pour Marion\u00a0: \u00ab\u00a0Je fais beaucoup de photos en for\u00eat avec mes parents. J\u2019en profite surtout pour photographier des plantes.\u00a0\u00bb<\/p>\n<p>C\u2019est d\u2019ailleurs au cours d\u2019une promenade avec ses parents que Marion prend la photo qui lui vaudra sa victoire. \u00ab\u00a0J\u2019ai vu la chenille et je la trouvais jolie. Ce sont des animaux qui subissent trop d\u2019a priori n\u00e9gatifs, alors je me suis dit que c\u2019\u00e9tait une bonne occasion de la mettre en avant.\u00a0\u00bb Une volont\u00e9 que l\u2019on comprend mieux, lorsque l\u2019adolescente se confie sur ce qui lui pla\u00eet dans la photographie\u00a0: \u00ab\u00a0J\u2019aime l\u2019id\u00e9e de pouvoir faire ressortir en grand des petites choses auxquelles on ne pr\u00eate pas attention, habituellement.\u00a0\u00bb<\/p>\n<p>        <img decoding=\"async\" id=\"25470710\" src=\"https:\/\/www.europesays.com\/fr\/wp-content\/uploads\/2025\/08\/marion-buard.jpg\" alt=\"La photographie de chenille prim\u00e9e au concours Plumes, Poils, P\u00e9tales.\" itemprop=\"contentURL\"\/><\/p>\n<p>    La photographie de chenille prim\u00e9e au concours Plumes, Poils, P\u00e9tales.<\/p>\n<p>Marion Buard<\/p>\n<p>    La photo, plus qu\u2019une passion<\/p>\n<p>Une victoire qui laisse pr\u00e9sager d\u2019un avenir radieux pour la jeune fille, qui se r\u00eave photographe professionnelle. \u00ab\u00a0\u00c7a fait plusieurs ann\u00e9es que je suis passionn\u00e9e de photographie, mais, depuis un an, je veux vraiment en faire mon m\u00e9tier.\u00a0\u00bb Un objectif pour lequel elle se donne les moyens. Elle a notamment effectu\u00e9 son stage de troisi\u00e8me chez un photographe de la Communaut\u00e9 d\u2019agglom\u00e9ration Rochefort Oc\u00e9an\u00a0: \u00ab\u00a0J\u2019ai ador\u00e9, \u00e7a m\u2019a encore plus donn\u00e9 envie de faire de la photo.\u00a0\u00bb<\/p>\n<p>Une passion qu\u2019elle va poursuivre l\u2019ann\u00e9e prochaine, lors de son entr\u00e9e en seconde\u00a0: \u00ab\u00a0J\u2019aimerais bien rejoindre <a href=\"https:\/\/www.sudouest.fr\/etudiant\/etudes-superieures\/etudes-en-dordogne-a-sarlat-une-mise-a-niveau-cinema-23504714.php\" target=\"_blank\" rel=\"follow nofollow noopener\">l\u2019option cin\u00e9ma-audiovisuel<\/a>. M\u00eame si ce n\u2019est pas exactement de la photo, je me dis que \u00e7a peut m\u2019aider, et \u00e7a me permet d\u2019avoir quand m\u00eame un lien avec l\u2019image.\u00a0\u00bb Et, apr\u00e8s la r\u00e9ussite de son stage de troisi\u00e8me, elle souhaiterait renouveler l\u2019exp\u00e9rience\u00a0: \u00ab\u00a0Pour mon stage l\u2019ann\u00e9e prochaine, je voudrais \u00e0 nouveau le faire avec un photographe.\u00a0\u00bb<\/p>\n<p>Un projet dans lequel elle est tr\u00e8s soutenue. C\u2019est notamment gr\u00e2ce \u00e0 son p\u00e8re qu\u2019elle a entendu parler du concours Plumes, Poils, P\u00e9tales. Il a d\u00e9couvert l\u2019appel \u00e0 candidatures dans une newsletter sur les \u00e9v\u00e9nements de la r\u00e9gion, et lui a propos\u00e9 d\u2019y participer. \u00ab\u00a0Il m\u2019aide souvent \u00e0 trouver des concours. C\u2019\u00e9tait le cas cette fois-ci, mais aussi pour un autre concours auquel j\u2019ai particip\u00e9 avec la Communaut\u00e9 d\u2019agglom\u00e9ration de Rochefort.\u00a0\u00bb<\/p>\n<p>La photo de Marion sera expos\u00e9e \u00e0 partir du 28\u00a0octobre prochain, ainsi que celles des 14 autres laur\u00e9ats du concours, lors du <a href=\"https:\/\/www.menigoute-festival.org\/accueil.html\" target=\"_blank\" rel=\"nofollow noopener\">Festival du film ornithologique de M\u00e9nigoute, dans les Deux-S\u00e8vres.<\/a><\/p>\n","protected":false},"excerpt":{"rendered":"Depuis quatre ans, la r\u00e9gion Nouvelle-Aquitaine organise le concours Plumes, Poils, P\u00e9tales, un concours photo sur le th\u00e8me&hellip;\n","protected":false},"author":2,"featured_media":297561,"comment_status":"","ping_status":"","sticky":false,"template":"","format":"standard","meta":{"footnotes":""},"categories":[1358],"tags":[1348,1384,1385,1386,58,59,1011,27],"class_list":{"0":"post-297560","1":"post","2":"type-post","3":"status-publish","4":"format-standard","5":"has-post-thumbnail","7":"category-arts-et-design","8":"tag-arts","9":"tag-arts-and-design","10":"tag-arts-et-design","11":"tag-design","12":"tag-divertissement","13":"tag-entertainment","14":"tag-fr","15":"tag-france"},"share_on_mastodon":{"url":"https:\/\/pubeurope.com\/@fr\/114975021734057227","error":""},"_links":{"self":[{"href":"https:\/\/www.europesays.com\/fr\/wp-json\/wp\/v2\/posts\/297560","targetHints":{"allow":["GET"]}}],"collection":[{"href":"https:\/\/www.europesays.com\/fr\/wp-json\/wp\/v2\/posts"}],"about":[{"href":"https:\/\/www.europesays.com\/fr\/wp-json\/wp\/v2\/types\/post"}],"author":[{"embeddable":true,"href":"https:\/\/www.europesays.com\/fr\/wp-json\/wp\/v2\/users\/2"}],"replies":[{"embeddable":true,"href":"https:\/\/www.europesays.com\/fr\/wp-json\/wp\/v2\/comments?post=297560"}],"version-history":[{"count":0,"href":"https:\/\/www.europesays.com\/fr\/wp-json\/wp\/v2\/posts\/297560\/revisions"}],"wp:featuredmedia":[{"embeddable":true,"href":"https:\/\/www.europesays.com\/fr\/wp-json\/wp\/v2\/media\/297561"}],"wp:attachment":[{"href":"https:\/\/www.europesays.com\/fr\/wp-json\/wp\/v2\/media?parent=297560"}],"wp:term":[{"taxonomy":"category","embeddable":true,"href":"https:\/\/www.europesays.com\/fr\/wp-json\/wp\/v2\/categories?post=297560"},{"taxonomy":"post_tag","embeddable":true,"href":"https:\/\/www.europesays.com\/fr\/wp-json\/wp\/v2\/tags?post=297560"}],"curies":[{"name":"wp","href":"https:\/\/api.w.org\/{rel}","templated":true}]}}