{"id":297562,"date":"2025-08-05T07:39:10","date_gmt":"2025-08-05T07:39:10","guid":{"rendered":"https:\/\/www.europesays.com\/fr\/297562\/"},"modified":"2025-08-05T07:39:10","modified_gmt":"2025-08-05T07:39:10","slug":"les-barpapapa-celebrent-55-annees-dhistoires-multicolores","status":"publish","type":"post","link":"https:\/\/www.europesays.com\/fr\/297562\/","title":{"rendered":"Les Barpapapa c\u00e9l\u00e8brent 55 ann\u00e9es d\u2019histoires multicolores"},"content":{"rendered":"<p>Les personnages cr\u00e9\u00e9s par Annette Tison et Talus Taylor dans les ann\u00e9es 1970 se r\u00e9inventent depuis le passage du flambeau \u00e0 leur fille Alice.<\/p>\n<p class=\"fig-paragraph\">N\u00e9s dans une brasserie parisienne,<a href=\"https:\/\/www.lefigaro.fr\/culture\/2015\/05\/19\/03004-20150519ARTFIG00101-les-barbapapa-45-ans-d-un-amour-simple-et-sucre.php\" data-fig-type=\"Article\" data-gtm-custom-categorie=\"navigation\" data-gtm-custom-action=\"crossclick\" data-gtm-custom-label=\"Contextuel\" data-gtm-event=\"customEventSPE\" data-fig-domain=\"LEFIGARO\" target=\"_blank\" rel=\"noopener\">\u00a0les Barbapapa<\/a>, ces personnages multicolores, \u00e9colos et changeant de forme \u00e0 volont\u00e9, traversent les g\u00e9n\u00e9rations et les fronti\u00e8res depuis 55 ans, forts du nouveau souffle apport\u00e9 par les enfants de leurs discrets cr\u00e9ateurs. \u00ab\u00a0Il y avait d\u00e9j\u00e0 tout dans les livres d&rsquo;origine\u00a0\u00bb, assure \u00e0 l&rsquo;AFP Alice Taylor, fille du couple franco-am\u00e9ricain Annette Tison (disparue en 2010) et Talus Taylor (2015).<\/p>\n<p class=\"fig-paragraph\">Avec 8 millions de livres vendus en France depuis 1970, les aventures de Barbapapa, Barbamama et leurs sept barbab\u00e9b\u00e9s, traduites dans plus de 30 langues (pour pr\u00e8s de 80 titres), s&rsquo;\u00e9coulent \u00e0 un million d&rsquo;exemplaires chaque ann\u00e9e dans le monde, selon Les Livres du Dragon d&rsquo;Or, leur \u00e9diteur depuis 2003. Adapt\u00e9es \u00e0 l&rsquo;\u00e9cran d\u00e8s 1974 sur l&rsquo;<a href=\"http:\/\/www.lefigaro.fr\/culture\/l-oeil-de-l-ina-la-fin-de-l-ortf-c-etait-exactement-il-y-a-50-ans-20250111\" data-fig-type=\"Article\" data-gtm-custom-categorie=\"navigation\" data-gtm-custom-action=\"crossclick\" data-gtm-custom-label=\"Contextuel\" data-gtm-event=\"customEventSPE\" data-fig-domain=\"LEFIGARO\" target=\"_blank\" rel=\"noopener\">ORTF<\/a>, accompagn\u00e9es d&rsquo;un g\u00e9n\u00e9rique culte, elles se d\u00e9clinent depuis 2019 dans une nouvelle s\u00e9rie, Barbapapa en famille, qui compte parmi les cinq dessins anim\u00e9s les plus populaires de\u00a0<a href=\"http:\/\/www.lefigaro.fr\/medias\/le-streaming-nouveau-moteur-de-tf1-et-m6-par-temps-de-tempete-20250729\" data-fig-type=\"Article\" data-gtm-custom-categorie=\"navigation\" data-gtm-custom-action=\"crossclick\" data-gtm-custom-label=\"Contextuel\" data-gtm-event=\"customEventSPE\" data-fig-domain=\"LEFIGARO\" target=\"_blank\" rel=\"noopener\">TF1<\/a>\u00a0et que la cha\u00eene Nickelodeon JR diffuse dans une centaine de pays.<\/p>\n<p>                                    <a class=\"fig-a11y-skip a11y-hidden\" href=\"#fig-a11y-skip-main-inarticle\"><br \/>\n        Passer la publicit\u00e9<br \/>\n    <\/a><\/p>\n<p>15 millions de publications<\/p>\n<p class=\"fig-paragraph\">Les h\u00e9ros en forme de poire et de quille ont m\u00eame suscit\u00e9 plus de 15 millions de publications en ligne en 2025, aid\u00e9s par une tendance TikTok, la \u00ab\u00a0barbatrend\u00a0\u00bb, consistant \u00e0 rajouter \u00abbarba\u00bb devant des mots. Dans la nouvelle s\u00e9rie, plus de \u00ab\u00a0hup hup hup barbatruc\u00a0\u00bb avant une transformation ni la voix du chanteur\u00a0<a href=\"https:\/\/www.lefigaro.fr\/flash-actu\/2011\/05\/21\/97001-20110521FILWWW00452-deces-du-chanteur-ricet-barrier.php\" data-fig-type=\"NewsFlash\" data-gtm-custom-categorie=\"navigation\" data-gtm-custom-action=\"crossclick\" data-gtm-custom-label=\"Contextuel\" data-gtm-event=\"customEventSPE\" data-fig-domain=\"LEFIGARO\" target=\"_blank\" rel=\"noopener\">Ricet Barrier<\/a>, mais toujours les valeurs d&rsquo;entraide de cette famille pr\u00e9curseure en mati\u00e8re d&rsquo;\u00e9cologie, avec des histoires traitant du rapport aux \u00e9crans comme des dangers des algues vertes.<\/p>\n<p class=\"fig-paragraph\">D\u00e9j\u00e0, dans l&rsquo;album L&rsquo;Arche, paru en 1974 \u00e0 \u00ab\u00a0L&rsquo;\u00e9cole des Loisirs\u00a0\u00bb, les Barbapapa sauvent des animaux malades de la pollution ou traqu\u00e9s par des humains, fuyant sur une autre plan\u00e8te. \u00ab\u00a0On a l&rsquo;impression qu&rsquo;ils parlent d&rsquo;aujourd&rsquo;hui, c&rsquo;est fou\u00a0\u00bb, dit Alice Taylor, qui \u00e9crit et r\u00e9alise avec son fr\u00e8re Thomas les nouveaux \u00e9pisodes produits par le studio tricolore Normaal.<\/p>\n<p>\u00ab\u00a0Animal qui change de forme\u00a0\u00bb<\/p>\n<p class=\"fig-paragraph\">Difficile de retracer le parcours des cr\u00e9ateurs, avares en interviews. \u00ab\u00a0Ils estimaient, et je ne suis pas loin de partager leur avis, que c&rsquo;est leur travail qui parle pour eux\u00a0\u00bb, justifie Alice Taylor. \u00c0 l&rsquo;origine prof de math\u00e9matiques, Talus Taylor a \u00ab\u00a0beaucoup voyag\u00e9\u00a0\u00bb et \u00ab\u00a0fait plein de trucs\u00a0\u00bb avant l&rsquo;aventure Barbapapa, n\u00e9e de sa rencontre avec Annette Tison, architecte de formation au parcours \u00ab\u00a0plus lin\u00e9aire\u00a0\u00bb.<\/p>\n<blockquote class=\"fig-quote&#10;    \">\n<p class=\"fig-quote__text\">Talus n\u2019arrivait pas \u00e0 suivre parce que son fran\u00e7ais n\u2019\u00e9tait pas bon et il dessinait des \u00e2neries sur la serviette<\/p>\n<p>            Alice Taylor\n    <\/p><\/blockquote>\n<p class=\"fig-paragraph\">Le couple se trouve au Zeyer, une brasserie parisienne, avec d&rsquo;autres \u00e9tudiants quand naissent les premi\u00e8res esquisses de cette \u00ab\u00a0esp\u00e8ce d&rsquo;animal qui change de forme\u00a0\u00bb. \u00ab\u00a0Cela se passe autour des ann\u00e9es 1968 parce que mon p\u00e8re trouvait \u00e7a marrant d&rsquo;aller faire le zozo \u00e0 regarder les \u00e9tudiants sur les barricades\u00a0\u00bb. \u00ab\u00a0Lui n&rsquo;arrivait pas \u00e0 suivre parce que son fran\u00e7ais n&rsquo;\u00e9tait pas bon et il dessinait des \u00e2neries sur la serviette\u00a0\u00bb, ajoute la quinquag\u00e9naire.<\/p>\n<p class=\"fig-paragraph\">Le nom du personnage leur vient d&rsquo;une balade quand les enfants ont r\u00e9clam\u00e9 des barbe-\u00e0-papa et fait d\u00e9couvrir ce mot \u00e0 Talus Taylor. S&rsquo;ensuit un premier album, traduit en \u00ab\u00a0anglais, hollandais, japonais, et apr\u00e8s le tour du monde\u00a0\u00bb. La s\u00e9rie anim\u00e9e conna\u00eet deux saisons en 1974 et 1977, avant une nouvelle d\u00e9clinaison en 1999 au Japon. Depuis le d\u00e9but des ann\u00e9es 2000, TF1 g\u00e8re la marque pour les produits d\u00e9riv\u00e9s.<\/p>\n<p class=\"fig-body-link\">\n            \u00c0 lire aussi<br \/>\n        <a class=\"fig-body-link__link fig-premium-mark\" href=\"http:\/\/www.lefigaro.fr\/medias\/moins-de-ventes-moins-de-marges-a-la-veille-du-festival-d-angouleme-le-pessimisme-s-empare-du-secteur-de-la-bande-dessinee-20250129\" target=\"_blank\" data-fig-type=\"Article\" rel=\"noopener\" data-gtm-custom-categorie=\"navigation\" data-gtm-custom-action=\"crossclick\" data-gtm-custom-label=\"Contextuel\" data-gtm-event=\"customEventSPE\" data-fig-domain=\"LEFIGARO\">Moins de ventes, moins de marges\u2026 \u00c0 la veille du Festival d\u2019Angoul\u00eame, le pessimisme s\u2019empare du secteur de la bande dessin\u00e9e<br \/>\n    <\/a>\n<\/p>\n<p>                                    <a class=\"fig-a11y-skip a11y-hidden\" href=\"#fig-a11y-skip-main-inarticle_mtf\"><br \/>\n        Passer la publicit\u00e9<br \/>\n    <\/a><\/p>\n<p>Nouvelle g\u00e9n\u00e9ration des Barbapapa<\/p>\n<p class=\"fig-paragraph\">Alice et Thomas Taylor, qui ont tous deux fait des \u00e9tudes d&rsquo;architecture, signent leurs premiers livres Barbapapa en 2015, avant de s&rsquo;atteler au nouveau dessin anim\u00e9, auquel certains scripts \u00e9crits par leur m\u00e8re ont servi de base. Thomas Taylor, qui vit \u00e0 l&rsquo;\u00e9tranger, s&rsquo;occupe davantage des sc\u00e9narios, et Alice plus du \u00ab\u00a0c\u00f4t\u00e9 graphique\u00a0\u00bb\u00a0&#8211;\u00a0proportions des personnages, d\u00e9cors, transformations \u00ab\u00a0extr\u00eamement rigolotes \u00e0 faire\u00a0\u00bb.<\/p>\n<p class=\"fig-paragraph\">Un h\u00e9ritage que cette dipl\u00f4m\u00e9e de la section animation de l&rsquo;Ensad (Arts d\u00e9coratifs), invit\u00e9e \u00e0 \u00ab\u00a0faire du rangement\u00a0\u00bb dans l&rsquo;entreprise familiale au tournant du XXIe si\u00e8cle, n&rsquo;envisageait pas forc\u00e9ment. \u00ab\u00a0La soci\u00e9t\u00e9 a \u00e9t\u00e9 cr\u00e9\u00e9e par ma m\u00e8re pour la gestion des droits d\u00e9riv\u00e9s, et au bout d&rsquo;un moment elle m&rsquo;a dit\u00a0:\u00a0\u201cje vous laisse les cl\u00e9s, salut\u201d\u00a0\u00bb, relate-t-elle, en riant.<\/p>\n","protected":false},"excerpt":{"rendered":"Les personnages cr\u00e9\u00e9s par Annette Tison et Talus Taylor dans les ann\u00e9es 1970 se r\u00e9inventent depuis le passage&hellip;\n","protected":false},"author":2,"featured_media":297563,"comment_status":"","ping_status":"","sticky":false,"template":"","format":"standard","meta":{"footnotes":""},"categories":[1357],"tags":[3581,1379,32652,58,59,1011,27,1380],"class_list":{"0":"post-297562","1":"post","2":"type-post","3":"status-publish","4":"format-standard","5":"has-post-thumbnail","7":"category-livres","8":"tag-anniversaire","9":"tag-books","10":"tag-dessin-anime","11":"tag-divertissement","12":"tag-entertainment","13":"tag-fr","14":"tag-france","15":"tag-livres"},"share_on_mastodon":{"url":"https:\/\/pubeurope.com\/@fr\/114975025640293141","error":""},"_links":{"self":[{"href":"https:\/\/www.europesays.com\/fr\/wp-json\/wp\/v2\/posts\/297562","targetHints":{"allow":["GET"]}}],"collection":[{"href":"https:\/\/www.europesays.com\/fr\/wp-json\/wp\/v2\/posts"}],"about":[{"href":"https:\/\/www.europesays.com\/fr\/wp-json\/wp\/v2\/types\/post"}],"author":[{"embeddable":true,"href":"https:\/\/www.europesays.com\/fr\/wp-json\/wp\/v2\/users\/2"}],"replies":[{"embeddable":true,"href":"https:\/\/www.europesays.com\/fr\/wp-json\/wp\/v2\/comments?post=297562"}],"version-history":[{"count":0,"href":"https:\/\/www.europesays.com\/fr\/wp-json\/wp\/v2\/posts\/297562\/revisions"}],"wp:featuredmedia":[{"embeddable":true,"href":"https:\/\/www.europesays.com\/fr\/wp-json\/wp\/v2\/media\/297563"}],"wp:attachment":[{"href":"https:\/\/www.europesays.com\/fr\/wp-json\/wp\/v2\/media?parent=297562"}],"wp:term":[{"taxonomy":"category","embeddable":true,"href":"https:\/\/www.europesays.com\/fr\/wp-json\/wp\/v2\/categories?post=297562"},{"taxonomy":"post_tag","embeddable":true,"href":"https:\/\/www.europesays.com\/fr\/wp-json\/wp\/v2\/tags?post=297562"}],"curies":[{"name":"wp","href":"https:\/\/api.w.org\/{rel}","templated":true}]}}