{"id":297564,"date":"2025-08-05T07:40:09","date_gmt":"2025-08-05T07:40:09","guid":{"rendered":"https:\/\/www.europesays.com\/fr\/297564\/"},"modified":"2025-08-05T07:40:09","modified_gmt":"2025-08-05T07:40:09","slug":"audiences-prime-la-nouvelle-emission-dm6-presentee-par-stephane-rotenberg-ma-renovation-est-la-plus-belle-de-france-a-t-elle-fait-le-plein-de-telespectateurs","status":"publish","type":"post","link":"https:\/\/www.europesays.com\/fr\/297564\/","title":{"rendered":"Audiences Prime: La nouvelle \u00e9mission d&rsquo;M6, pr\u00e9sent\u00e9e par St\u00e9phane Rotenberg, \u00ab\u00a0Ma r\u00e9novation est la plus belle de France\u00a0\u00bb, a-t-elle fait le plein de t\u00e9l\u00e9spectateurs ?"},"content":{"rendered":"<p>Hier soir, en prime-time, M6 lan\u00e7ait une nouvelle \u00e9mission, pr\u00e9sent\u00e9e par St\u00e9phane Rotenberg : \u00ab\u00a0Ma r\u00e9novation est la plus belle de France\u00a0\u00bb.<\/p>\n<p>De plus en plus de Fran\u00e7ais se lancent dans la r\u00e9novation de biens en ruines pour cr\u00e9er la maison de leurs r\u00eaves. Ces propri\u00e9taires ont pris tous les risques, en se tournant vers des biens qui font fuir la totalit\u00e9 des acheteurs : maisons atypiques, en tr\u00e8s mauvais \u00e9tat, voire compl\u00e8tement en ruines\u2026 Il fallait se projeter, et pourtant : ils l\u2019ont fait\u00a0!<\/p>\n<p>St\u00e9phane Rotenberg accompagn\u00e9 des deux experts Sophie Ferjani et Laurent Jacquet, vont d\u00e9nicher les r\u00e9novations les plus extraordinaires et les astuces d\u2019am\u00e9nagement les plus bluffantes\u00a0! Hangar d\u00e9saffect\u00e9, ancienne usine ou m\u00eame \u00e9glise\u2026 Tous ces biens ont \u00e9t\u00e9 r\u00e9nov\u00e9s avec talent par leurs propri\u00e9taires. Mais qui a r\u00e9alis\u00e9 la plus belle r\u00e9novation\u00a0?<\/p>\n<p><strong>Ce nouveau programme a-t-il rencontr\u00e9 son public en plein \u00e9t\u00e9 ? Voici les chiffres.<\/strong><\/p>\n<p>        Meurtres au paradis<br \/>\n        17.2 % de PDA\n        <\/p>\n<p>        2 692 000<\/p>\n<p>        Camping Paradis<br \/>\n        13.4 % de PDA\n        <\/p>\n<p>        2 101 000<\/p>\n<p>        Ma r\u00e9novation est la plus belle de France<br \/>\n        10.9 % de PDA\n        <\/p>\n<p>        1 707 000<\/p>\n<p>        L&rsquo;\u00e9t\u00e9 dernier<br \/>\n        7.8 % de PDA\n        <\/p>\n<p>        1 180 000<\/p>\n<p>        Des trains pas comme les autres<br \/>\n        6.7 % de PDA\n        <\/p>\n<p>        1 046 000<\/p>\n<p>        Indochine<br \/>\n        7.8 % de PDA\n        <\/p>\n<p>        1 013 000<\/p>\n<p>        Le Transporteur 3<br \/>\n        6.7 % de PDA\n        <\/p>\n<p>        921 000<\/p>\n<p>        Ast\u00e9rix le Gaulois<br \/>\n        2.2 % de PDA\n        <\/p>\n<p>        338 000<\/p>\n<p>        Crimes<br \/>\n        1.9 % de PDA\n        <\/p>\n<p>        288 000<\/p>\n<p>        Kaamelott<br \/>\n        1.6 % de PDA\n        <\/p>\n<p>        253 000<\/p>\n<p>        Les envo\u00fbt\u00e9s<br \/>\n        1.7 % de PDA\n        <\/p>\n<p>        252 000<\/p>\n<p>        Les vacances pr\u00e9f\u00e9r\u00e9es des Fran\u00e7ais<br \/>\n        1.4 % de PDA\n        <\/p>\n<p>        211 000<\/p>\n<p>        40 ans de chansons fran\u00e7aises<br \/>\n        1.4 % de PDA\n        <\/p>\n<p>        206 000<\/p>\n<p>        Les secrets des voitures des chefs d&rsquo;\u00c9tat<br \/>\n        1 % de PDA\n        <\/p>\n<p>        203 000<\/p>\n<p>        Roulez jeunesse<br \/>\n        1.2 % de PDA\n        <\/p>\n<p>        186 000<\/p>\n<p>        Fiston<br \/>\n        1.2 % de PDA\n        <\/p>\n<p>        176 000<\/p>\n<p>  Le Top des parts de march\u00e9<\/p>\n","protected":false},"excerpt":{"rendered":"Hier soir, en prime-time, M6 lan\u00e7ait une nouvelle \u00e9mission, pr\u00e9sent\u00e9e par St\u00e9phane Rotenberg : \u00ab\u00a0Ma r\u00e9novation est la&hellip;\n","protected":false},"author":2,"featured_media":297565,"comment_status":"","ping_status":"","sticky":false,"template":"","format":"standard","meta":{"footnotes":""},"categories":[1356],"tags":[2367,58,59,1011,27,876,594,494,252,199,1364],"class_list":{"0":"post-297564","1":"post","2":"type-post","3":"status-publish","4":"format-standard","5":"has-post-thumbnail","7":"category-television","8":"tag-audiences","9":"tag-divertissement","10":"tag-entertainment","11":"tag-fr","12":"tag-france","13":"tag-france-3","14":"tag-france-2","15":"tag-m6","16":"tag-television","17":"tag-tf1","18":"tag-tv"},"share_on_mastodon":{"url":"https:\/\/pubeurope.com\/@fr\/114975029521021645","error":""},"_links":{"self":[{"href":"https:\/\/www.europesays.com\/fr\/wp-json\/wp\/v2\/posts\/297564","targetHints":{"allow":["GET"]}}],"collection":[{"href":"https:\/\/www.europesays.com\/fr\/wp-json\/wp\/v2\/posts"}],"about":[{"href":"https:\/\/www.europesays.com\/fr\/wp-json\/wp\/v2\/types\/post"}],"author":[{"embeddable":true,"href":"https:\/\/www.europesays.com\/fr\/wp-json\/wp\/v2\/users\/2"}],"replies":[{"embeddable":true,"href":"https:\/\/www.europesays.com\/fr\/wp-json\/wp\/v2\/comments?post=297564"}],"version-history":[{"count":0,"href":"https:\/\/www.europesays.com\/fr\/wp-json\/wp\/v2\/posts\/297564\/revisions"}],"wp:featuredmedia":[{"embeddable":true,"href":"https:\/\/www.europesays.com\/fr\/wp-json\/wp\/v2\/media\/297565"}],"wp:attachment":[{"href":"https:\/\/www.europesays.com\/fr\/wp-json\/wp\/v2\/media?parent=297564"}],"wp:term":[{"taxonomy":"category","embeddable":true,"href":"https:\/\/www.europesays.com\/fr\/wp-json\/wp\/v2\/categories?post=297564"},{"taxonomy":"post_tag","embeddable":true,"href":"https:\/\/www.europesays.com\/fr\/wp-json\/wp\/v2\/tags?post=297564"}],"curies":[{"name":"wp","href":"https:\/\/api.w.org\/{rel}","templated":true}]}}