{"id":297566,"date":"2025-08-05T07:41:14","date_gmt":"2025-08-05T07:41:14","guid":{"rendered":"https:\/\/www.europesays.com\/fr\/297566\/"},"modified":"2025-08-05T07:41:14","modified_gmt":"2025-08-05T07:41:14","slug":"ledition-2025-du-golden-coast-festival-approche-souvenez-vous-de-2024","status":"publish","type":"post","link":"https:\/\/www.europesays.com\/fr\/297566\/","title":{"rendered":"l&rsquo;\u00e9dition 2025 du Golden Coast festival approche, souvenez-vous de 2024 !"},"content":{"rendered":"<p class=\"insetTitle\">De nombreuses t\u00eates d&rsquo;affiche<\/p>\n<p>Ninho, Zola &amp; Koba LaD, Josman, Djadja &amp; Dinaz, Luidji, La F\u00e8ve, Fav\u00e9, Luther, Houdi, Hugo TSR, Kay The Prodigy, Jyeuhair, Yvnnis,\u00a0Booba, SCH, SDM, Yam\u00ea, Vacra, Fonky Family, Jungeli, Bu$hi, Vladimir Cauchemar, Zamdane, Tif, So la Lune, Lala &amp;ce, Maureen, Angie &amp; Lazuli, Bamby, Doria, Lesram, Merveille, Rounhaa, Youssef Swatt&rsquo;s&#8230; les artistes choisis par la production\u00a0\u00e9taient fort nombreux pour enflammer les sc\u00e8nes du festival dijonnais.<\/p>\n","protected":false},"excerpt":{"rendered":"De nombreuses t\u00eates d&rsquo;affiche Ninho, Zola &amp; Koba LaD, Josman, Djadja &amp; Dinaz, Luidji, La F\u00e8ve, Fav\u00e9, Luther,&hellip;\n","protected":false},"author":2,"featured_media":297567,"comment_status":"","ping_status":"","sticky":false,"template":"","format":"standard","meta":{"footnotes":""},"categories":[1355],"tags":[2931,1687,2930,58,59,3326,107,1011,27,43794,1361,873],"class_list":{"0":"post-297566","1":"post","2":"type-post","3":"status-publish","4":"format-standard","5":"has-post-thumbnail","7":"category-musique","8":"tag-cote-dor","9":"tag-culture-loisirs","10":"tag-dijon","11":"tag-divertissement","12":"tag-entertainment","13":"tag-fete-locale","14":"tag-fil-info","15":"tag-fr","16":"tag-france","17":"tag-golden-coast-festival","18":"tag-music","19":"tag-musique"},"share_on_mastodon":{"url":"https:\/\/pubeurope.com\/@fr\/114975033533006142","error":""},"_links":{"self":[{"href":"https:\/\/www.europesays.com\/fr\/wp-json\/wp\/v2\/posts\/297566","targetHints":{"allow":["GET"]}}],"collection":[{"href":"https:\/\/www.europesays.com\/fr\/wp-json\/wp\/v2\/posts"}],"about":[{"href":"https:\/\/www.europesays.com\/fr\/wp-json\/wp\/v2\/types\/post"}],"author":[{"embeddable":true,"href":"https:\/\/www.europesays.com\/fr\/wp-json\/wp\/v2\/users\/2"}],"replies":[{"embeddable":true,"href":"https:\/\/www.europesays.com\/fr\/wp-json\/wp\/v2\/comments?post=297566"}],"version-history":[{"count":0,"href":"https:\/\/www.europesays.com\/fr\/wp-json\/wp\/v2\/posts\/297566\/revisions"}],"wp:featuredmedia":[{"embeddable":true,"href":"https:\/\/www.europesays.com\/fr\/wp-json\/wp\/v2\/media\/297567"}],"wp:attachment":[{"href":"https:\/\/www.europesays.com\/fr\/wp-json\/wp\/v2\/media?parent=297566"}],"wp:term":[{"taxonomy":"category","embeddable":true,"href":"https:\/\/www.europesays.com\/fr\/wp-json\/wp\/v2\/categories?post=297566"},{"taxonomy":"post_tag","embeddable":true,"href":"https:\/\/www.europesays.com\/fr\/wp-json\/wp\/v2\/tags?post=297566"}],"curies":[{"name":"wp","href":"https:\/\/api.w.org\/{rel}","templated":true}]}}