{"id":297568,"date":"2025-08-05T07:42:09","date_gmt":"2025-08-05T07:42:09","guid":{"rendered":"https:\/\/www.europesays.com\/fr\/297568\/"},"modified":"2025-08-05T07:42:09","modified_gmt":"2025-08-05T07:42:09","slug":"ca-faisait-longtemps-que-javais-envie-de-tourner-dans-un-film-daction","status":"publish","type":"post","link":"https:\/\/www.europesays.com\/fr\/297568\/","title":{"rendered":"\u00ab\u00a0\u00c7a faisait longtemps que j\u2019avais envie de tourner dans un film d\u2019action\u00a0\u00bb"},"content":{"rendered":"<p>\u00c0 34\u00a0ans, elle bouscule son image pour s\u2019aventurer dans un registre in\u00e9dit\u00a0: le thriller d\u2019action. Rencontre.<\/p>\n<p>\u00ab\u00a0On a quasiment le m\u00eame \u00e2ge\u00a0\u00bb, se rassure-t-elle d\u2019embl\u00e9e, esquissant un sourire. <a href=\"https:\/\/www.parismatch.com\/people\/marine-vacth-jaime-que-lon-puisse-projeter-nimporte-quoi-sur-moi-217774\" rel=\"nofollow noopener\" target=\"_blank\">Marine Vacth<\/a> murmure presque. Elle r\u00eaverait de se fondre dans le d\u00e9cor feutr\u00e9 de cet h\u00f4tel parisien, mais c\u2019est elle qui captive tous les regards. L\u2019exercice de l\u2019interview ne semble pas \u00eatre sa tasse de th\u00e9, alors le tutoiement s\u2019impose naturellement pour briser la glace.<\/p>\n<p>    La suite apr\u00e8s cette publicit\u00e9<\/p>\n<p>La com\u00e9dienne d\u00e9fend \u00ab\u00a0Badh\u00a0\u00bb, un film d\u2019action r\u00e9alis\u00e9 par Guillaume de\u202fFontenay, dans lequel elle incarne une agente secr\u00e8te fran\u00e7aise charg\u00e9e d\u2019\u00e9liminer un puissant trafiquant d\u2019armes en Syrie. Loin des r\u00f4les contemplatifs du cin\u00e9ma d\u2019auteur, elle est cette fois-ci une sorte de Jason Bourne \u00e0 la fran\u00e7aise, et au f\u00e9minin. \u00ab\u00a0\u00c7a faisait longtemps que j\u2019avais envie de tourner dans un film d\u2019action, explique-t-elle. Mon personnage poss\u00e8de une di\u00admension humaine complexe, avec de grandes failles, mais aussi une physicalit\u00e9 tr\u00e8s int\u00e9ressante. C\u2019est ce m\u00e9lange qui m\u2019a attir\u00e9e.\u00a0\u00bb<\/p>\n<p>Comme l\u2019espion incarn\u00e9 par Matt Damon, elle est rattrap\u00e9e par son pass\u00e9, confront\u00e9e \u00e0 ce qu\u2019elle a fui, et cherche \u00e0 se reconstruire. Contrairement \u00e0 son habitude de ne pas pr\u00e9parer ses r\u00f4les, Marine Vacth a d\u00fb cette fois-ci renouer avec ses anciens cours de judo et remettre sa ceinture marron autour de sa taille. \u00ab\u00a0J\u2019ai recommenc\u00e9 le sport cinq\u202fmois avant le tournage, confie-t-elle. J\u2019en ai eu besoin pour tenir le rythme. Un\u202fmois avant, j\u2019ai travaill\u00e9 avec le r\u00e9gisseur cascades. Les journ\u00e9es \u00e9taient charg\u00e9es\u00a0: ma\u00ad\u00adniement d\u2019armes, d\u00e9placements tactiques, apprendre \u00e0 donner et \u00e0 recevoir des coups sans se blesser, tomber correctement\u2026\u00a0\u00bb<\/p>\n<p>\u00ab\u00a0Je suis attir\u00e9e par des univers tr\u00e8s diff\u00e9rents\u00a0\u00bb<\/p>\n<p>On est loin de l\u2019adolescente r\u00e9v\u00e9l\u00e9e par <a href=\"https:\/\/www.parismatch.com\/Vivre\/Mode\/Marine-Vacth-l-ascension-d-une-melancolique-513048\" rel=\"nofollow noopener\" target=\"_blank\">Fran\u00e7ois Ozon dans \u00ab\u00a0Jeune et jolie\u00a0\u00bb<\/a>, o\u00f9 elle incarnait une lyc\u00e9enne des beaux quartiers qui se prostituait pour tromper l\u2019ennui. Dans \u00ab\u00a0Mascarade\u00a0\u00bb, de Nicolas Bedos, elle subjuguait en escort girl et arnaqueuse professionnelle d\u00e9termin\u00e9e \u00e0 s\u2019offrir la vie r\u00eav\u00e9e, usant de ses charmes pour s\u00e9duire des hommes riches. Le cin\u00e9aste la qualifiera m\u00eame de \u00ab\u00a0g\u00e9nie\u00a0\u00bb. Depuis plus de dix\u202fans, ses grands yeux verts et sa silhouette hypnotisent le cin\u00e9ma fran\u00e7ais. Absente des r\u00e9seaux sociaux \u2013\u202felle appara\u00eet de temps en temps sur le compte Instagram de son compagnon, Paul Schmidt\u202f\u2013, Marine Vacth cultive le myst\u00e8re, garde son silence, et fascine. \u00ab\u00a0Ce moyen de communiquer ne me correspond pas vraiment\u00a0\u00bb, justifie-t-elle.<\/p>\n<p>Quand on lui demande avec quels r\u00e9ali\u00adsateurs elle aimerait tourner, elle h\u00e9site. \u00ab\u00a0Je ne sais jamais quoi r\u00e9pondre \u00e0 cette question. Je suis attir\u00e9e par des univers tr\u00e8s diff\u00e9rents.\u00a0\u00bb La com\u00e9die, peut-\u00eatre\u00a0? \u00ab\u00a0Oh\u00a0! \u00e7a me plairait beaucoup\u00a0!\u00a0\u00bb Bingo. Pourquoi pas l\u2019imaginer dans le prochain film \u00add\u2019Artus\u00a0? \u00ab\u00a0Je vais travailler avec lui \u00e0 la rentr\u00e9e, dans un projet r\u00e9alis\u00e9 par Clovis Cornillac. Ce n\u2019est pas une com\u00e9die, mais je pense qu\u2019il y aura des sc\u00e8nes vraiment rigolotes.\u00a0\u00bb Elle s\u2019interrompt\u00a0: \u00ab\u00a0Ce n\u2019est pas trop bancal comme r\u00e9ponse\u00a0?\u00a0\u00bb Avec Marine Vacth, m\u00eame les doutes ont du charme. Et c\u2019est pr\u00e9cis\u00e9ment ce qui fait tout son talent.<\/p>\n","protected":false},"excerpt":{"rendered":"\u00c0 34\u00a0ans, elle bouscule son image pour s\u2019aventurer dans un registre in\u00e9dit\u00a0: le thriller d\u2019action. Rencontre. \u00ab\u00a0On a&hellip;\n","protected":false},"author":2,"featured_media":297569,"comment_status":"","ping_status":"","sticky":false,"template":"","format":"standard","meta":{"footnotes":""},"categories":[1354],"tags":[58,59,1346,1011,27,1360],"class_list":{"0":"post-297568","1":"post","2":"type-post","3":"status-publish","4":"format-standard","5":"has-post-thumbnail","7":"category-films","8":"tag-divertissement","9":"tag-entertainment","10":"tag-films","11":"tag-fr","12":"tag-france","13":"tag-movies"},"share_on_mastodon":{"url":"https:\/\/pubeurope.com\/@fr\/114975037487352169","error":""},"_links":{"self":[{"href":"https:\/\/www.europesays.com\/fr\/wp-json\/wp\/v2\/posts\/297568","targetHints":{"allow":["GET"]}}],"collection":[{"href":"https:\/\/www.europesays.com\/fr\/wp-json\/wp\/v2\/posts"}],"about":[{"href":"https:\/\/www.europesays.com\/fr\/wp-json\/wp\/v2\/types\/post"}],"author":[{"embeddable":true,"href":"https:\/\/www.europesays.com\/fr\/wp-json\/wp\/v2\/users\/2"}],"replies":[{"embeddable":true,"href":"https:\/\/www.europesays.com\/fr\/wp-json\/wp\/v2\/comments?post=297568"}],"version-history":[{"count":0,"href":"https:\/\/www.europesays.com\/fr\/wp-json\/wp\/v2\/posts\/297568\/revisions"}],"wp:featuredmedia":[{"embeddable":true,"href":"https:\/\/www.europesays.com\/fr\/wp-json\/wp\/v2\/media\/297569"}],"wp:attachment":[{"href":"https:\/\/www.europesays.com\/fr\/wp-json\/wp\/v2\/media?parent=297568"}],"wp:term":[{"taxonomy":"category","embeddable":true,"href":"https:\/\/www.europesays.com\/fr\/wp-json\/wp\/v2\/categories?post=297568"},{"taxonomy":"post_tag","embeddable":true,"href":"https:\/\/www.europesays.com\/fr\/wp-json\/wp\/v2\/tags?post=297568"}],"curies":[{"name":"wp","href":"https:\/\/api.w.org\/{rel}","templated":true}]}}