{"id":297572,"date":"2025-08-05T07:44:10","date_gmt":"2025-08-05T07:44:10","guid":{"rendered":"https:\/\/www.europesays.com\/fr\/297572\/"},"modified":"2025-08-05T07:44:10","modified_gmt":"2025-08-05T07:44:10","slug":"trois-joueurs-proches-de-quitter-le-psg","status":"publish","type":"post","link":"https:\/\/www.europesays.com\/fr\/297572\/","title":{"rendered":"trois joueurs proches de quitter le PSG !"},"content":{"rendered":"<p>La joie parisienne (PSG.FR)<\/p>\n<p><img width=\"615\" height=\"410\" src=\"https:\/\/www.europesays.com\/fr\/wp-content\/uploads\/2025\/08\/26-joie-615x410.jpg\" alt=\"La joie parisienne (PSG.FR)\" loading=\"eager\" decoding=\"async\" fetchpriority=\"high\"  \/><\/p>\n<p>La nouvelle saison approche \u00e0 grands et le PSG a d\u00e9cid\u00e9 d\u2019acc\u00e9l\u00e9rer certains dossiers. Des joueurs, plus vraiment d\u00e9sir\u00e9s par Luis Enrique, cherchent actuellement un nouveau club. L\u2019objectif pour les dirigeants parisiens serait de trouver des nouveaux points de chutes rapidement, id\u00e9alement avant le d\u00e9but de la saison dans un peu moins de deux semaines.<\/p>\n<p>Le PSG pousse pour un d\u00e9part XXL<\/p>\n<p>Apr\u00e8s quelques mois pass\u00e9s en pr\u00eat sous les couleurs de la Juventus, <a href=\"https:\/\/allezparis.fr\/tag\/randal-kolo-muani\" target=\"_blank\" rel=\"noopener\">Randal Kolo Muani<\/a> ne reviendra pas \u00e0 Paris. Il ne souhaite pas retrouver le club de la capitale et son envie serait de rester en Italie. Mais bien que le club de la vieille dame soit int\u00e9ress\u00e9 \u00e0 l\u2019id\u00e9e de le conserver, la somme demand\u00e9e par le PSG, en plus du salaire important du joueur, bloqueraient pour le moment les discussions. Pour autant, un accord pourrait tr\u00e8s bien \u00eatre trouv\u00e9 rapidement pour un pr\u00eat avec une obligation d\u2019achat. Le tout pourrait atteindre les 50 millions d\u2019euros.<\/p>\n<p>\u00c9galement pr\u00eat\u00e9 la saison derni\u00e8re, <a href=\"https:\/\/allezparis.fr\/tag\/carlos-soler\" target=\"_blank\" rel=\"noopener\">Carlos Soler<\/a> ne retrouvera pas non plus le PSG. Luis Enrique ne compterait pas sur lui et l\u2019Espagnol devrait faire ses valises. Plusieurs clubs seraient sous le charme d\u2019un milieu offensif, dont le Villarreal. Des discussions seraient en cours et le joueur de 28 ans pourrait retrouver l\u2019Espagne apr\u00e8s une saison pass\u00e9e sous les couleurs de West Ham.<\/p>\n<p>Une fin de mercato agit\u00e9e<\/p>\n<p>Un autre de ses anciens co\u00e9quipiers devrait aussi quitter Paris, il s\u2019agit de <a href=\"https:\/\/allezparis.fr\/joueurs\/marco-asensio\" target=\"_blank\" rel=\"noopener\">Marco Asensio<\/a>. Pr\u00eat\u00e9 \u00e0 Aston Villa la saison derni\u00e8re, l\u2019international espagnol ne rentre plus dans les plans parisiens. Quelques \u00e9curies garderaient un \u0153il sur lui, dont le Fenerbah\u00e7e en Turquie. Apr\u00e8s avoir engag\u00e9 Milan Skriniar, le club stambouliote aimerait attirer l\u2019ancien joueur du Real Madrid. Mais le salaire XXL demand\u00e9 par l\u2019attaquant poserait pour le moment probl\u00e8me. Des \u00e9curies espagnoles, anglaises, mais aussi saoudiennes resteraient sur le coup.<\/p>\n<p>Autant dire que les prochaines semaines, voire les prochains jours, devraient \u00eatre tr\u00e8s mouvement\u00e9s du c\u00f4t\u00e9 de la capitale.<\/p>\n<p>Pub. le 05\/08\/2025 &#8211; 08:44\t\t &#8211; MAJ 05\/08\/2025 &#8211; 08:46\t<\/p>\n<p>A propos de l&rsquo;auteur<\/p>\n<p>Fou du PSG, je passe mes journ\u00e9es \u00e0 taper l&rsquo;actualit\u00e9 du club ! Alors ce n&rsquo;est pas dans un ballon, mais je tente toujours de viser la lucarne !<\/p>\n","protected":false},"excerpt":{"rendered":"La joie parisienne (PSG.FR) La nouvelle saison approche \u00e0 grands et le PSG a d\u00e9cid\u00e9 d\u2019acc\u00e9l\u00e9rer certains dossiers.&hellip;\n","protected":false},"author":2,"featured_media":297573,"comment_status":"","ping_status":"","sticky":false,"template":"","format":"standard","meta":{"footnotes":""},"categories":[9],"tags":[328,28743,1011,27,4136,1434,93,7157,60],"class_list":{"0":"post-297572","1":"post","2":"type-post","3":"status-publish","4":"format-standard","5":"has-post-thumbnail","7":"category-sports","8":"tag-a-la-une","9":"tag-carlos-soler","10":"tag-fr","11":"tag-france","12":"tag-marco-asensio","13":"tag-mercato","14":"tag-psg","15":"tag-randal-kolo-muani","16":"tag-sports"},"share_on_mastodon":{"url":"https:\/\/pubeurope.com\/@fr\/114975045360599454","error":""},"_links":{"self":[{"href":"https:\/\/www.europesays.com\/fr\/wp-json\/wp\/v2\/posts\/297572","targetHints":{"allow":["GET"]}}],"collection":[{"href":"https:\/\/www.europesays.com\/fr\/wp-json\/wp\/v2\/posts"}],"about":[{"href":"https:\/\/www.europesays.com\/fr\/wp-json\/wp\/v2\/types\/post"}],"author":[{"embeddable":true,"href":"https:\/\/www.europesays.com\/fr\/wp-json\/wp\/v2\/users\/2"}],"replies":[{"embeddable":true,"href":"https:\/\/www.europesays.com\/fr\/wp-json\/wp\/v2\/comments?post=297572"}],"version-history":[{"count":0,"href":"https:\/\/www.europesays.com\/fr\/wp-json\/wp\/v2\/posts\/297572\/revisions"}],"wp:featuredmedia":[{"embeddable":true,"href":"https:\/\/www.europesays.com\/fr\/wp-json\/wp\/v2\/media\/297573"}],"wp:attachment":[{"href":"https:\/\/www.europesays.com\/fr\/wp-json\/wp\/v2\/media?parent=297572"}],"wp:term":[{"taxonomy":"category","embeddable":true,"href":"https:\/\/www.europesays.com\/fr\/wp-json\/wp\/v2\/categories?post=297572"},{"taxonomy":"post_tag","embeddable":true,"href":"https:\/\/www.europesays.com\/fr\/wp-json\/wp\/v2\/tags?post=297572"}],"curies":[{"name":"wp","href":"https:\/\/api.w.org\/{rel}","templated":true}]}}