{"id":297579,"date":"2025-08-05T07:48:10","date_gmt":"2025-08-05T07:48:10","guid":{"rendered":"https:\/\/www.europesays.com\/fr\/297579\/"},"modified":"2025-08-05T07:48:10","modified_gmt":"2025-08-05T07:48:10","slug":"vers-une-occupation-totale-de-la-bande-de-gaza-netanyahou-va-preparer-des-instructions-sur-la-poursuite-de-la-guerre","status":"publish","type":"post","link":"https:\/\/www.europesays.com\/fr\/297579\/","title":{"rendered":"Vers une occupation totale de la bande de Gaza ? Netanyahou va pr\u00e9parer des \u00abinstructions\u00bb sur la poursuite de la guerre"},"content":{"rendered":"<p>Le Jerusalem Post, citant une source anonyme au Bureau du premier ministre, affirme que celui-ci \u00aba pris la d\u00e9cision d\u2019occuper enti\u00e8rement\u00bb l\u2019enclave palestinienne, assi\u00e9g\u00e9e et bombard\u00e9e depuis pr\u00e8s de deux ans.<\/p>\n<p class=\"fig-paragraph\">Le premier ministre isra\u00e9lien, Benyamin Netanyahou, a annonc\u00e9 lundi qu&rsquo;il donnerait cette semaine \u00abdes instructions\u00bb sur la poursuite de la guerre dans la bande de Gaza,\u00a0<a href=\"http:\/\/www.lefigaro.fr\/international\/gaza-la-crise-humanitaire-et-le-calvaire-des-otages-accentuent-la-pression-sur-netanyahou-20250804\" target=\"_blank\" data-fig-type=\"Article\" rel=\"noopener nofollow\" data-gtm-custom-categorie=\"navigation\" data-gtm-custom-action=\"crossclick\" data-gtm-custom-label=\"Contextuel\" data-gtm-event=\"customEventSPE\" data-fig-domain=\"LEFIGARO\">au moment o\u00f9 les pressions s&rsquo;accentuent sur son gouvernement<\/a>\u00a0pour une issue au conflit et la lib\u00e9ration des captifs du 7-Octobre.<\/p>\n<p class=\"fig-paragraph\">Isra\u00ebl entend aussi mettre\u00a0<a href=\"http:\/\/www.lefigaro.fr\/international\/gaza-reunion-d-urgence-du-conseil-de-securite-de-l-onu-sur-la-question-des-otages-israeliens-20250804\" target=\"_blank\" data-fig-type=\"NewsFlash\" rel=\"noopener nofollow\" data-gtm-custom-categorie=\"navigation\" data-gtm-custom-action=\"crossclick\" data-gtm-custom-label=\"Contextuel\" data-gtm-event=\"customEventSPE\" data-fig-domain=\"LEFIGARO\">la question des otages<\/a>\u00a0\u00abau centre de l&rsquo;agenda mondial\u00bb, a d\u00e9clar\u00e9 son chef de la diplomatie, Gideon Saar, \u00e0 la veille d&rsquo;une session du Conseil de s\u00e9curit\u00e9 de l&rsquo;ONU qu&rsquo;il a initi\u00e9e sur ce dossier.<\/p>\n<p>                                    <a class=\"fig-a11y-skip a11y-hidden\" href=\"#fig-a11y-skip-main-inarticle\"><br \/>\n        Passer la publicit\u00e9<br \/>\n    <\/a><\/p>\n<p class=\"fig-paragraph\">En conseil des ministres, Benyamin Netanyahou a annonc\u00e9 qu&rsquo;il convoquerait \u00abcette semaine\u00bb son cabinet pour \u00abdonner des instructions\u00bb \u00e0 l&rsquo;arm\u00e9e \u00absur la mani\u00e8re d&rsquo;atteindre les trois objectifs de guerre que nous avons fix\u00e9s\u00bb.<\/p>\n<p>L\u2019Autorit\u00e9 palestinienne demande l\u2019aide de la communaut\u00e9 internationale<\/p>\n<p class=\"fig-paragraph\">\u00abNous sommes au milieu d&rsquo;une guerre intense dans laquelle nous avons obtenu des succ\u00e8s tr\u00e8s importants, historiques, car nous n&rsquo;\u00e9tions pas divis\u00e9s (&#8230;) nous devons continuer \u00e0 rester unis\u00bb, a-t-il ajout\u00e9. Il a rappel\u00e9 les \u00abobjectifs de la guerre\u00bb qui sont \u00abvaincre l&rsquo;ennemi, lib\u00e9rer nos otages et garantir que Gaza ne constitue plus une menace pour Isra\u00ebl\u00bb.<\/p>\n<p class=\"fig-paragraph\">Dans la soir\u00e9e, la cha\u00eene Canal 11 a affirm\u00e9 que M. Netanyahou r\u00e9unirait son cabinet mardi. Le Jerusalem Post, citant une source anonyme au Bureau du premier ministre, affirme que celui-ci \u00aba pris la d\u00e9cision d&rsquo;occuper enti\u00e8rement la bande de Gaza, y compris d&rsquo;effectuer des op\u00e9rations dans les zones o\u00f9 des otages sont retenus\u00bb. La\u00a0<a href=\"https:\/\/www.n12.co.il\/\" target=\"_blank\" rel=\"nofollow noopener\" data-gtm-custom-categorie=\"navigation\" data-gtm-custom-action=\"crossclick\" data-gtm-custom-label=\"Contextuel\" data-gtm-event=\"customEventSPE\">cha\u00eene 12<\/a>\u00a0a elle aussi cit\u00e9 un responsable anonyme tenant les m\u00eames propos.<\/p>\n<p class=\"fig-body-link\">\n            \u00c0 lire aussi<br \/>\n        <a class=\"fig-body-link__link fig-premium-mark\" href=\"http:\/\/www.lefigaro.fr\/international\/comment-israel-se-prepare-a-l-occupation-de-la-bande-de-gaza-20250507\" target=\"_blank\" data-fig-type=\"Article\" rel=\"noopener nofollow\" data-gtm-custom-categorie=\"navigation\" data-gtm-custom-action=\"crossclick\" data-gtm-custom-label=\"Contextuel\" data-gtm-event=\"customEventSPE\" data-fig-domain=\"LEFIGARO\">Comment Isra\u00ebl se pr\u00e9pare \u00e0 l\u2019occupation de la bande de Gaza<br \/>\n    <\/a>\n<\/p>\n<p class=\"fig-paragraph\">R\u00e9agissant \u00e0 ces affirmations, l&rsquo;Autorit\u00e9 palestinienne a d\u00e9nonc\u00e9 ces \u00abfuites sur l&rsquo;occupation de Gaza\u00bb et a appel\u00e9 la communaut\u00e9 internationale \u00e0 \u00abintervenir de toute urgence pour emp\u00eacher leur mise en \u0153uvre, qu&rsquo;il s&rsquo;agisse d&rsquo;une forme de pression, de ballons d&rsquo;essai pour jauger les r\u00e9actions internationales, ou qu&rsquo;elles soient v\u00e9ritablement s\u00e9rieuses\u00bb.<\/p>\n<p>Netanyahou \u00abm\u00e8ne Isra\u00ebl \u00e0 sa ruine et les otages \u00e0 leur mort\u00bb<\/p>\n<p class=\"fig-paragraph\">En guerre contre le Hamas depuis l&rsquo;attaque sans pr\u00e9c\u00e9dent du mouvement islamiste palestinien sur son sol le 7 octobre 2023, le gouvernement isra\u00e9lien fait face \u00e0 une pression croissante pour y trouver une issue. Pr\u00e8s de 600 anciens responsables de l&rsquo;appareil s\u00e9curitaire en Isra\u00ebl, du Mossad et du Shin Bet notamment, ont appel\u00e9 lundi\u00a0<a href=\"http:\/\/www.lefigaro.fr\/international\/gaza-550-hauts-responsables-securitaires-israeliens-appellent-trump-a-faire-pression-sur-netanyahou-pour-mettre-fin-au-conflit-20250804\" target=\"_blank\" data-fig-type=\"NewsFlash\" rel=\"noopener nofollow\" data-gtm-custom-categorie=\"navigation\" data-gtm-custom-action=\"crossclick\" data-gtm-custom-label=\"Contextuel\" data-gtm-event=\"customEventSPE\" data-fig-domain=\"LEFIGARO\">le pr\u00e9sident am\u00e9ricain Donald Trump \u00e0 faire pression sur Benyamin Netanyahou<\/a>\u00a0pour mettre fin \u00e0 la guerre et ainsi ramener \u00ables otages chez eux\u00bb.<\/p>\n<p>                                    <a class=\"fig-a11y-skip a11y-hidden\" href=\"#fig-a11y-skip-main-inarticle_mtf\"><br \/>\n        Passer la publicit\u00e9<br \/>\n    <\/a><\/p>\n<p class=\"fig-paragraph\">\u00abArr\u00eatez la guerre \u00e0 Gaza!\u00bb, exhorte ce courrier, sign\u00e9 des principaux ma\u00eetres-espions isra\u00e9liens, d&rsquo;une cohorte d&rsquo;ex-g\u00e9n\u00e9raux et de responsables s\u00e9curitaires. Benyamin Netanyahou \u00abm\u00e8ne Isra\u00ebl \u00e0 sa ruine et les otages \u00e0 leur mort\u00bb, a de son c\u00f4t\u00e9 accus\u00e9 le Forum des familles, la principale organisation de familles des captifs \u00e0 Gaza.<\/p>\n<p class=\"fig-paragraph\">Sur les 251 personnes enlev\u00e9es le 7-Octobre,\u00a0<a href=\"http:\/\/www.lefigaro.fr\/international\/gaza-qui-sont-les-otages-toujours-retenus-par-le-hamas-20250708\" target=\"_blank\" data-fig-type=\"NewsFlash\" rel=\"noopener nofollow\" data-gtm-custom-categorie=\"navigation\" data-gtm-custom-action=\"crossclick\" data-gtm-custom-label=\"Contextuel\" data-gtm-event=\"customEventSPE\" data-fig-domain=\"LEFIGARO\">49 restent retenues \u00e0 Gaza<\/a>, dont 27 d\u00e9clar\u00e9es mortes par l&rsquo;arm\u00e9e isra\u00e9lienne, apr\u00e8s deux tr\u00eaves ayant permis la lib\u00e9ration des autres.<\/p>\n","protected":false},"excerpt":{"rendered":"Le Jerusalem Post, citant une source anonyme au Bureau du premier ministre, affirme que celui-ci \u00aba pris la&hellip;\n","protected":false},"author":2,"featured_media":297580,"comment_status":"","ping_status":"","sticky":false,"template":"","format":"standard","meta":{"footnotes":""},"categories":[5],"tags":[11,952,1011,27,665,14,664,12,28],"class_list":{"0":"post-297579","1":"post","2":"type-post","3":"status-publish","4":"format-standard","5":"has-post-thumbnail","7":"category-international","8":"tag-actualites","9":"tag-benyamin-netanyahou","10":"tag-fr","11":"tag-france","12":"tag-gaza","13":"tag-international","14":"tag-israel","15":"tag-news","16":"tag-world"},"share_on_mastodon":{"url":"https:\/\/pubeurope.com\/@fr\/114975061105062684","error":""},"_links":{"self":[{"href":"https:\/\/www.europesays.com\/fr\/wp-json\/wp\/v2\/posts\/297579","targetHints":{"allow":["GET"]}}],"collection":[{"href":"https:\/\/www.europesays.com\/fr\/wp-json\/wp\/v2\/posts"}],"about":[{"href":"https:\/\/www.europesays.com\/fr\/wp-json\/wp\/v2\/types\/post"}],"author":[{"embeddable":true,"href":"https:\/\/www.europesays.com\/fr\/wp-json\/wp\/v2\/users\/2"}],"replies":[{"embeddable":true,"href":"https:\/\/www.europesays.com\/fr\/wp-json\/wp\/v2\/comments?post=297579"}],"version-history":[{"count":0,"href":"https:\/\/www.europesays.com\/fr\/wp-json\/wp\/v2\/posts\/297579\/revisions"}],"wp:featuredmedia":[{"embeddable":true,"href":"https:\/\/www.europesays.com\/fr\/wp-json\/wp\/v2\/media\/297580"}],"wp:attachment":[{"href":"https:\/\/www.europesays.com\/fr\/wp-json\/wp\/v2\/media?parent=297579"}],"wp:term":[{"taxonomy":"category","embeddable":true,"href":"https:\/\/www.europesays.com\/fr\/wp-json\/wp\/v2\/categories?post=297579"},{"taxonomy":"post_tag","embeddable":true,"href":"https:\/\/www.europesays.com\/fr\/wp-json\/wp\/v2\/tags?post=297579"}],"curies":[{"name":"wp","href":"https:\/\/api.w.org\/{rel}","templated":true}]}}