{"id":297593,"date":"2025-08-05T07:55:09","date_gmt":"2025-08-05T07:55:09","guid":{"rendered":"https:\/\/www.europesays.com\/fr\/297593\/"},"modified":"2025-08-05T07:55:09","modified_gmt":"2025-08-05T07:55:09","slug":"profitez-des-derniers-concerts-du-festival-jazz-a-toulon","status":"publish","type":"post","link":"https:\/\/www.europesays.com\/fr\/297593\/","title":{"rendered":"profitez des derniers concerts du festival Jazz \u00e0 Toulon"},"content":{"rendered":"<p>            Par<br \/>\n        <strong><br \/>\n            <a href=\"https:\/\/actu.fr\/auteur\/guillemette-herve\" title=\"Consulter tous les articles de Agence de presse APEI\" rel=\"nofollow noopener\" target=\"_blank\">Agence de presse APEI<\/a><br \/>\n        <\/strong><\/p>\n<p>        Publi\u00e9 le<\/p>\n<p>            5 ao\u00fbt 2025 \u00e0 9h32        <\/p>\n<p>C\u2019est un \u00e9v\u00e9nement musical qui ravit chaque \u00e9t\u00e9 <strong>les amateurs de jazz<\/strong>. Le festival Jazz \u00e0 <a href=\"https:\/\/actu.fr\/provence-alpes-cote-d-azur\/toulon_83137\/var-quel-est-ce-nouveau-navire-de-la-marine-nationale-qui-arrive-a-toulon_62989538.html\" rel=\"nofollow noopener\" target=\"_blank\">Toulon<\/a> s\u2019ach\u00e8vera le samedi 9 ao\u00fbt 2025, apr\u00e8s dix jours de concerts enflamm\u00e9s \u00e0 l\u2019heure de l\u2019ap\u00e9ro et en soir\u00e9e.<\/p>\n<p>D\u00e9couvrir de nouveaux artistes<\/p>\n<p class=\" wall-content\">Au programme des soir\u00e9es :<\/p>\n<ul class=\" wall-content\">\n<li>mercredi 6 ao\u00fbt \u00e0 21h30, place Saint-Jean : <strong>Elie Portal<\/strong>, pianiste, organiste, accompagn\u00e9 par la chanteuse Fabby Medina \u00e0 la voix prestigieuse et au scat \u00e9blouissant<\/li>\n<li>jeudi 7 ao\u00fbt \u00e0 21h30, plages du Mourillon : <strong>Joshua Redman<\/strong>, l\u2019un des saxophonistes les plus acclam\u00e9s de la sc\u00e8ne <a href=\"https:\/\/actu.fr\/provence-alpes-cote-d-azur\/nice_06088\/nice-jazz-fest-apres-un-record-historique-la-date-de-l-edition-2026-devoilee_62965928.html\" rel=\"nofollow noopener\" target=\"_blank\">jazz<\/a> contemporaine, nomin\u00e9 huit fois aux Grammy Awards<\/li>\n<li>vendredi 8 ao\u00fbt \u00e0 21h30, plages du Mourillon : <strong>The Amazing Keystone Big Band<\/strong> r\u00e9invente de fa\u00e7on joyeuse et cuivr\u00e9e l\u2019h\u00e9ritage de George Gershwin, accompagn\u00e9 des chanteurs Neima Naouri et Pablo Campos<\/li>\n<\/ul>\n<p class=\" wall-content\">Les rendez-vous de 19h :<\/p>\n<ul class=\" wall-content\">\n<li>mardi 5 ao\u00fbt, place g\u00e9n\u00e9ral Pouyade : Camille et les gar\u00e7ons<\/li>\n<li>jeudi 7 ao\u00fbt, place Adolphe-B\u00e9guin : The Dixit Cats<\/li>\n<li>vendredi 8 ao\u00fbt, place Monseigneur Deydier : Piero Iannetti Quartet Messengers<\/li>\n<li>samedi 9 ao\u00fbt, place Marie-Curie : David Guttierez Quartet<\/li>\n<\/ul>\n<p class=\" wall-content\">L\u2019occasion de profiter d\u2019un beau moment musical <strong>\u00e0 l\u2019heure de l\u2019ap\u00e9ritif<\/strong> mais aussi de d\u00e9couvrir de nouveaux artistes.<\/p>\n<p class=\" wall-content\">Suivez toute l\u2019actualit\u00e9 de vos villes et m\u00e9dias favoris en vous inscrivant \u00e0 <a href=\"https:\/\/moncompte.actu.fr\" title=\"D\u00e9couvez Mon Actu\" rel=\"nofollow noopener\" data-trk=\"{&quot;cta&quot;:{&quot;action&quot;:&quot;https:\\\/\\\/moncompte.actu.fr&quot;,&quot;category&quot;:&quot;mon compte&quot;,&quot;from&quot;:&quot;article footer&quot;,&quot;name&quot;:&quot;Mon actu&quot;,&quot;type&quot;:&quot;cta&quot;}}\" target=\"_blank\">Mon Actu<\/a>.<\/p>\n","protected":false},"excerpt":{"rendered":"Par Agence de presse APEI Publi\u00e9 le 5 ao\u00fbt 2025 \u00e0 9h32 C\u2019est un \u00e9v\u00e9nement musical qui ravit&hellip;\n","protected":false},"author":2,"featured_media":297594,"comment_status":"","ping_status":"","sticky":false,"template":"","format":"standard","meta":{"footnotes":""},"categories":[9619],"tags":[1111,11,1697,1777,674,1011,27,1652,12,882,25,2310],"class_list":{"0":"post-297593","1":"post","2":"type-post","3":"status-publish","4":"format-standard","5":"has-post-thumbnail","7":"category-toulon","8":"tag-actu","9":"tag-actualites","10":"tag-concert","11":"tag-eu","12":"tag-europe","13":"tag-fr","14":"tag-france","15":"tag-loisirs-culture","16":"tag-news","17":"tag-provence-alpes-cote-dazur","18":"tag-republique-francaise","19":"tag-toulon"},"share_on_mastodon":{"url":"https:\/\/pubeurope.com\/@fr\/114975088524967038","error":""},"_links":{"self":[{"href":"https:\/\/www.europesays.com\/fr\/wp-json\/wp\/v2\/posts\/297593","targetHints":{"allow":["GET"]}}],"collection":[{"href":"https:\/\/www.europesays.com\/fr\/wp-json\/wp\/v2\/posts"}],"about":[{"href":"https:\/\/www.europesays.com\/fr\/wp-json\/wp\/v2\/types\/post"}],"author":[{"embeddable":true,"href":"https:\/\/www.europesays.com\/fr\/wp-json\/wp\/v2\/users\/2"}],"replies":[{"embeddable":true,"href":"https:\/\/www.europesays.com\/fr\/wp-json\/wp\/v2\/comments?post=297593"}],"version-history":[{"count":0,"href":"https:\/\/www.europesays.com\/fr\/wp-json\/wp\/v2\/posts\/297593\/revisions"}],"wp:featuredmedia":[{"embeddable":true,"href":"https:\/\/www.europesays.com\/fr\/wp-json\/wp\/v2\/media\/297594"}],"wp:attachment":[{"href":"https:\/\/www.europesays.com\/fr\/wp-json\/wp\/v2\/media?parent=297593"}],"wp:term":[{"taxonomy":"category","embeddable":true,"href":"https:\/\/www.europesays.com\/fr\/wp-json\/wp\/v2\/categories?post=297593"},{"taxonomy":"post_tag","embeddable":true,"href":"https:\/\/www.europesays.com\/fr\/wp-json\/wp\/v2\/tags?post=297593"}],"curies":[{"name":"wp","href":"https:\/\/api.w.org\/{rel}","templated":true}]}}