{"id":297595,"date":"2025-08-05T07:56:12","date_gmt":"2025-08-05T07:56:12","guid":{"rendered":"https:\/\/www.europesays.com\/fr\/297595\/"},"modified":"2025-08-05T07:56:12","modified_gmt":"2025-08-05T07:56:12","slug":"lemaitre-ouvre-toujours-la-porte-a-un-demenagement-mais-assure-etre-tres-attache-a-mayol","status":"publish","type":"post","link":"https:\/\/www.europesays.com\/fr\/297595\/","title":{"rendered":"Lema\u00eetre ouvre toujours la porte \u00e0 un d\u00e9m\u00e9nagement mais assure \u00eatre \u00ab tr\u00e8s attach\u00e9 \u00bb \u00e0 Mayol"},"content":{"rendered":"<p>Le serpent de mer refait surface. La saison derni\u00e8re, Bernard Lema\u00eetre avait suscit\u00e9 une large inqui\u00e9tude aupr\u00e8s des supporters toulonnais en \u00e9voquant un possible d\u00e9m\u00e9nagement de Mayol. Le pr\u00e9sident du RCT pointait du doigt la v\u00e9tust\u00e9 de l\u2019enceinte, plus adapt\u00e9 aux exigences du Top 14. Surtout, de par son positionnement en plein centre-ville, cette derni\u00e8re est difficilement am\u00e9nageable.<\/p>\n<p>La question d\u2019un nouveau stade \u00ab\u00a0existera toujours\u00a0\u00bb<\/p>\n<p>Alors que la mairie a install\u00e9 de nouveaux projecteurs et une nouvelle sonorisation \u00e0 Mayol, Bernard Lema\u00eetre a \u00e9voqu\u00e9 le futur du RCT au micro <a href=\"https:\/\/www.francebleu.fr\/sports\/rugby\/le-stade-mayol-veut-taper-dans-l-oeil-des-supporters-du-rct-avec-un-show-lumineux-6278440\" rel=\"nofollow noopener\" target=\"_blank\">d\u2019Ici Provence<\/a>, sans \u00e9carter un possible d\u00e9m\u00e9nagement dans le futur.<\/p>\n<blockquote>\n<p>\u00ab\u00a0La question existera toujours, dans la mesure o\u00f9 aujourd&rsquo;hui, on ne sait pas de quelle fa\u00e7on on peut faire \u00e9voluer Mayol dans un tas de domaines qui sont imp\u00e9ratifs dans le sport professionnel aujourd&rsquo;hui. Am\u00e9liorer l&rsquo;exp\u00e9rience spectateurs dans tous les sens, am\u00e9liorer les capacit\u00e9s de recette du club. Donc si on arrive \u00e0 faire tout \u00e7a \u00e0 Mayol, on est tr\u00e8s heureux. On est tr\u00e8s tr\u00e8s attach\u00e9s \u00e0 Mayol contrairement aux propos qui ont pu m&rsquo;\u00eatre pr\u00eat\u00e9s\u00a0\u00bb<\/p>\n<\/blockquote>\n<p>Partagez cette info avec vos amis et vos proches en cliquant ici<br \/>Pour r\u00e9sumer<\/p>\n<p>Bernard Lema\u00eetre s\u2019est confi\u00e9 sur les difficult\u00e9s autour de la r\u00e9novation de Mayol et de son \u00e9tat. Le pr\u00e9sident du Rugby Club Toulonnais assure n\u00e9anmoins \u00eatre tr\u00e8s attach\u00e9 \u00e0 la mythique enceinte du centre-ville.<\/p>\n<p> <img decoding=\"async\" width=\"76\" height=\"76\" loading=\"lazy\" src=\"https:\/\/www.europesays.com\/fr\/wp-content\/uploads\/2025\/04\/avatar-quinze.png\" alt=\"Arnaud D\u00e9chelotte\"\/><\/p>\n","protected":false},"excerpt":{"rendered":"Le serpent de mer refait surface. La saison derni\u00e8re, Bernard Lema\u00eetre avait suscit\u00e9 une large inqui\u00e9tude aupr\u00e8s des&hellip;\n","protected":false},"author":2,"featured_media":297596,"comment_status":"","ping_status":"","sticky":false,"template":"","format":"standard","meta":{"footnotes":""},"categories":[9619],"tags":[1111,11,1777,674,1011,27,12,882,25,2310],"class_list":{"0":"post-297595","1":"post","2":"type-post","3":"status-publish","4":"format-standard","5":"has-post-thumbnail","7":"category-toulon","8":"tag-actu","9":"tag-actualites","10":"tag-eu","11":"tag-europe","12":"tag-fr","13":"tag-france","14":"tag-news","15":"tag-provence-alpes-cote-dazur","16":"tag-republique-francaise","17":"tag-toulon"},"share_on_mastodon":{"url":"https:\/\/pubeurope.com\/@fr\/114975092553918970","error":""},"_links":{"self":[{"href":"https:\/\/www.europesays.com\/fr\/wp-json\/wp\/v2\/posts\/297595","targetHints":{"allow":["GET"]}}],"collection":[{"href":"https:\/\/www.europesays.com\/fr\/wp-json\/wp\/v2\/posts"}],"about":[{"href":"https:\/\/www.europesays.com\/fr\/wp-json\/wp\/v2\/types\/post"}],"author":[{"embeddable":true,"href":"https:\/\/www.europesays.com\/fr\/wp-json\/wp\/v2\/users\/2"}],"replies":[{"embeddable":true,"href":"https:\/\/www.europesays.com\/fr\/wp-json\/wp\/v2\/comments?post=297595"}],"version-history":[{"count":0,"href":"https:\/\/www.europesays.com\/fr\/wp-json\/wp\/v2\/posts\/297595\/revisions"}],"wp:featuredmedia":[{"embeddable":true,"href":"https:\/\/www.europesays.com\/fr\/wp-json\/wp\/v2\/media\/297596"}],"wp:attachment":[{"href":"https:\/\/www.europesays.com\/fr\/wp-json\/wp\/v2\/media?parent=297595"}],"wp:term":[{"taxonomy":"category","embeddable":true,"href":"https:\/\/www.europesays.com\/fr\/wp-json\/wp\/v2\/categories?post=297595"},{"taxonomy":"post_tag","embeddable":true,"href":"https:\/\/www.europesays.com\/fr\/wp-json\/wp\/v2\/tags?post=297595"}],"curies":[{"name":"wp","href":"https:\/\/api.w.org\/{rel}","templated":true}]}}