{"id":297603,"date":"2025-08-05T08:05:10","date_gmt":"2025-08-05T08:05:10","guid":{"rendered":"https:\/\/www.europesays.com\/fr\/297603\/"},"modified":"2025-08-05T08:05:10","modified_gmt":"2025-08-05T08:05:10","slug":"une-voiture-prend-feu-dans-un-parking-dimmeuble-60-pompiers-mobilises","status":"publish","type":"post","link":"https:\/\/www.europesays.com\/fr\/297603\/","title":{"rendered":"une voiture prend feu dans un parking d&rsquo;immeuble, 60 pompiers mobilis\u00e9s"},"content":{"rendered":"<p>            Par<br \/>\n        <strong><br \/>\n            <a href=\"https:\/\/actu.fr\/auteur\/lou-batteux\" title=\"Consulter tous les articles de Lou Batteux\" rel=\"nofollow noopener\" target=\"_blank\">Lou Batteux<\/a><br \/>\n        <\/strong><\/p>\n<p>        Publi\u00e9 le<\/p>\n<p>            5 ao\u00fbt 2025 \u00e0 9h41        <\/p>\n<p><strong>Lundi 4\u00a0ao\u00fbt 2025<\/strong>, une voiture a pris feu dans le parking souterrain d\u2019un immeuble d\u2019habitation de six \u00e9tages, au <strong>6, all\u00e9e de la Goupillais<\/strong>, \u00e0 <a href=\"https:\/\/actu.fr\/rennes\/\" rel=\"nofollow noopener\" target=\"_blank\">Rennes<\/a>.<\/p>\n<p>    <a href=\"https:\/\/www.google.com\/maps\/embed?pb=!1m18!1m12!1m3!1d6322.491958132451!2d-1.6733489000000004!3d48.0904781!2m3!1f0!2f0!3f0!3m2!1i1024!2i768!4f13.1!3m3!1m2!1s0x480edfbf801031f1%3A0xf619eee5359c6dfd!2s6%20All.%20de%20la%20Goupillais%2C%2035200%20Rennes!5e1!3m2!1sfr!2sfr!4v1754378433532!5m2!1sfr!2sfr\" title=\"Ouvrie le lien\" rel=\"nofollow noopener\" target=\"_blank\">Cliquez ici pour visualiser le contenu<\/a><\/p>\n<p class=\" wall-content\">Le centre op\u00e9rationnel d\u00e9partemental d\u2019incendie et de secours (CODIS) est arriv\u00e9 sur place \u00e0 <strong>23h30<\/strong>. Alors que la voiture s\u2019embrasait, <strong>60 pompiers<\/strong> sont intervenus pour \u00e9teindre l\u2019incendie \u00e0 l\u2019aide de deux lances.<\/p>\n<p class=\" wall-content\">L\u2019intervention a dur\u00e9 jusqu\u2019\u00e0 <strong>2h30 du matin<\/strong>, mardi 5\u00a0ao\u00fbt. <strong>Aucun bless\u00e9<\/strong> n\u2019a \u00e9t\u00e9 d\u00e9clar\u00e9.<\/p>\n<p class=\" wall-content\">Suivez toute l\u2019actualit\u00e9 de vos villes et m\u00e9dias favoris en vous inscrivant \u00e0 <a href=\"https:\/\/moncompte.actu.fr\" title=\"D\u00e9couvez Mon Actu\" rel=\"nofollow noopener\" data-trk=\"{&quot;cta&quot;:{&quot;action&quot;:&quot;https:\\\/\\\/moncompte.actu.fr&quot;,&quot;category&quot;:&quot;mon compte&quot;,&quot;from&quot;:&quot;article footer&quot;,&quot;name&quot;:&quot;Mon actu&quot;,&quot;type&quot;:&quot;cta&quot;}}\" target=\"_blank\">Mon Actu<\/a>.<\/p>\n","protected":false},"excerpt":{"rendered":"Par Lou Batteux Publi\u00e9 le 5 ao\u00fbt 2025 \u00e0 9h41 Lundi 4\u00a0ao\u00fbt 2025, une voiture a pris feu&hellip;\n","protected":false},"author":2,"featured_media":297604,"comment_status":"","ping_status":"","sticky":false,"template":"","format":"standard","meta":{"footnotes":""},"categories":[2821],"tags":[1111,11,829,1777,674,118,1011,27,1310,12,1311,584,25],"class_list":{"0":"post-297603","1":"post","2":"type-post","3":"status-publish","4":"format-standard","5":"has-post-thumbnail","7":"category-rennes","8":"tag-actu","9":"tag-actualites","10":"tag-bretagne","11":"tag-eu","12":"tag-europe","13":"tag-faits-divers","14":"tag-fr","15":"tag-france","16":"tag-incendie","17":"tag-news","18":"tag-pompiers","19":"tag-rennes","20":"tag-republique-francaise"},"share_on_mastodon":{"url":"https:\/\/pubeurope.com\/@fr\/114975127877009338","error":""},"_links":{"self":[{"href":"https:\/\/www.europesays.com\/fr\/wp-json\/wp\/v2\/posts\/297603","targetHints":{"allow":["GET"]}}],"collection":[{"href":"https:\/\/www.europesays.com\/fr\/wp-json\/wp\/v2\/posts"}],"about":[{"href":"https:\/\/www.europesays.com\/fr\/wp-json\/wp\/v2\/types\/post"}],"author":[{"embeddable":true,"href":"https:\/\/www.europesays.com\/fr\/wp-json\/wp\/v2\/users\/2"}],"replies":[{"embeddable":true,"href":"https:\/\/www.europesays.com\/fr\/wp-json\/wp\/v2\/comments?post=297603"}],"version-history":[{"count":0,"href":"https:\/\/www.europesays.com\/fr\/wp-json\/wp\/v2\/posts\/297603\/revisions"}],"wp:featuredmedia":[{"embeddable":true,"href":"https:\/\/www.europesays.com\/fr\/wp-json\/wp\/v2\/media\/297604"}],"wp:attachment":[{"href":"https:\/\/www.europesays.com\/fr\/wp-json\/wp\/v2\/media?parent=297603"}],"wp:term":[{"taxonomy":"category","embeddable":true,"href":"https:\/\/www.europesays.com\/fr\/wp-json\/wp\/v2\/categories?post=297603"},{"taxonomy":"post_tag","embeddable":true,"href":"https:\/\/www.europesays.com\/fr\/wp-json\/wp\/v2\/tags?post=297603"}],"curies":[{"name":"wp","href":"https:\/\/api.w.org\/{rel}","templated":true}]}}