{"id":297605,"date":"2025-08-05T08:06:11","date_gmt":"2025-08-05T08:06:11","guid":{"rendered":"https:\/\/www.europesays.com\/fr\/297605\/"},"modified":"2025-08-05T08:06:11","modified_gmt":"2025-08-05T08:06:11","slug":"le-congres-de-labf-en-2026-prevu-a-rennes-autour-de-lhospitalite","status":"publish","type":"post","link":"https:\/\/www.europesays.com\/fr\/297605\/","title":{"rendered":"Le congr\u00e8s de l&rsquo;ABF, en 2026, pr\u00e9vu \u00e0 Rennes autour de \u201cl&rsquo;hospitalit\u00e9\u201d"},"content":{"rendered":"<p>Plus ancienne association de biblioth\u00e9caires en France, l&rsquo;ABF revendique quelque 2000 adh\u00e9rents, dont elle d\u00e9fend les m\u00e9tiers. Chaque ann\u00e9e, son congr\u00e8s, articul\u00e9 autour d&rsquo;un th\u00e8me, permet \u00e0 la profession de se retrouver, d&rsquo;\u00e9changer, de s&rsquo;organiser et, ainsi, de participer aux \u00e9volutions du secteur et de r\u00e9fl\u00e9chir sur les conditions de travail.<\/p>\n<p>Le 70e congr\u00e8s annuel de l&rsquo;organisation s&rsquo;est tenu \u00e0 Montreuil, du 11 au 13 juin dernier, autour de la th\u00e9matique de l&rsquo;esprit critique. L&rsquo;ABF indique qu&rsquo;\u00e0 cette occasion, un record de participation a \u00e9t\u00e9 battu, avec \u00ab\u2009plus de 1150 personnes pr\u00e9sentes sur les trois jours\u2009\u00bb.<\/p>\n<p>Parall\u00e8lement au colloque international, constitu\u00e9 de conf\u00e9rences, de tables rondes, mais aussi d&rsquo;ateliers, d&rsquo;allocutions et de d\u00e9bats, plusieurs dizaines d&rsquo;exposants se tenaient \u00e0 disposition des professionnels, pour des rencontres, discussions et pr\u00e9sentations.<\/p>\n<p>Pour les absents, l&rsquo;ensemble des captations de ces journ\u00e9es se retrouve <a href=\"https:\/\/www.abf.asso.fr\/2\/229\/1103\/ABF\/70e-congres-11-13-juin-2025-montreuil\" target=\"_blank\" rel=\"noopener\">sur le site de l&rsquo;ABF, \u00e0 cette adresse<\/a>.<\/p>\n<p style=\"text-align: right;\"><a href=\"https:\/\/actualitte.com\/article\/124859\/tribunes\/no-pasaran-dans-les-bibliotheques-la-vigilance-est-de-mise\" target=\"_blank\" rel=\"noopener\"><strong>\u00c0 LIRE &#8211; No pasaran ! Dans les biblioth\u00e8ques, \u201cla vigilance est de mise\u201d<\/strong><\/a><\/p>\n<p>L&rsquo;organisation professionnelle a d\u00e9j\u00e0 arr\u00eat\u00e9 le lieu de rendez-vous pour le congr\u00e8s 2026 : il se d\u00e9roulera \u00e0 Rennes, du 17 au 19 juin 2026, sur le th\u00e8me de l&rsquo;hospitalit\u00e9. Cette derni\u00e8re s&rsquo;incarne bien \u00e9videmment dans la gratuit\u00e9 et la libert\u00e9 d&rsquo;acc\u00e8s aux \u00e9tablissements de lecture publique, un des grands principes des m\u00e9tiers des biblioth\u00e8ques.<\/p>\n<p>Photographie : illustration, ActuaLitt\u00e9, CC BY SA 2.0<\/p>\n<\/p>\n<p>\u00a0<\/p>\n<\/p>\n<p class=\"article-signature\">Par <a class=\"article-signature_url\" href=\"https:\/\/actualitte.com\/auteurs\/215\/antoine-oury\" target=\"_blank\" rel=\"noopener\">Antoine Oury<\/a><br \/>Contact : <a class=\"article-signature_mail\" href=\"https:\/\/actualitte.com\/article\/125391\/bibliotheque\/mailto:ao@actualitte.com\" target=\"_blank\" rel=\"noopener\">ao@actualitte.com<\/a><\/p>\n","protected":false},"excerpt":{"rendered":"Plus ancienne association de biblioth\u00e9caires en France, l&rsquo;ABF revendique quelque 2000 adh\u00e9rents, dont elle d\u00e9fend les m\u00e9tiers. Chaque&hellip;\n","protected":false},"author":2,"featured_media":297606,"comment_status":"","ping_status":"","sticky":false,"template":"","format":"standard","meta":{"footnotes":""},"categories":[2821],"tags":[1111,11,829,1777,674,1011,27,12,584,25],"class_list":{"0":"post-297605","1":"post","2":"type-post","3":"status-publish","4":"format-standard","5":"has-post-thumbnail","7":"category-rennes","8":"tag-actu","9":"tag-actualites","10":"tag-bretagne","11":"tag-eu","12":"tag-europe","13":"tag-fr","14":"tag-france","15":"tag-news","16":"tag-rennes","17":"tag-republique-francaise"},"share_on_mastodon":{"url":"https:\/\/pubeurope.com\/@fr\/114975131842562019","error":""},"_links":{"self":[{"href":"https:\/\/www.europesays.com\/fr\/wp-json\/wp\/v2\/posts\/297605","targetHints":{"allow":["GET"]}}],"collection":[{"href":"https:\/\/www.europesays.com\/fr\/wp-json\/wp\/v2\/posts"}],"about":[{"href":"https:\/\/www.europesays.com\/fr\/wp-json\/wp\/v2\/types\/post"}],"author":[{"embeddable":true,"href":"https:\/\/www.europesays.com\/fr\/wp-json\/wp\/v2\/users\/2"}],"replies":[{"embeddable":true,"href":"https:\/\/www.europesays.com\/fr\/wp-json\/wp\/v2\/comments?post=297605"}],"version-history":[{"count":0,"href":"https:\/\/www.europesays.com\/fr\/wp-json\/wp\/v2\/posts\/297605\/revisions"}],"wp:featuredmedia":[{"embeddable":true,"href":"https:\/\/www.europesays.com\/fr\/wp-json\/wp\/v2\/media\/297606"}],"wp:attachment":[{"href":"https:\/\/www.europesays.com\/fr\/wp-json\/wp\/v2\/media?parent=297605"}],"wp:term":[{"taxonomy":"category","embeddable":true,"href":"https:\/\/www.europesays.com\/fr\/wp-json\/wp\/v2\/categories?post=297605"},{"taxonomy":"post_tag","embeddable":true,"href":"https:\/\/www.europesays.com\/fr\/wp-json\/wp\/v2\/tags?post=297605"}],"curies":[{"name":"wp","href":"https:\/\/api.w.org\/{rel}","templated":true}]}}