{"id":297607,"date":"2025-08-05T08:07:14","date_gmt":"2025-08-05T08:07:14","guid":{"rendered":"https:\/\/www.europesays.com\/fr\/297607\/"},"modified":"2025-08-05T08:07:14","modified_gmt":"2025-08-05T08:07:14","slug":"a-la-braderie-rosbif-et-bonnes-affaires","status":"publish","type":"post","link":"https:\/\/www.europesays.com\/fr\/297607\/","title":{"rendered":"\u00e0 la braderie, rosbif et bonnes affaires"},"content":{"rendered":"<p>Une braderie, c\u2019est le seul endroit o\u00f9 peuvent se c\u00f4toyer un \u00e9tal de saucissons secs et une vendeuse de tatouages \u00e0 paillettes. Et celle de Schiltigheim, qui a rassembl\u00e9 150 commer\u00e7ants non s\u00e9dentaires ce lundi 4\u00a0ao\u00fbt, n\u2019a pas d\u00e9rog\u00e9 \u00e0 la r\u00e8gle.<\/p>\n<p>Toute la journ\u00e9e, clients et exposants ont pu profiter d\u2019une m\u00e9t\u00e9o cl\u00e9mente, parfois ensoleill\u00e9e, pour faire des affaires. Et ce, malgr\u00e9 un <a href=\"https:\/\/www.dna.fr\/societe\/2025\/07\/07\/le-taux-de-pauvrete-et-les-inegalites-au-plus-haut-depuis-30-ans\" target=\"_blank\" rel=\"noopener\">budget serr\u00e9<\/a>. Pour sa premi\u00e8re \u00e0 <a href=\"https:\/\/www.dna.fr\/culture-loisirs\/2024\/07\/08\/a-schiltigheim-les-bonnes-affaires-ont-un-mois-d-avance\" target=\"_blank\" rel=\"noopener\">la braderie schilikoise organis\u00e9e par l\u2019Union des commer\u00e7ants et artisans<\/a> (Ucas), V\u00e9ronique, vendeuse de th\u00e9s et tisanes en tout genre, est satisfaite, \u00ab\u00a0m\u00eame s\u2019il y a moins de ventes que d\u2019habitude\u00a0: depuis deux ans, les clients regardent plus \u00e0 la d\u00e9pense\u00a0\u00bb.<\/p>\n<p>Brocante&#8230;                        <\/p>\n","protected":false},"excerpt":{"rendered":"Une braderie, c\u2019est le seul endroit o\u00f9 peuvent se c\u00f4toyer un \u00e9tal de saucissons secs et une vendeuse&hellip;\n","protected":false},"author":2,"featured_media":297608,"comment_status":"","ping_status":"","sticky":false,"template":"","format":"standard","meta":{"footnotes":""},"categories":[2820],"tags":[1111,11,2389,2649,1687,2880,1777,674,3326,107,1011,27,775,2089,12,25,5512,640,3265],"class_list":{"0":"post-297607","1":"post","2":"type-post","3":"status-publish","4":"format-standard","5":"has-post-thumbnail","7":"category-strasbourg","8":"tag-actu","9":"tag-actualites","10":"tag-alsace","11":"tag-bas-rhin","12":"tag-culture-loisirs","13":"tag-edition-strasbourg","14":"tag-eu","15":"tag-europe","16":"tag-fete-locale","17":"tag-fil-info","18":"tag-fr","19":"tag-france","20":"tag-grand-est","21":"tag-marche","22":"tag-news","23":"tag-republique-francaise","24":"tag-schiltigheim","25":"tag-strasbourg","26":"tag-strasbourg-nord"},"share_on_mastodon":{"url":"https:\/\/pubeurope.com\/@fr\/114975135753269164","error":""},"_links":{"self":[{"href":"https:\/\/www.europesays.com\/fr\/wp-json\/wp\/v2\/posts\/297607","targetHints":{"allow":["GET"]}}],"collection":[{"href":"https:\/\/www.europesays.com\/fr\/wp-json\/wp\/v2\/posts"}],"about":[{"href":"https:\/\/www.europesays.com\/fr\/wp-json\/wp\/v2\/types\/post"}],"author":[{"embeddable":true,"href":"https:\/\/www.europesays.com\/fr\/wp-json\/wp\/v2\/users\/2"}],"replies":[{"embeddable":true,"href":"https:\/\/www.europesays.com\/fr\/wp-json\/wp\/v2\/comments?post=297607"}],"version-history":[{"count":0,"href":"https:\/\/www.europesays.com\/fr\/wp-json\/wp\/v2\/posts\/297607\/revisions"}],"wp:featuredmedia":[{"embeddable":true,"href":"https:\/\/www.europesays.com\/fr\/wp-json\/wp\/v2\/media\/297608"}],"wp:attachment":[{"href":"https:\/\/www.europesays.com\/fr\/wp-json\/wp\/v2\/media?parent=297607"}],"wp:term":[{"taxonomy":"category","embeddable":true,"href":"https:\/\/www.europesays.com\/fr\/wp-json\/wp\/v2\/categories?post=297607"},{"taxonomy":"post_tag","embeddable":true,"href":"https:\/\/www.europesays.com\/fr\/wp-json\/wp\/v2\/tags?post=297607"}],"curies":[{"name":"wp","href":"https:\/\/api.w.org\/{rel}","templated":true}]}}